{"id":2032,"date":"2017-11-24T15:04:50","date_gmt":"2017-11-24T14:04:50","guid":{"rendered":"http:\/\/fleschmazowsza.com.pl\/?p=2032"},"modified":"2017-11-24T15:04:50","modified_gmt":"2017-11-24T14:04:50","slug":"ruszyly-przygotowania-do-budowy-lotniska","status":"publish","type":"post","link":"https:\/\/fleschmazowsza.com.pl\/?p=2032","title":{"rendered":"Ruszy\u0142y przygotowania do budowy lotniska"},"content":{"rendered":"<p><strong>Rada Ministr\u00f3w przyj\u0119\u0142a uchwa\u0142\u0119 dotycz\u0105c\u0105 koncepcji przygotowania i budowy Centralnego Portu Komunikacyjnego w Baranowie. Pierwszych pasa\u017cer\u00f3w, zgodnie z rz\u0105dowymi zapowiedziami, port lotniczy \u201eSolidarno\u015b\u0107\u201d obs\u0142u\u017cy ju\u017c za 10 lat.<\/strong><\/p>\n<p style=\"text-align: center;\"><strong>Lotnisko w Baranowie<\/strong><\/p>\n<p>Wed\u0142ug wylicze\u0144 i prognoz ekspert\u00f3w z Urz\u0119du Lotnictwa Cywilnego, w 2030 roku rynek lotniczy w Polsce b\u0119dzie blisko dwukrotnie wi\u0119kszy ni\u017c obecnie. Rodzi to problem przepustowo\u015bci g\u0142\u00f3wnych lotnisk w kraju, w tym mi\u0119dzy innymi warszawskiego Ok\u0119cia, kt\u00f3re wed\u0142ug wska\u017anik\u00f3w do 2035 roku ma obs\u0142ugiwa\u0107 ponad 22 miliony pasa\u017cer\u00f3w rocznie. Jak podkre\u015blaj\u0105 eksperci z LOTu, przekroczenie tej granicy b\u0119dzie oznacza\u0107 dla Lotniska Chopina konieczno\u015b\u0107 zmniejszenia operacji, poniewa\u017c zabraknie na nim miejsca do obs\u0142ugi pasa\u017cer\u00f3w. Centralny Port Komunikacyjny (CPK) to inwestycja, kt\u00f3ra ma by\u0107 odpowiedzi\u0105 na rosn\u0105cy rynek przewo\u017anik\u00f3w samolotowych. Lotnisko ma powsta\u0107 w miejscowo\u015bci Stanis\u0142aw\u00f3w, w gminie Baran\u00f3w, pomi\u0119dzy drog\u0105 krajow\u0105 nr 50 a drog\u0105 wojew\u00f3dzk\u0105 nr 579. Centralny Port Komunikacyjny zajmie \u0142\u0105cznie obszar o powierzchni 11,4 tys. hektar\u00f3w, z czego lotnisko z niezb\u0119dn\u0105 infrastruktur\u0105 ma zajmowa\u0107 oko\u0142o 3 tys. hektar\u00f3w. Lotnisko b\u0119dzie nosi\u0107 nazw\u0119 port lotniczy \u201eSolidarno\u015b\u0107\u201d.<\/p>\n<p style=\"text-align: center;\"><strong>Prace nabieraj\u0105 tempa<\/strong><\/p>\n<p>Przygotowania do budowy Centralnego Portu Komunikacyjnego nabieraj\u0105 tempa. We wtorek, 7 listopada br., Rada Ministr\u00f3w podj\u0119\u0142a uchwa\u0142\u0119 w sprawie powstania Centralnego Portu Komunikacyjnego w Stanis\u0142awowie. Ponadto, Miko\u0142aj Wild, pe\u0142nomocnik rz\u0105du do spraw CPK poinformowa\u0142, \u017ce w najbli\u017cszych tygodniach ma zosta\u0107 przygotowana specustawa, kt\u00f3ra u\u0142atwi realizacj\u0119 inwestycji. Do \u017cycia ma zosta\u0107 powo\u0142ana r\u00f3wnie\u017c sp\u00f3\u0142ka Skarbu Pa\u0144stwa, kt\u00f3ra b\u0119dzie realizowa\u0107 zadania zwi\u0105zane z Centralnym Portem Komunikacyjnym.<\/p>\n<p>&#8211; Centralny Port Komunikacyjny ma funkcjonowa\u0107 jako w\u0119ze\u0142 transportowy oparty na zintegrowanych ze sob\u0105 w\u0119z\u0142ach: lotniczym i kolejowym, sp\u00f3jnych z uk\u0142adem sieci drogowej. Ma to by\u0107 rentowny, innowacyjny w\u0119ze\u0142 transportowy, kt\u00f3ry wprowadzi nas do pierwszej dziesi\u0105tki najlepszych port\u00f3w lotniczych \u015bwiata (\u2026). Przewidziano tak\u017ce stworzenie prawnych i infrastrukturalnych warunk\u00f3w do ulokowania w otoczeniu portu \u201eSolidarno\u015b\u0107\u201d nowego miasta, w sk\u0142ad kt\u00f3rego mog\u0142yby wchodzi\u0107 np. parki biznesu, centrum targowo-wystawiennicze i kongresowe obs\u0142uguj\u0105ce region Europy \u015arodkowej, a tak\u017ce inne centra konferencyjne oraz obiekty biurowo-administracyjne. Oznacza to, \u017ce od pocz\u0105tku w spos\u00f3b przemy\u015blany b\u0119dzie mo\u017cna stworzy\u0107 nowe miasto \u2013 czytamy w komunikacie rz\u0105dowym.<\/p>\n<p>Wed\u0142ug za\u0142o\u017ce\u0144, port lotniczy ,Solidarno\u015b\u0107\u201d obs\u0142u\u017cy pierwszych pasa\u017cer\u00f3w ju\u017c w 2027 roku. Do tego czasu b\u0119d\u0105 trwa\u0107 wszelkie dzia\u0142ania projektowe, legislacyjne i budowlane. Budowa Centralnego Portu Komunikacyjnego ma poch\u0142on\u0105\u0107 oko\u0142o 31 \u2013 35 mld z\u0142.<\/p>\n<p style=\"text-align: right;\"><strong>Kinga Rochalska<\/strong><\/p>\n","protected":false},"excerpt":{"rendered":"<p>Rada Ministr\u00f3w przyj\u0119\u0142a uchwa\u0142\u0119 dotycz\u0105c\u0105 koncepcji przygotowania i budowy Centralnego Portu Komunikacyjnego w Baranowie. Pierwszych pasa\u017cer\u00f3w, zgodnie z rz\u0105dowymi zapowiedziami, port lotniczy \u201eSolidarno\u015b\u0107\u201d obs\u0142u\u017cy ju\u017c za 10 lat. Lotnisko w Baranowie Wed\u0142ug wylicze\u0144 i prognoz ekspert\u00f3w z Urz\u0119du Lotnictwa Cywilnego, w 2030 roku rynek lotniczy w Polsce b\u0119dzie blisko dwukrotnie wi\u0119kszy ni\u017c obecnie. Rodzi to [&hellip;]<\/p>\n","protected":false},"author":2,"featured_media":1833,"comment_status":"closed","ping_status":"open","sticky":false,"template":"","format":"standard","meta":{"footnotes":""},"categories":[5],"tags":[],"class_list":["post-2032","post","type-post","status-publish","format-standard","has-post-thumbnail","hentry","category-wiadomosci"],"_links":{"self":[{"href":"https:\/\/fleschmazowsza.com.pl\/index.php?rest_route=\/wp\/v2\/posts\/2032","targetHints":{"allow":["GET"]}}],"collection":[{"href":"https:\/\/fleschmazowsza.com.pl\/index.php?rest_route=\/wp\/v2\/posts"}],"about":[{"href":"https:\/\/fleschmazowsza.com.pl\/index.php?rest_route=\/wp\/v2\/types\/post"}],"author":[{"embeddable":true,"href":"https:\/\/fleschmazowsza.com.pl\/index.php?rest_route=\/wp\/v2\/users\/2"}],"replies":[{"embeddable":true,"href":"https:\/\/fleschmazowsza.com.pl\/index.php?rest_route=%2Fwp%2Fv2%2Fcomments&post=2032"}],"version-history":[{"count":1,"href":"https:\/\/fleschmazowsza.com.pl\/index.php?rest_route=\/wp\/v2\/posts\/2032\/revisions"}],"predecessor-version":[{"id":2033,"href":"https:\/\/fleschmazowsza.com.pl\/index.php?rest_route=\/wp\/v2\/posts\/2032\/revisions\/2033"}],"wp:featuredmedia":[{"embeddable":true,"href":"https:\/\/fleschmazowsza.com.pl\/index.php?rest_route=\/wp\/v2\/media\/1833"}],"wp:attachment":[{"href":"https:\/\/fleschmazowsza.com.pl\/index.php?rest_route=%2Fwp%2Fv2%2Fmedia&parent=2032"}],"wp:term":[{"taxonomy":"category","embeddable":true,"href":"https:\/\/fleschmazowsza.com.pl\/index.php?rest_route=%2Fwp%2Fv2%2Fcategories&post=2032"},{"taxonomy":"post_tag","embeddable":true,"href":"https:\/\/fleschmazowsza.com.pl\/index.php?rest_route=%2Fwp%2Fv2%2Ftags&post=2032"}],"curies":[{"name":"wp","href":"https:\/\/api.w.org\/{rel}","templated":true}]}}