{"id":2022,"date":"2017-11-17T12:10:34","date_gmt":"2017-11-17T11:10:34","guid":{"rendered":"http:\/\/fleschmazowsza.com.pl\/?p=2022"},"modified":"2017-11-17T12:10:34","modified_gmt":"2017-11-17T11:10:34","slug":"ursus-centrum-lokalne-niedzwiadek-powstanie-do-konca-2019-r","status":"publish","type":"post","link":"https:\/\/fleschmazowsza.com.pl\/?p=2022","title":{"rendered":"URSUS. Centrum Lokalne \u201eNied\u017awiadek\u201d powstanie do ko\u0144ca 2019 r."},"content":{"rendered":"<p><strong>W 2016 roku mieszka\u0144cy, architekci i przedstawiciele Urz\u0119du Dzielnicy Ursus w trakcie konsultacji spo\u0142ecznych i warsztat\u00f3w wypracowali koncepcj\u0119 rewitalizacji Centrum Lokalnego \u201eNied\u017awiadek\u201d. W\u0142adze miasta zapewniaj\u0105, \u017ce projekt zostanie zrealizowany do ko\u0144ca 2019 roku.<\/strong><\/p>\n<p>Projekt Centrum Lokalnego \u201eNied\u017awiadek\u201d zak\u0142ada zmiany architektoniczne na obszarze prawie 9 hektar\u00f3w Osiedla Nied\u017awiadek. Inwestycja zostanie zrealizowana na obszarze obejmuj\u0105cym park Hass\u00f3w, p\u0142ywalni\u0119 \u201eAlbatros\u201d, targowisko \u201eCentrum Handlowe-Sp\u00f3\u0142ka Kupc\u00f3w Ursus\u201d, plac zabaw \u201eHasanka\u201d oraz teren wzd\u0142u\u017c tor\u00f3w PKP.<\/p>\n<p>Realizacja projektu ma na celu zwi\u0119kszenie funkcjonalno\u015bci powierzchni, na kt\u00f3rej toczy si\u0119 codzienna aktywno\u015b\u0107 mieszka\u0144c\u00f3w. Ze wzgl\u0119du na du\u017cy zakres i koszt przekszta\u0142ce\u0144 terenu inwestycja powstanie w dw\u00f3ch etapach.<\/p>\n<p>Realizacja I etapu inwestycji o warto\u015bci ponad 6 mln z\u0142 rozpocznie si\u0119 ju\u017c w 2018 roku. Du\u017ce zmiany zobaczymy w\u00f3wczas na przestrzeni wok\u00f3\u0142 pawilon\u00f3w handlowych i okalaj\u0105cych je ulicach. Zaplanowano wyniesienie do poziomu chodnik\u00f3w fragmentu ulicy Orl\u0105t Lwowskich i ulicy Wojciechowskiego, na odcinku od skweru z pomnikiem Prezydenta Stanis\u0142awa Wojciechowskiego do placu zabaw \u201eHasanka\u201d, otwarcie Parku Hass\u00f3w na powsta\u0142y plac, wyposa\u017cenie go w elementy ma\u0142ej architektury i nowe nasadzenia zieleni. W tym miejscu zostanie utworzona strefa ruchu \u201e30\u201d. Z terenu wok\u00f3\u0142 pawilon\u00f3w w okolice tor\u00f3w PKP zostanie przeniesiony parking dla samochod\u00f3w. Nowe miejsca parkingowe powstan\u0105 tak\u017ce wzd\u0142u\u017c ulicy Orl\u0105t Lwowskich. W tym etapie prac dzielnica zmodernizuje tak\u017ce teren przy pawilonach \u2013 zmieniona zostanie nawierzchnia placu, a przestrze\u0144 zyska nowe nasadzenia, \u0142awki, o\u015bwietlenia, kosze i inne elementy ma\u0142ej architektury.<\/p>\n<p>W II etapie, kt\u00f3rego warto\u015b\u0107 szacuje si\u0119 na ponad 5,5 mln z\u0142, gruntown\u0105 modernizacj\u0119 przejdzie teren placu zabaw \u201eHasanka\u201d. Prace zak\u0142adaj\u0105 wymian\u0119 nawierzchni, zmodernizowanie fontanny, pergoli i boiska dla najm\u0142odszych, a tak\u017ce budow\u0119 kawiarenki. Du\u017ce zmiany przejdzie tak\u017ce Park Hass\u00f3w, gdzie opr\u00f3cz wymiany nawierzchni alejek parkowych, rewitalizacji fontanny i pergoli powstanie kawiarenka, boisko dla najm\u0142odszych, \u015bcie\u017cka botaniczna oraz si\u0142ownia plenerowa. W tym etapie prac wschodnia cz\u0119\u015b\u0107 terenu Centrum Lokalnego \u201eNied\u017awiadek\u201d wzd\u0142u\u017c torowiska zostanie w ca\u0142o\u015bci przeznaczona pod budow\u0119 nowej strefy sport\u00f3w dla m\u0142odzie\u017cy. Powstan\u0105 tam boiska, skatepark i \u015bcie\u017cka rowerowa. O szczeg\u00f3\u0142ach zadecyduj\u0105 sami mieszka\u0144cy. Inwestycja ma zosta\u0107 zrealizowana do ko\u0144ca 2019 roku.<\/p>\n<p style=\"text-align: right;\"><strong>Kinga Rochalska<\/strong><\/p>\n<p style=\"text-align: right;\">Fot. <strong><em>Urz\u0105d Dzielnicy Ursus<\/em><\/strong><\/p>\n","protected":false},"excerpt":{"rendered":"<p>W 2016 roku mieszka\u0144cy, architekci i przedstawiciele Urz\u0119du Dzielnicy Ursus w trakcie konsultacji spo\u0142ecznych i warsztat\u00f3w wypracowali koncepcj\u0119 rewitalizacji Centrum Lokalnego \u201eNied\u017awiadek\u201d. W\u0142adze miasta zapewniaj\u0105, \u017ce projekt zostanie zrealizowany do ko\u0144ca 2019 roku. Projekt Centrum Lokalnego \u201eNied\u017awiadek\u201d zak\u0142ada zmiany architektoniczne na obszarze prawie 9 hektar\u00f3w Osiedla Nied\u017awiadek. Inwestycja zostanie zrealizowana na obszarze obejmuj\u0105cym park Hass\u00f3w, [&hellip;]<\/p>\n","protected":false},"author":2,"featured_media":2023,"comment_status":"closed","ping_status":"open","sticky":false,"template":"","format":"standard","meta":{"footnotes":""},"categories":[8,5],"tags":[],"class_list":["post-2022","post","type-post","status-publish","format-standard","has-post-thumbnail","hentry","category-roznosci","category-wiadomosci"],"_links":{"self":[{"href":"https:\/\/fleschmazowsza.com.pl\/index.php?rest_route=\/wp\/v2\/posts\/2022","targetHints":{"allow":["GET"]}}],"collection":[{"href":"https:\/\/fleschmazowsza.com.pl\/index.php?rest_route=\/wp\/v2\/posts"}],"about":[{"href":"https:\/\/fleschmazowsza.com.pl\/index.php?rest_route=\/wp\/v2\/types\/post"}],"author":[{"embeddable":true,"href":"https:\/\/fleschmazowsza.com.pl\/index.php?rest_route=\/wp\/v2\/users\/2"}],"replies":[{"embeddable":true,"href":"https:\/\/fleschmazowsza.com.pl\/index.php?rest_route=%2Fwp%2Fv2%2Fcomments&post=2022"}],"version-history":[{"count":1,"href":"https:\/\/fleschmazowsza.com.pl\/index.php?rest_route=\/wp\/v2\/posts\/2022\/revisions"}],"predecessor-version":[{"id":2024,"href":"https:\/\/fleschmazowsza.com.pl\/index.php?rest_route=\/wp\/v2\/posts\/2022\/revisions\/2024"}],"wp:featuredmedia":[{"embeddable":true,"href":"https:\/\/fleschmazowsza.com.pl\/index.php?rest_route=\/wp\/v2\/media\/2023"}],"wp:attachment":[{"href":"https:\/\/fleschmazowsza.com.pl\/index.php?rest_route=%2Fwp%2Fv2%2Fmedia&parent=2022"}],"wp:term":[{"taxonomy":"category","embeddable":true,"href":"https:\/\/fleschmazowsza.com.pl\/index.php?rest_route=%2Fwp%2Fv2%2Fcategories&post=2022"},{"taxonomy":"post_tag","embeddable":true,"href":"https:\/\/fleschmazowsza.com.pl\/index.php?rest_route=%2Fwp%2Fv2%2Ftags&post=2022"}],"curies":[{"name":"wp","href":"https:\/\/api.w.org\/{rel}","templated":true}]}}