{"id":2006,"date":"2017-11-14T15:30:30","date_gmt":"2017-11-14T14:30:30","guid":{"rendered":"http:\/\/fleschmazowsza.com.pl\/?p=2006"},"modified":"2017-11-14T15:30:30","modified_gmt":"2017-11-14T14:30:30","slug":"co-dalej-z-zakladami-ursus","status":"publish","type":"post","link":"https:\/\/fleschmazowsza.com.pl\/?p=2006","title":{"rendered":"Co dalej z Zak\u0142adami \u201eUrsus\u201d?"},"content":{"rendered":"<p><strong>Wojew\u00f3dzki konserwator zabytk\u00f3w, prof. Jakub Lewicki, uzna\u0142 ostatecznie, i\u017c pofabryczne hale Zak\u0142ad\u00f3w Mechanicznych \u201eUrsus\u201d nie mog\u0105 by\u0107 rozebrane \u201ez uwagi na zachowane warto\u015bci historyczne oraz artystyczne\u201d. Hale zosta\u0142y wpisane do rejestru zabytk\u00f3w.<\/strong><\/p>\n<p>O rozbi\u00f3rce hal dawnej fabryki traktor\u00f3w \u201eUrsus\u201d informowali\u015bmy na \u0142amach naszej gazety kilka miesi\u0119cy temu. W\u00f3wczas Sto\u0142eczny Konserwator Zabytk\u00f3w, Micha\u0142 Krasucki, poinformowa\u0142, \u017ce pofabryczne hale Zak\u0142ad\u00f3w Mechanicznych \u201eUrsus\u201d s\u0105 cz\u0119\u015bciowo rozbierane. Po zawiadomieniu organ\u00f3w o zdarzeniu, Powiatowy Inspektorat Nadzoru Budowlanego zg\u0142osi\u0142 do prokuratury spraw\u0119 niezgodnej z prawem rozbi\u00f3rki zabytkowych hal fabryki traktor\u00f3w w Ursusie.<\/p>\n<p>G\u0142\u00f3wnym podejrzanym w sprawie jest sp\u00f3\u0142ka CPD S.A., kt\u00f3ra kupi\u0142a od syndyka kilkadziesi\u0105t hektar\u00f3w terenu dawnej fabryki traktor\u00f3w na cele inwestycyjne. Sp\u00f3\u0142ka wyst\u0119powa\u0142a ju\u017c wcze\u015bniej do Powiatowego Inspektora Nadzoru Budowlanego o zgod\u0119 na rozbi\u00f3rk\u0119 zabytkowych hal. Organ jednak odm\u00f3wi\u0142. Nieoficjalnie wiadomo, \u017ce deweloper nie przyznaje si\u0119 do nielegalnej rozbi\u00f3rki hal, a przedstawiciele Sp\u00f3\u0142ki twierdz\u0105, \u017ce hale uleg\u0142y zawaleniu. Spraw\u0105 zajmuje si\u0119 prokuratura.<\/p>\n<p>Ostatecznie nowy wojew\u00f3dzki konserwator zabytk\u00f3w, prof. Jakub Lewicki, uzna\u0142, i\u017c pofabryczne hale Zak\u0142ad\u00f3w Mechanicznych \u201eUrsus\u201d nie mog\u0105 by\u0107 rozebrane \u201ez uwagi na zachowane warto\u015bci historyczne oraz artystyczne\u201d. Hale z gminnej ewidencji zabytk\u00f3w awansowa\u0142y do rejestru wojew\u00f3dzkiego, co chroni je przed zakusami deweloper\u00f3w o wiele skuteczniej.<\/p>\n<p>Na wpisany do rejestru zabytk\u00f3w kompleks sk\u0142adaj\u0105 si\u0119 wymienione przez konserwatora zabytk\u00f3w elementy: odlewnia aluminium, modelarnia, relikty odlewni \u017celiwa (elewacja frontowa po\u0142udniowa oraz zachowane fragmenty \u015bcian bocznych \u2013 6 osi), budynek frontowy hali warsztat\u00f3w mechanicznych, relikty magazynu wsadowego odlewni (elewacja frontowa oraz elewacja wschodnia \u2013 8 prz\u0119se\u0142), relikty odlewni br\u0105zu (elewacja wschodnia).<\/p>\n<p>Co teraz stanie si\u0119 z pofabrycznymi halami? Teren ten m\u00f3g\u0142by zosta\u0107 przeznaczony pod inwestycje mieszkaniowe wielorodzinne, a tak\u017ce rekreacj\u0119 i us\u0142ugi. Nic jednak nie wskazuje na to, \u017ce potencjalni inwestorzy podejm\u0105 prace remontowe w wpisanych do rejestru zabytk\u00f3w budynkach.<\/p>\n","protected":false},"excerpt":{"rendered":"<p>Wojew\u00f3dzki konserwator zabytk\u00f3w, prof. Jakub Lewicki, uzna\u0142 ostatecznie, i\u017c pofabryczne hale Zak\u0142ad\u00f3w Mechanicznych \u201eUrsus\u201d nie mog\u0105 by\u0107 rozebrane \u201ez uwagi na zachowane warto\u015bci historyczne oraz artystyczne\u201d. Hale zosta\u0142y wpisane do rejestru zabytk\u00f3w. O rozbi\u00f3rce hal dawnej fabryki traktor\u00f3w \u201eUrsus\u201d informowali\u015bmy na \u0142amach naszej gazety kilka miesi\u0119cy temu. W\u00f3wczas Sto\u0142eczny Konserwator Zabytk\u00f3w, Micha\u0142 Krasucki, poinformowa\u0142, \u017ce [&hellip;]<\/p>\n","protected":false},"author":2,"featured_media":2007,"comment_status":"closed","ping_status":"open","sticky":false,"template":"","format":"standard","meta":{"footnotes":""},"categories":[5],"tags":[],"class_list":["post-2006","post","type-post","status-publish","format-standard","has-post-thumbnail","hentry","category-wiadomosci"],"_links":{"self":[{"href":"https:\/\/fleschmazowsza.com.pl\/index.php?rest_route=\/wp\/v2\/posts\/2006","targetHints":{"allow":["GET"]}}],"collection":[{"href":"https:\/\/fleschmazowsza.com.pl\/index.php?rest_route=\/wp\/v2\/posts"}],"about":[{"href":"https:\/\/fleschmazowsza.com.pl\/index.php?rest_route=\/wp\/v2\/types\/post"}],"author":[{"embeddable":true,"href":"https:\/\/fleschmazowsza.com.pl\/index.php?rest_route=\/wp\/v2\/users\/2"}],"replies":[{"embeddable":true,"href":"https:\/\/fleschmazowsza.com.pl\/index.php?rest_route=%2Fwp%2Fv2%2Fcomments&post=2006"}],"version-history":[{"count":1,"href":"https:\/\/fleschmazowsza.com.pl\/index.php?rest_route=\/wp\/v2\/posts\/2006\/revisions"}],"predecessor-version":[{"id":2008,"href":"https:\/\/fleschmazowsza.com.pl\/index.php?rest_route=\/wp\/v2\/posts\/2006\/revisions\/2008"}],"wp:featuredmedia":[{"embeddable":true,"href":"https:\/\/fleschmazowsza.com.pl\/index.php?rest_route=\/wp\/v2\/media\/2007"}],"wp:attachment":[{"href":"https:\/\/fleschmazowsza.com.pl\/index.php?rest_route=%2Fwp%2Fv2%2Fmedia&parent=2006"}],"wp:term":[{"taxonomy":"category","embeddable":true,"href":"https:\/\/fleschmazowsza.com.pl\/index.php?rest_route=%2Fwp%2Fv2%2Fcategories&post=2006"},{"taxonomy":"post_tag","embeddable":true,"href":"https:\/\/fleschmazowsza.com.pl\/index.php?rest_route=%2Fwp%2Fv2%2Ftags&post=2006"}],"curies":[{"name":"wp","href":"https:\/\/api.w.org\/{rel}","templated":true}]}}