{"id":2000,"date":"2017-11-14T15:23:05","date_gmt":"2017-11-14T14:23:05","guid":{"rendered":"http:\/\/fleschmazowsza.com.pl\/?p=2000"},"modified":"2017-11-14T15:23:05","modified_gmt":"2017-11-14T14:23:05","slug":"mieszkanie-plus-wkracza-w-kolejny-etap","status":"publish","type":"post","link":"https:\/\/fleschmazowsza.com.pl\/?p=2000","title":{"rendered":"Mieszkanie Plus wkracza w kolejny etap"},"content":{"rendered":"<p><strong>W ramach rz\u0105dowego programu Mieszkanie Plus w Pruszkowie powstanie a\u017c 400 mieszka\u0144 \u201ena wynajem\u201d. Jednak to nie wszystko. By\u0107 mo\u017ce ju\u017c nied\u0142ugo oferta rz\u0105dowych mieszka\u0144 na wynajem w regionie poszerzy si\u0119 o kolejne inwestycje.<\/strong><\/p>\n<p>W Pruszkowie powstanie pierwszy w wojew\u00f3dztwie mazowieckim projekt mieszkalny w ramach rz\u0105dowego programu Mieszkanie Plus. Grupa Polnord S.A. (kt\u00f3ra zbudowa\u0142a m.in. Miasteczko Wilan\u00f3w) poinformowa\u0142a, \u017ce rozpocz\u0119\u0142a pierwsze prace budowlane. Ponad 400 mieszka\u0144 powstanie\u00a0 przy ul. Wary\u0144skiego 5\/7. B\u0119dzie to jednocze\u015bnie pierwsze od co najmniej 20 lat tak du\u017ce osiedle zbudowane w Polsce w ca\u0142o\u015bci w technologii prefabrykowanej, czyli z tzw. wielkiej p\u0142yty. Inwestycja ma zosta\u0107 oddana do u\u017cytku do 2019 roku.<\/p>\n<p style=\"text-align: center;\"><strong>Deficyt informacji<\/strong><\/p>\n<p>Nie ma jeszcze informacji dotycz\u0105cych mo\u017cliwo\u015bci sk\u0142adania wniosk\u00f3w o przyznanie mieszkania w ramach rz\u0105dowego programu.<\/p>\n<p>\u2013 Obecnie nie znamy zasad na jakich lokale b\u0119d\u0105 rozdzielane i nie wiemy jaka b\u0119dzie dok\u0142adna wysoko\u015b\u0107 czynszu \u2013 m\u00f3wi Andrzej Kurzela, wiceprezydent Pruszkowa.<\/p>\n<p>Zgodnie z za\u0142o\u017ceniami programu Mieszkanie Plus, nie uwzgl\u0119dniaj\u0105c koszt\u00f3w eksploatacji i medi\u00f3w, cena najmu wyniesie od 10 do 20 z\u0142 za metr kwadratowy. W mo\u017cliwo\u015bci najmu z docelowym wykupieniem mieszkania te kwoty b\u0119d\u0105 nieco wy\u017csze, bo ok. 12-24 z\u0142 za metr kwadratowy. Po oko\u0142o 30 latach regularnego p\u0142acenia czynszu b\u0119dziemy mogli zosta\u0107 w\u0142a\u015bcicielami lokalu. Do udzia\u0142u w programie Mieszkanie Plus preferowane maj\u0105 by\u0107 rodziny wielodzietne o niskich dochodach, jednak tak\u017ce inne osoby b\u0119d\u0105 mog\u0142y ubiega\u0107 si\u0119 o najem.<\/p>\n<p style=\"text-align: center;\"><strong>Umowa Poczty i PKP S.A.<\/strong><\/p>\n<p>Wszystko wskazuje na to, \u017ce nie b\u0119dzie to jedyne osiedle w regionie wybudowane w ramach programu Mieszkanie Plus. We wtorek, 7 listopada, listy o wsp\u00f3\u0142pracy w ramach programu Mieszkanie Plus podpisa\u0142y Poczta Polska S.A. i PKP S.A. oraz Krajowy Zas\u00f3b Nieruchomo\u015bci i Ministerstwo Infrastruktury i Budownictwa. Dzi\u0119ki podj\u0119ciu wsp\u00f3\u0142pracy, Krajowy Zas\u00f3b Nieruchomo\u015bci b\u0119dzie mia\u0142 dost\u0119p do bazy nieruchomo\u015bci na cele mieszkaniowe, kt\u00f3r\u0105 zaoferuj\u0105 w\u0142a\u015bciciele grunt\u00f3w &#8211; Poczta Polska i Polskie Koleje Pa\u0144stwowe.<\/p>\n<p>&#8211; Poczta Polska od wielu miesi\u0119cy uczestniczy czynnie w programie Mieszkanie Plus. Dzisiejsze porozumienie jest wyrazem naszego zaanga\u017cowania w to wa\u017cne rz\u0105dowe przedsi\u0119wzi\u0119cie. Dzi\u0119ki niemu Krajowy Zas\u00f3b Nieruchomo\u015bci zyska pe\u0142n\u0105 informacj\u0119 o po\u0142o\u017conych w ca\u0142ej Polsce nieruchomo\u015bciach Poczty, kt\u00f3re nie s\u0105 ju\u017c u\u017cytkowane, a mog\u0105 by\u0107 wykorzystane pod budow\u0119 mieszka\u0144, b\u0105d\u017a adaptacj\u0119 budynk\u00f3w na cele mieszkaniowe \u2013 powiedzia\u0142 Przemys\u0142aw Sypniewski, prezes zarz\u0105du Poczty Polskiej S.A.<\/p>\n<p>&#8211; PKP S.A. odesz\u0142a od kr\u00f3tkowzrocznej polityki, z kt\u00f3r\u0105 mieli\u015bmy do czynienia w ostatnich latach, polegaj\u0105cej na wyprzeda\u017cy kolejowego maj\u0105tku. Chcemy zagospodarowywa\u0107 nasze grunty w spos\u00f3b m\u0105dry, pozwalaj\u0105cy na osi\u0105ganie d\u0142ugoterminowych korzy\u015bci, a przede wszystkim wychodz\u0105cy naprzeciw wa\u017cnym potrzebom spo\u0142ecznym &#8211; doda\u0142 prezes zarz\u0105du PKP S.A. Krzysztof Mami\u0144ski.<\/p>\n<p style=\"text-align: right;\"><strong>Kinga Rochalska<\/strong><\/p>\n<p style=\"text-align: right;\">Fot. <strong><em>Justyna Siwek<\/em><\/strong><\/p>\n<p style=\"text-align: right;\">Rzecznik Prasowy Poczty Polskiej S.A.<\/p>\n","protected":false},"excerpt":{"rendered":"<p>W ramach rz\u0105dowego programu Mieszkanie Plus w Pruszkowie powstanie a\u017c 400 mieszka\u0144 \u201ena wynajem\u201d. Jednak to nie wszystko. By\u0107 mo\u017ce ju\u017c nied\u0142ugo oferta rz\u0105dowych mieszka\u0144 na wynajem w regionie poszerzy si\u0119 o kolejne inwestycje. W Pruszkowie powstanie pierwszy w wojew\u00f3dztwie mazowieckim projekt mieszkalny w ramach rz\u0105dowego programu Mieszkanie Plus. Grupa Polnord S.A. (kt\u00f3ra zbudowa\u0142a m.in. [&hellip;]<\/p>\n","protected":false},"author":2,"featured_media":2001,"comment_status":"closed","ping_status":"open","sticky":false,"template":"","format":"standard","meta":{"footnotes":""},"categories":[5],"tags":[],"class_list":["post-2000","post","type-post","status-publish","format-standard","has-post-thumbnail","hentry","category-wiadomosci"],"_links":{"self":[{"href":"https:\/\/fleschmazowsza.com.pl\/index.php?rest_route=\/wp\/v2\/posts\/2000","targetHints":{"allow":["GET"]}}],"collection":[{"href":"https:\/\/fleschmazowsza.com.pl\/index.php?rest_route=\/wp\/v2\/posts"}],"about":[{"href":"https:\/\/fleschmazowsza.com.pl\/index.php?rest_route=\/wp\/v2\/types\/post"}],"author":[{"embeddable":true,"href":"https:\/\/fleschmazowsza.com.pl\/index.php?rest_route=\/wp\/v2\/users\/2"}],"replies":[{"embeddable":true,"href":"https:\/\/fleschmazowsza.com.pl\/index.php?rest_route=%2Fwp%2Fv2%2Fcomments&post=2000"}],"version-history":[{"count":1,"href":"https:\/\/fleschmazowsza.com.pl\/index.php?rest_route=\/wp\/v2\/posts\/2000\/revisions"}],"predecessor-version":[{"id":2002,"href":"https:\/\/fleschmazowsza.com.pl\/index.php?rest_route=\/wp\/v2\/posts\/2000\/revisions\/2002"}],"wp:featuredmedia":[{"embeddable":true,"href":"https:\/\/fleschmazowsza.com.pl\/index.php?rest_route=\/wp\/v2\/media\/2001"}],"wp:attachment":[{"href":"https:\/\/fleschmazowsza.com.pl\/index.php?rest_route=%2Fwp%2Fv2%2Fmedia&parent=2000"}],"wp:term":[{"taxonomy":"category","embeddable":true,"href":"https:\/\/fleschmazowsza.com.pl\/index.php?rest_route=%2Fwp%2Fv2%2Fcategories&post=2000"},{"taxonomy":"post_tag","embeddable":true,"href":"https:\/\/fleschmazowsza.com.pl\/index.php?rest_route=%2Fwp%2Fv2%2Ftags&post=2000"}],"curies":[{"name":"wp","href":"https:\/\/api.w.org\/{rel}","templated":true}]}}