{"id":1994,"date":"2017-11-14T15:03:39","date_gmt":"2017-11-14T14:03:39","guid":{"rendered":"http:\/\/fleschmazowsza.com.pl\/?p=1994"},"modified":"2017-11-14T15:03:39","modified_gmt":"2017-11-14T14:03:39","slug":"polacy-elita-w-karate","status":"publish","type":"post","link":"https:\/\/fleschmazowsza.com.pl\/?p=1994","title":{"rendered":"Polacy elit\u0105 w karate"},"content":{"rendered":"<p><strong>Polscy karatecy podczas XXXIII Mistrzostw Europy w Karate Tradycyjnym senior\u00f3w, m\u0142odzie\u017cowc\u00f3w, junior\u00f3w i kadet\u00f3w rywalizowali z ponad 200 zawodnikami z 15 pa\u0144stw. Seniorzy zdobyli 17 medali, w tym a\u017c 12 z\u0142otych medali, 4 srebrne i 1 br\u0105zowy.<\/strong><\/p>\n<p>W rywalizacji o mistrzowskie tytu\u0142y \u015bwietnie spisa\u0142a si\u0119 Maria Depta z (TS \u201eSok\u00f3\u0142\u201d Aleksandr\u00f3w \u0141\u00f3dzki). Dzi\u0119ki znakomitej postawie wywalczy\u0142a z\u0142oty medal w kumite indywidualnym, na najwy\u017cszym podium stan\u0119\u0142a tak\u017ce w en-bu, wyst\u0119puj\u0105c w parze z koleg\u0105 klubowym Adrianem Zwierzchowskim. Z\u0142oty medal wywalczy\u0142a tak\u017ce z kole\u017cankami z dru\u017cyny: Justyn\u0105 Marciniak (Lubelski KKT), Agnieszk\u0105 Sajdutk\u0105 (AKT Rzesz\u00f3w) i Roksan\u0105 Sadowsk\u0105 (KKT \u201eKumade\u201d Toru\u0144) w kumite zespo\u0142owym. Zosta\u0142a tak\u017ce srebrna medalistk\u0105 w konkurencji kata.<\/p>\n<p>\u2013 Niezwykle ciesz\u0119 si\u0119 ze zdobytych medali, cho\u0107 przyznam, \u017ce czuj\u0119 tak\u017ce niedosyt po konkurencji kata, gdy\u017c bardzo chcia\u0142am si\u0119 w tej konkurencji pokaza\u0107, bowiem jeszcze nigdy na arenie mi\u0119dzynarodowej nie wywalczy\u0142am z\u0142otego medalu w tej konkurencji. Start w kumite indywidualnym i dru\u017cynowym oceniam bardzo dobrze, wszystkie walki wygra\u0142am bowiem przed czasem, zdobywaj\u0105c a\u017c 5 ippon\u00f3w. Ciesz\u0119 si\u0119 te\u017c, \u017ce z Adrianem Zwierzchowskim tak\u017ce si\u0119gn\u0119li\u015bmy po z\u0142oto. Spe\u0142ni\u0142am w ten spos\u00f3b swoje zadanie i zapewne oczekiwania trener\u00f3w \u2013 m\u00f3wi\u0142a po zako\u0144czonych walkach Maria Depta, trzykrotna mistrzyni Europy.<\/p>\n<p>W kumite indywidualnym kobiet br\u0105zowy medal wywalczy\u0142a natomiast Alicja Zaleci\u0144ska (KK Kluczbork).<\/p>\n<p style=\"text-align: center;\"><strong>Szcz\u0119\u015bliwa liczba<\/strong><\/p>\n<p>Rado\u015bci z sukcesu w kata nie skrywa\u0142a te\u017c Ma\u0142gorzata Zabrocka (KK Wejherowo).<\/p>\n<p>\u2013 Jak si\u0119 dowiedzia\u0142am, \u017ce s\u0105 33. Mistrzostwa Europy, to robi\u0142am wszystko, by w nich wystartowa\u0107, gdy\u017c od zawsze ta liczba by\u0142a dla mnie szcz\u0119\u015bliwa. Dzi\u0119kuj\u0119 zatem trenerom kadry za to, \u017ce dali mi szans\u0119 wyst\u0119pu w tych zawodach oraz trenerowi klubowemu Mariuszowi Elwartowi za ci\u0119\u017ck\u0105 prac\u0119. Dzi\u0119kuj\u0119 tak\u017ce Bogu za dane mi duchowe si\u0142y. Pracowa\u0142am na ten sukces bardzo ci\u0119\u017cko, udowadniaj\u0105c, \u017ce nawet po urodzeniu dziecka mo\u017cna udanie wr\u00f3ci\u0107 do mistrzowskiej formy.<\/p>\n<p>Z niedowierzaniem przyj\u0119\u0142a sw\u00f3j sukces debiutuj\u0105ca w grupie seniorek Klaudia Pi\u00f3rek z AKT \u201eSamuraj\u201d Gniezno. W finale konkurencji fuku-go pokona\u0142a bowiem utytu\u0142owan\u0105 i pretenduj\u0105ca do tytu\u0142u mistrzyni Agnieszk\u0119 Sajdutk\u0119, kt\u00f3ra t\u0119 pora\u017ck\u0119 powetowa\u0142a z\u0142otym medalem w dru\u017cynowym kumite.<\/p>\n<p>\u2013 Przed zawodami nawet w skryto\u015bci ducha nie my\u015bla\u0142am o takim sukcesie. Znam i ceni\u0119 umiej\u0119tno\u015bci Agnieszki, z kt\u00f3rej do\u015bwiadcze\u0144 korzystam. Dzisiaj z\u0142oty medal w pierwszym moim starcie w mistrzostwach senior\u00f3w jest wyj\u0105tkowym wydarzeniem i uwie\u0144czeniem pracy mojej i mojego klubowego trenera Andrzeja Zarzecznego, kt\u00f3remu tak wiele zawdzi\u0119czam \u2013 podkre\u015bla Klaudia Pi\u00f3rek.<\/p>\n<p style=\"text-align: center;\"><strong>Faceci na medal<\/strong><\/p>\n<p>Mimo \u017ce by\u0142 nieco przezi\u0119biony, to jednak najwy\u017csze szczyt umiej\u0119tno\u015bci zaprezentowa\u0142 w kata indywidualnym Witold Kwieci\u0144ski (\u0141\u00f3dzka AKT), zdobywaj\u0105c z\u0142oty medal. Tytu\u0142 wicemistrzowski w kata wywalczy\u0142 za\u015b Rafa\u0142 Wajda (Krakowski KKT).<\/p>\n<p>\u2013 Ciesz\u0119 si\u0119 z tego sukcesu. Jest to dla mnie bardzo wa\u017cne, gdy\u017c zostaj\u0119 trzeci raz z rz\u0119du mistrzem Europy. Jestem dumny z tego, \u017ce przez sze\u015b\u0107 kolejnych lat ci\u0119\u017ckiej pracy i treningu uda\u0142o mi si\u0119 utrzyma\u0107 form\u0119 pozwalaj\u0105c\u0105 si\u0119gn\u0105\u0107 po kolejny z\u0142oty medal. Dodatkowo chc\u0119 te\u017c podkre\u015bli\u0107, \u017ce udzia\u0142 w tym wielkim \u015bwi\u0119cie karate w Klu\u017c \u2013 Napoka w Rumunii jest dla mnie, s\u0105dz\u0119, \u017ce i dla wszystkich koleg\u00f3w i kole\u017canek z reprezentacji wielkim wydarzeniem i okazj\u0105 do nawi\u0105zania nowych kontakt\u00f3w sportowych z zawodnikami innych kraj\u00f3w oraz bli\u017cszego zapoznania si\u0119 formami treningowymi r\u00f3\u017cnych styl\u00f3w i sztuk walki karate \u2013 m\u00f3wi Witold Kwieci\u0144ski.<\/p>\n<p>Nie\u0142atwa drog\u0119 do mistrzowskiego tytu\u0142u w konkurencji kumite mia\u0142 natomiast Damian Tomasik (TS \u201eSok\u00f3\u0142\u201d Aleksandr\u00f3w \u0141\u00f3dzki), kt\u00f3ry najpierw stoczy\u0142 emocjonuj\u0105cy b\u00f3j w p\u00f3\u0142finale z reprezentantem Czech, a nast\u0119pnie w fina\u0142owej walce zosta\u0142 og\u0142oszony zwyci\u0119zc\u0105 po emocjonuj\u0105cym pojedynku z Dawidem Rojowskim (Kluczborski KK), kt\u00f3ry za zastosowanie niedozwolonej techniki zosta\u0142 zdyskwalifikowany.<\/p>\n<p>\u2013 Ciesz\u0119 si\u0119 ze z\u0142otego medalu, cho\u0107 przyznam, \u017ce wola\u0142bym mimo kontuzji doko\u0144czy\u0107 walk\u0119 na macie. Tak\u0105 deklaracj\u0119 zg\u0142asza\u0142em, ale zdaniem s\u0119dzi\u00f3w nale\u017ca\u0142o zastosowa\u0107 przepisy obowi\u0105zuj\u0105ce w karate. To m\u00f3j pierwszy medal w kumite indywidualnym na mistrzostwach Europy senior\u00f3w. Cz\u0119sto si\u0119 zdarza\u0142o, \u017ce to ja nie kontrolowa\u0142em walki i z powodu faulu musia\u0142em schodzi\u0107 z maty przed czasem. Tym razem przed zawodami skoncentrowa\u0142em si\u0119 nad tym, co m\u00f3wi\u0142 mi trener Rados\u0142aw Olczyk, abym w walce postawi\u0142 na techniczny spos\u00f3b rozwi\u0105zania rywalizacji. Zdobywaj\u0105c z\u0142oty medal w kumite, spe\u0142ni\u0142em jedno z moich wielkich marze\u0144. Nast\u0119pny cel to ci\u0119\u017cka praca i walka o tytu\u0142 mistrza \u015bwiata.<\/p>\n<p style=\"text-align: center;\"><strong>Zadowoleni mistrzowie<\/strong><\/p>\n<p>Mistrzostwa Europy w Karate Tradycyjnym w Klu\u017c-Napoka znakomicie zapami\u0119ta te\u017c Micha\u0142 Sowa (MUKS Bytom), kt\u00f3ry wywalczenie z\u0142otego medalu w konkurencji fuku-go uzna\u0142 za co\u015b wyj\u0105tkowego w jego \u017cyciu.<\/p>\n<p>\u2013 Ten sukces i z\u0142oty medal mistrzostw Europy to co\u015b wyj\u0105tkowego w moim \u017cyciu i jest dla mnie olbrzymi\u0105 motywacj\u0105 do jeszcze wi\u0119kszego wysi\u0142ku podczas trening\u00f3w. Si\u0119gni\u0119cie po mistrzowski tytu\u0142 w debiucie w rywalizacji w gronie senior\u00f3w jest te\u017c efektem ci\u0119\u017ckiej pracy, jak\u0105 wk\u0142ada\u0142em przez miniony rok \u2013 zwierza si\u0119 Micha\u0142 Sowa.<\/p>\n<p>Rado\u015bci nie skrywali r\u00f3wnie\u017c mistrzowie Europy w en-bu Kamil Ochocki (KK \u201e44\u201d \u0141\u00f3d\u017a) i Jakub Matuszewicz (KK \u201e44\u201d \u0141\u00f3d\u017a).<\/p>\n<p>\u2013 To by\u0142 udany rewan\u017c za przegran\u0105 z reprezentantami Ukrainy, jakiej doznali\u015bmy przed dwoma laty podczas mistrzostw w Wilnie, sk\u0105d wr\u00f3cili\u015bmy z wicemistrzowskim tytu\u0142em \u2013 podkre\u015bla\u0142 po zako\u0144czonej Jakub Matuszewicz.<\/p>\n<p style=\"text-align: center;\"><strong>Mistrzowie kontynentu<\/strong><\/p>\n<p>Tytu\u0142y mistrz\u00f3w Europy wywalczy\u0142y tak\u017ce polskie zespo\u0142y:<\/p>\n<p>&#8211; w kata dru\u017cynowym m\u0119\u017cczyzn: Wiktor Staszak (AKT Niepo\u0142omice), Pawe\u0142 Tomasik (AKT Niepo\u0142omice), Konrad Irzyk (AKT Niepo\u0142omice);<\/p>\n<p>&#8211; w kumite dru\u017cynowym m\u0119\u017cczyzn: Dawid Rojowski (Kluczborski KK), Damian Tomasik (TS \u201eSok\u00f3\u0142\u201d Aleksandr\u00f3w \u0141\u00f3dzki), Pawe\u0142 Tomasik (AKT Niepo\u0142omice), Konrad Kardas (KS \u201ePszcz\u00f3\u0142ka\u201d Wielu\u0144);<\/p>\n<p>&#8211; w kumite dru\u017cynowym kobiet: Maria Depta (TS \u201eSok\u00f3\u0142\u201d Aleksandr\u00f3w \u0141\u00f3dzki), Justyna Marciniak (Lubelski KKT), Agnieszka Sajdutka (AKT Rzesz\u00f3w), Roksana Sadowska (KKT \u201eKumade\u201d Toru\u0144);<\/p>\n<p>&#8211; w kata dru\u017cynowym kobiet: Katrin Kargbo (AKT Niepo\u0142omice), Anna Mleko (AKT Niepo\u0142omice), Joanna Musia\u0142 (AKT Niepo\u0142omice).<\/p>\n<p style=\"text-align: center;\"><strong>Faworyci nie zwiedli<\/strong><\/p>\n<p>Podsumowuj\u0105c sukcesy polskich zawodnik\u00f3w, trener reprezentacji w kumite Krzysztof Neugebauer powiedzia\u0142, i\u017c:<\/p>\n<p>\u2013 Jechali\u015bmy na mistrzostwa w gronie faworyt\u00f3w i te za\u0142o\u017cenia potwierdzili\u015bmy. Koncentrowali\u015bmy si\u0119 na pokazaniu najwy\u017cszego poziomu karate tradycyjnego. Tym bardziej, \u017ce obserwowa\u0142o nas wielu zawodnik\u00f3w z innych styl\u00f3w karate rywalizuj\u0105cych w tym samym czasie w hali Polyvalent Klu\u017c-Napoka. Ciesz\u0119 si\u0119, \u017ce nasi reprezentanci wykazali znakomita form\u0119, co zaowocowa\u0142o oczekiwanymi sukcesami.<\/p>\n<p>Natomiast trener reprezentacji Andrzej Zarzeczny, zajmuj\u0105cy si\u0119 g\u0142\u00f3wnie szkoleniem zawodnik\u00f3w wyst\u0119puj\u0105cych w konkurencji kata, podkre\u015bli\u0142, i\u017c:<\/p>\n<p>\u2013 Sukcesy reprezentant\u00f3w naszego kraju podczas mistrzostw Europy w Rumunii to efekt ich solidnej pracy. Nale\u017cy tak\u017ce podkre\u015bli\u0107 i doceni\u0107 zaanga\u017cowanie w ten proces szkolenia trener\u00f3w klubowych.<\/p>\n<p>W Klu\u017c &#8211; Napoka o tytu\u0142y mistrz\u00f3w Europy w karate tradycyjnym rywalizowali r\u00f3wnie\u017c r\u00f3wnie\u017c kadeci, juniorzy i m\u0142odzie\u017cowcy, zdobywaj\u0105c grad medali.<\/p>\n<p style=\"text-align: right;\"><strong>Janusz Kawa\u0142ko<\/strong><\/p>\n<p style=\"text-align: right;\">Rzecznik Prasowy<\/p>\n<p style=\"text-align: right;\">Polskiego Zwi\u0105zku Karate Tradycyjnego<\/p>\n","protected":false},"excerpt":{"rendered":"<p>Polscy karatecy podczas XXXIII Mistrzostw Europy w Karate Tradycyjnym senior\u00f3w, m\u0142odzie\u017cowc\u00f3w, junior\u00f3w i kadet\u00f3w rywalizowali z ponad 200 zawodnikami z 15 pa\u0144stw. Seniorzy zdobyli 17 medali, w tym a\u017c 12 z\u0142otych medali, 4 srebrne i 1 br\u0105zowy. W rywalizacji o mistrzowskie tytu\u0142y \u015bwietnie spisa\u0142a si\u0119 Maria Depta z (TS \u201eSok\u00f3\u0142\u201d Aleksandr\u00f3w \u0141\u00f3dzki). Dzi\u0119ki znakomitej postawie [&hellip;]<\/p>\n","protected":false},"author":2,"featured_media":1995,"comment_status":"closed","ping_status":"open","sticky":false,"template":"","format":"standard","meta":{"footnotes":""},"categories":[4,5],"tags":[],"class_list":["post-1994","post","type-post","status-publish","format-standard","has-post-thumbnail","hentry","category-sport","category-wiadomosci"],"_links":{"self":[{"href":"https:\/\/fleschmazowsza.com.pl\/index.php?rest_route=\/wp\/v2\/posts\/1994","targetHints":{"allow":["GET"]}}],"collection":[{"href":"https:\/\/fleschmazowsza.com.pl\/index.php?rest_route=\/wp\/v2\/posts"}],"about":[{"href":"https:\/\/fleschmazowsza.com.pl\/index.php?rest_route=\/wp\/v2\/types\/post"}],"author":[{"embeddable":true,"href":"https:\/\/fleschmazowsza.com.pl\/index.php?rest_route=\/wp\/v2\/users\/2"}],"replies":[{"embeddable":true,"href":"https:\/\/fleschmazowsza.com.pl\/index.php?rest_route=%2Fwp%2Fv2%2Fcomments&post=1994"}],"version-history":[{"count":1,"href":"https:\/\/fleschmazowsza.com.pl\/index.php?rest_route=\/wp\/v2\/posts\/1994\/revisions"}],"predecessor-version":[{"id":1996,"href":"https:\/\/fleschmazowsza.com.pl\/index.php?rest_route=\/wp\/v2\/posts\/1994\/revisions\/1996"}],"wp:featuredmedia":[{"embeddable":true,"href":"https:\/\/fleschmazowsza.com.pl\/index.php?rest_route=\/wp\/v2\/media\/1995"}],"wp:attachment":[{"href":"https:\/\/fleschmazowsza.com.pl\/index.php?rest_route=%2Fwp%2Fv2%2Fmedia&parent=1994"}],"wp:term":[{"taxonomy":"category","embeddable":true,"href":"https:\/\/fleschmazowsza.com.pl\/index.php?rest_route=%2Fwp%2Fv2%2Fcategories&post=1994"},{"taxonomy":"post_tag","embeddable":true,"href":"https:\/\/fleschmazowsza.com.pl\/index.php?rest_route=%2Fwp%2Fv2%2Ftags&post=1994"}],"curies":[{"name":"wp","href":"https:\/\/api.w.org\/{rel}","templated":true}]}}