{"id":1991,"date":"2017-11-14T15:00:13","date_gmt":"2017-11-14T14:00:13","guid":{"rendered":"http:\/\/fleschmazowsza.com.pl\/?p=1991"},"modified":"2017-11-14T15:00:58","modified_gmt":"2017-11-14T14:00:58","slug":"hubertus-2017-juz-za-nami","status":"publish","type":"post","link":"https:\/\/fleschmazowsza.com.pl\/?p=1991","title":{"rendered":"Hubertus 2017 ju\u017c za nami"},"content":{"rendered":"<p><strong>Hubertus (czy te\u017c Hubertowiny) to szczeg\u00f3lnie wa\u017cny dzie\u0144 dla my\u015bliwych, je\u017ad\u017ac\u00f3w i le\u015bnik\u00f3w. Z tej okazji odbywaj\u0105 si\u0119 huczne, tradycyjne obchody. W miniony weekend, \u015bwi\u0119to obchodzone by\u0142o tak\u017ce w s\u0142yn\u0105cych z je\u017adzieckich tradycji okolicach Podkowy Le\u015bnej.<\/strong><\/p>\n<p>Hubertus to \u015bwi\u0119to my\u015bliwych i le\u015bnik\u00f3w, pochodz\u0105ce od nazwy ich patrona \u2013 \u015bwi\u0119tego Huberta. Hubertus jest obchodzony przez my\u015bliwych na powitanie sezonu jesienno-zimowego oraz przez je\u017ad\u017ac\u00f3w \u2013 na zako\u0144czenie sezonu. \u015awi\u0119to to swoimi korzeniami si\u0119ga a\u017c XV wieku, a szczeg\u00f3ln\u0105 popularno\u015b\u0107 zyska\u0142o w czasach saskich.<br \/>\nTradycja wsp\u00f3lnego polowania przetrwa\u0142a do dnia dzisiejszego. W pa\u017adzierniku oraz na pocz\u0105tku listopada w wielu miejscach w Polsce organizowane s\u0105 gonitwy, w kt\u00f3rych konno \u015bciga si\u0119 je\u017ad\u017aca z przypi\u0119tym do lewego ramienia lisim ogonem (tzw. gonitwa za lisem). Ten, kto zerwie lisi ogon, wygrywa, ma prawo wykona\u0107 rund\u0119 honorow\u0105 wok\u00f3\u0142 miejsca pogoni, a za rok sam ucieka jako lis. Polowanie hubertowskie ko\u0144czy biesiada my\u015bliwych przy ognisku, bigosie i nalewce.<br \/>\nNajbardziej znane obchody Hubertusa organizowane s\u0105 co roku w Spale. To tu imprez\u0119 my\u015bliwsk\u0105 zainaugurowa\u0142 w latach mi\u0119dzywojennych Prezydent Rzeczpospolitej Polskiej, profesor Ignacy Mo\u015bcicki. Hubertus jest tak\u017ce hucznie obchodzony w s\u0142yn\u0105cych z je\u017adzieckich tradycji okolicach Podkowy Le\u015bnej. To w\u0142a\u015bnie w minion\u0105 niedziel\u0119, 5 listopada, w stadninie \u201ePa-Ta-Taj\u201d w Kaniach, obchodzono je\u017adzieckie \u015bwi\u0119to.<br \/>\nHubertus rozpocz\u0105\u0142 si\u0119 o godz. 12.30 uroczystym wyjazdem w tereny przy stadninie, po godz. 13.00 zorganizowano pokaz \u0142ucznictwa konnego, a od godz. 14.00 do godz. 15.30 \u2013 konne gonitwy, kt\u00f3r\u0105 zainaugurowa\u0142a tzw. \u201eGonitwa Du\u017cego Hubertusa\u201d. Po zako\u0144czonych zawodach, je\u017ad\u017acy wraz z rodzinami i przyjaci\u00f3\u0142mi odpoczywali w stajennej kawiarence.<\/p>\n<p style=\"text-align: right;\">Tekst i foto: <strong>Kinga Rochalska<\/strong><\/p>\n","protected":false},"excerpt":{"rendered":"<p>Hubertus (czy te\u017c Hubertowiny) to szczeg\u00f3lnie wa\u017cny dzie\u0144 dla my\u015bliwych, je\u017ad\u017ac\u00f3w i le\u015bnik\u00f3w. Z tej okazji odbywaj\u0105 si\u0119 huczne, tradycyjne obchody. W miniony weekend, \u015bwi\u0119to obchodzone by\u0142o tak\u017ce w s\u0142yn\u0105cych z je\u017adzieckich tradycji okolicach Podkowy Le\u015bnej. Hubertus to \u015bwi\u0119to my\u015bliwych i le\u015bnik\u00f3w, pochodz\u0105ce od nazwy ich patrona \u2013 \u015bwi\u0119tego Huberta. Hubertus jest obchodzony przez my\u015bliwych [&hellip;]<\/p>\n","protected":false},"author":2,"featured_media":1992,"comment_status":"closed","ping_status":"open","sticky":false,"template":"","format":"standard","meta":{"footnotes":""},"categories":[9,6,5],"tags":[],"class_list":["post-1991","post","type-post","status-publish","format-standard","has-post-thumbnail","hentry","category-edukacja","category-kultura","category-wiadomosci"],"_links":{"self":[{"href":"https:\/\/fleschmazowsza.com.pl\/index.php?rest_route=\/wp\/v2\/posts\/1991","targetHints":{"allow":["GET"]}}],"collection":[{"href":"https:\/\/fleschmazowsza.com.pl\/index.php?rest_route=\/wp\/v2\/posts"}],"about":[{"href":"https:\/\/fleschmazowsza.com.pl\/index.php?rest_route=\/wp\/v2\/types\/post"}],"author":[{"embeddable":true,"href":"https:\/\/fleschmazowsza.com.pl\/index.php?rest_route=\/wp\/v2\/users\/2"}],"replies":[{"embeddable":true,"href":"https:\/\/fleschmazowsza.com.pl\/index.php?rest_route=%2Fwp%2Fv2%2Fcomments&post=1991"}],"version-history":[{"count":1,"href":"https:\/\/fleschmazowsza.com.pl\/index.php?rest_route=\/wp\/v2\/posts\/1991\/revisions"}],"predecessor-version":[{"id":1993,"href":"https:\/\/fleschmazowsza.com.pl\/index.php?rest_route=\/wp\/v2\/posts\/1991\/revisions\/1993"}],"wp:featuredmedia":[{"embeddable":true,"href":"https:\/\/fleschmazowsza.com.pl\/index.php?rest_route=\/wp\/v2\/media\/1992"}],"wp:attachment":[{"href":"https:\/\/fleschmazowsza.com.pl\/index.php?rest_route=%2Fwp%2Fv2%2Fmedia&parent=1991"}],"wp:term":[{"taxonomy":"category","embeddable":true,"href":"https:\/\/fleschmazowsza.com.pl\/index.php?rest_route=%2Fwp%2Fv2%2Fcategories&post=1991"},{"taxonomy":"post_tag","embeddable":true,"href":"https:\/\/fleschmazowsza.com.pl\/index.php?rest_route=%2Fwp%2Fv2%2Ftags&post=1991"}],"curies":[{"name":"wp","href":"https:\/\/api.w.org\/{rel}","templated":true}]}}