{"id":1980,"date":"2017-11-06T13:42:53","date_gmt":"2017-11-06T12:42:53","guid":{"rendered":"http:\/\/fleschmazowsza.com.pl\/?p=1980"},"modified":"2017-11-06T13:42:53","modified_gmt":"2017-11-06T12:42:53","slug":"obchody-swieta-niepodleglosci","status":"publish","type":"post","link":"https:\/\/fleschmazowsza.com.pl\/?p=1980","title":{"rendered":"Obchody \u015awi\u0119ta Niepodleg\u0142o\u015bci"},"content":{"rendered":"<p><strong>Ju\u017c niebawem, w sobot\u0119 11 listopada b\u0119dziemy \u015bwi\u0119towa\u0107 99. rocznic\u0119 odzyskania niepodleg\u0142o\u015bci. Koncerty, biegi, zabawy \u2013 samorz\u0105dy przygotowa\u0142y ciekawe programy obchod\u00f3w 11 listopada.<\/strong><\/p>\n<p style=\"text-align: center;\"><strong>Pruszk\u00f3w<\/strong><\/p>\n<p>Muzeum Dulag 121 wraz ze starostwem powiatowym z okazji 99. rocznicy odzyskania niepodleg\u0142o\u015bci zaprasza na Pruszkowski Tydzie\u0144 z Niepodleg\u0142\u0105 \u2013 cykl wydarze\u0144 przedstawiaj\u0105cych pruszkowskie d\u0105\u017cenia niepodleg\u0142o\u015bciowe, kt\u00f3ry rozpocz\u0105 si\u0119 ju\u017c 4 listopada i trwa\u0107 b\u0119dzie do 12 listopada. W programie warsztat\u00f3w m.in. spacery historyczne, wyk\u0142ady, spotkania, wystawy, gra miejska oraz koncert i wsp\u00f3lne \u015bpiewanie pie\u015bni patriotycznych.<\/p>\n<p>Plan poszczeg\u00f3lnych dni:<\/p>\n<ul>\n<li>\u201eSamorz\u0105dno\u015b\u0107 i Niepodleg\u0142o\u015b\u0107 \u2013 wsp\u00f3lna droga\u201d \u2013 spacer historyczny. Czas: 4 listopada 2017, godz. 12:00. Miejsce: zbi\u00f3rka pod Pa\u0142acykiem Potulickich, Plac Jana Paw\u0142a II;<\/li>\n<li>Dawny Pruszk\u00f3w w fotoplastykonie. Czas: 5 listopada \u2013 30 listopada 2017. Miejsce: MDK \u201ePa\u0142acyk\u201d, ul. Ko\u015bciuszki 41;<\/li>\n<li>\u201eWielka Wojna a niepodleg\u0142o\u015b\u0107\u201d \u2013 spacer historyczny. Czas: 5 listopada 2017, godz. 12:00. Miejsce: Muzeum Dulag 121;<\/li>\n<li>\u201ePruszk\u00f3w na drogach do niepodleg\u0142o\u015bci\u201d \u2013 wyk\u0142ad dr. Miros\u0142awa Wawrzy\u0144skiego. Czas: 5 listopada 2017, godz. 15:00. Miejsce: Muzeum Dulag 121;<\/li>\n<li>\u201ePruszkowski przemys\u0142 a niepodleg\u0142o\u015b\u0107\u201d \u2013 spotkanie z dr. Miros\u0142awem Wawrzy\u0144skim i prezentacja wystawy \u201ePocz\u0105tki &lt;&lt;Mechanik\u00f3w&gt;&gt;\u201d. Czas: 10 listopada 2017, godz. 19:00. Miejsce: Restauracja Ucieranie Tre\u015bci;<\/li>\n<li>\u201eTadeusz Ko\u015bciuszko \u2013\u00a0 republikanin r\u00f3wny kr\u00f3lom.\u00a0 Biografia i legenda\u201d \u2013 wyk\u0142ad dr. hab. Piotra Ugniewskiego. Czas: 11 listopada 2017, godz. 16:00. Miejsce: Muzeum Dulag 121;<\/li>\n<li>\u201eMa\u0142a wielka historia Pruszkowa\u201d \u2013 niepodleg\u0142o\u015bciowa gra miejska. Czas: 12 listopada 2017, godz. 11:00-14:00. Miejsce: Park Ko\u015bciuszki;<\/li>\n<li>\u201eOd Niepodleg\u0142ej do Niepodleg\u0142ej\u201d \u2013 wsp\u00f3lne \u015bpiewanie pie\u015bni patriotycznych. Czas: 12 listopada 2017, godz. 17:00. Miejsce: MDK \u201ePa\u0142acyk\u201d, ul. Ko\u015bciuszki 41.<\/li>\n<\/ul>\n<p style=\"text-align: center;\"><strong>Piast\u00f3w<\/strong><\/p>\n<p>Miasto Piast\u00f3w zaprasza na kolejny i ostatni ju\u017c bieg w ramach \u201eGRAND PRIX HISTORYCZNYCH BIEG\u00d3W PIASTOWA\u201d, kt\u00f3ry odb\u0119dzie si\u0119 12 listopada o godzinie 11. Bieg niepodleg\u0142o\u015bci to nie tylko sportowa rozrywka rekreacyjna, ale tak\u017ce pami\u0119\u0107 o wydarzeniach z przesz\u0142o\u015bci. Bieg odb\u0119dzie si\u0119 po ulicach po\u0142udniowego Piastowa.<\/p>\n<p>Trasa rozpoczyna si\u0119 na stadionie miejskim (MOSIR) nast\u0119pnie: PARK SOKORSKICH \u2013 11-LISTOPADA \u2013 UJEJSKIEGO-SIENKIEWICZA (PO CHODNIKU) \u2013 OGRODOWA \u2013 KASPROWICZA \u2013 UJEJSKIEGO \u2013 GODEBSKIEGO \u2013 ORZESZKOWEJ (PO CHODNIKU) \u2013 KS. JERZEGO POPIE\u0141USZKI \u2013 11-LISTOPADA \u2013 HARCERSKA \u2013 ORZESZKOWEJ \u2013 AL. TYSI\u0104CLECIA (PO CHODNIKU) \u2013 META: STADION MIEJSKI (MOSIR). DYSTANS PRZEMIERZONY 5 KM<\/p>\n<p>Dla wszystkich uczestnik\u00f3w przygotowane zosta\u0142y nagrody, medale i niespodzianki!<\/p>\n<p style=\"text-align: center;\"><strong>Grodzisk Mazowiecki<\/strong><\/p>\n<p>O godzinie 12 odb\u0119dzie si\u0119 uroczysta msza \u015bw. w ko\u015bciele \u015bw. Anny z udzia\u0142em M\u0142odzie\u017cowej Orkiestry D\u0119tej im. Feliksa Dzier\u017canowskiego. Nast\u0119pnie o godzinie 13 pod pomnikiem Wolno\u015bci odb\u0119d\u0105 si\u0119 uroczysto\u015bci oficjalne zwi\u0105zane z obchodami. O godzinie 14 odb\u0119dzie si\u0119 premierowy pokaz filmu dokumentalnego Joanny Zawadzkiej Mr\u00f3z pt.: \u201e\u0141\u0105cznicy\u201d o grodziskich AK-owcach w Grodziskim Centrum Kultury. O 15 rozpocznie si\u0119 historyczna gra miejska, kt\u00f3ra startuje w poczekalni grodziskiej PKP. Zwie\u0144czeniem dnia b\u0119dzie \u201eWieczornica Pie\u015bni Patriotycznej\u201d przygotowana przez ZHP w ko\u015bciele pw. Matki Bo\u017cej Nieustaj\u0105cej Pomocy przy ul. Piaskowej.<\/p>\n<p style=\"text-align: center;\"><strong>Milan\u00f3wek<\/strong><\/p>\n<p>O godzinie 12.30 odb\u0119dzie si\u0119 msza w ko\u015bciele \u015bw. Jadwigi \u015al\u0105skiej, przy ulicy Ko\u015bciuszki. Nast\u0119pnie o godzinie 13.30 pod Pomnikiem \u201eBohater\u00f3w\u201d na Pl. J\u00f3zefa Starzy\u0144skiego z\u0142o\u017cone zostan\u0105 kwiaty. Po z\u0142o\u017ceniu kwiat\u00f3w o godzinie 14.30 odb\u0119dzie si\u0119 koncert niepodleg\u0142o\u015bciowy w wykonaniu Aleksandry Novina- Chaci\u0144skiej i Remigiusza \u0141ukomskiego.<\/p>\n<p style=\"text-align: center;\"><strong>Brwin\u00f3w<\/strong><\/p>\n<p>O godzinie 10.30 odb\u0119dzie si\u0119 msza w intencji Ojczyzny w ko\u015bciele \u015bw. Floriana, a zaraz po mszy na rynku w Brwinowie rozstawi si\u0119 miasteczko harcerskie, kt\u00f3re przygotowuje pyszn\u0105 zup\u0119 grochow\u0105, liczne konkursy, zabawy, nagrody, loterie \u2013 jednym s\u0142owem harcerski festyn.<\/p>\n<p style=\"text-align: center;\"><strong>Nadarzyn<\/strong><\/p>\n<p>O godzinie 10.30 odb\u0119dzie si\u0119 msza \u015bw. w ko\u015bciele pw. \u015bw. Klemensa w Nadarzynie. Nast\u0119pnie o godzinie 11.30 w Ru\u015bcu w Szkole Podstawowej uczniowie przygotowali specjalny program okoliczno\u015bciowy. O 12:00 odb\u0119dzie si\u0119 przemarsz i z\u0142o\u017cenie wie\u0144c\u00f3w w Miejscach Pami\u0119ci Narodowej.<\/p>\n<p style=\"text-align: right;\">Zebra\u0142a: <strong>Anna Jaskulska<\/strong><\/p>\n","protected":false},"excerpt":{"rendered":"<p>Ju\u017c niebawem, w sobot\u0119 11 listopada b\u0119dziemy \u015bwi\u0119towa\u0107 99. rocznic\u0119 odzyskania niepodleg\u0142o\u015bci. Koncerty, biegi, zabawy \u2013 samorz\u0105dy przygotowa\u0142y ciekawe programy obchod\u00f3w 11 listopada. Pruszk\u00f3w Muzeum Dulag 121 wraz ze starostwem powiatowym z okazji 99. rocznicy odzyskania niepodleg\u0142o\u015bci zaprasza na Pruszkowski Tydzie\u0144 z Niepodleg\u0142\u0105 \u2013 cykl wydarze\u0144 przedstawiaj\u0105cych pruszkowskie d\u0105\u017cenia niepodleg\u0142o\u015bciowe, kt\u00f3ry rozpocz\u0105 si\u0119 ju\u017c 4 [&hellip;]<\/p>\n","protected":false},"author":2,"featured_media":1981,"comment_status":"closed","ping_status":"open","sticky":false,"template":"","format":"standard","meta":{"footnotes":""},"categories":[9,6,5],"tags":[],"class_list":["post-1980","post","type-post","status-publish","format-standard","has-post-thumbnail","hentry","category-edukacja","category-kultura","category-wiadomosci"],"_links":{"self":[{"href":"https:\/\/fleschmazowsza.com.pl\/index.php?rest_route=\/wp\/v2\/posts\/1980","targetHints":{"allow":["GET"]}}],"collection":[{"href":"https:\/\/fleschmazowsza.com.pl\/index.php?rest_route=\/wp\/v2\/posts"}],"about":[{"href":"https:\/\/fleschmazowsza.com.pl\/index.php?rest_route=\/wp\/v2\/types\/post"}],"author":[{"embeddable":true,"href":"https:\/\/fleschmazowsza.com.pl\/index.php?rest_route=\/wp\/v2\/users\/2"}],"replies":[{"embeddable":true,"href":"https:\/\/fleschmazowsza.com.pl\/index.php?rest_route=%2Fwp%2Fv2%2Fcomments&post=1980"}],"version-history":[{"count":1,"href":"https:\/\/fleschmazowsza.com.pl\/index.php?rest_route=\/wp\/v2\/posts\/1980\/revisions"}],"predecessor-version":[{"id":1982,"href":"https:\/\/fleschmazowsza.com.pl\/index.php?rest_route=\/wp\/v2\/posts\/1980\/revisions\/1982"}],"wp:featuredmedia":[{"embeddable":true,"href":"https:\/\/fleschmazowsza.com.pl\/index.php?rest_route=\/wp\/v2\/media\/1981"}],"wp:attachment":[{"href":"https:\/\/fleschmazowsza.com.pl\/index.php?rest_route=%2Fwp%2Fv2%2Fmedia&parent=1980"}],"wp:term":[{"taxonomy":"category","embeddable":true,"href":"https:\/\/fleschmazowsza.com.pl\/index.php?rest_route=%2Fwp%2Fv2%2Fcategories&post=1980"},{"taxonomy":"post_tag","embeddable":true,"href":"https:\/\/fleschmazowsza.com.pl\/index.php?rest_route=%2Fwp%2Fv2%2Ftags&post=1980"}],"curies":[{"name":"wp","href":"https:\/\/api.w.org\/{rel}","templated":true}]}}