{"id":1976,"date":"2017-10-30T15:39:48","date_gmt":"2017-10-30T14:39:48","guid":{"rendered":"http:\/\/fleschmazowsza.com.pl\/?p=1976"},"modified":"2017-10-30T15:39:48","modified_gmt":"2017-10-30T14:39:48","slug":"mieszkancy-maja-glos","status":"publish","type":"post","link":"https:\/\/fleschmazowsza.com.pl\/?p=1976","title":{"rendered":"Mieszka\u0144cy maj\u0105 g\u0142os!"},"content":{"rendered":"<p><strong>Do pi\u0105tku, 27 pa\u017adziernika br., mieszka\u0144cy powiatu pruszkowskiego mieli szans\u0119 wyrazi\u0107 opinie w sprawie wprowadzenia strefy p\u0142atnego parkowania w Pruszkowie. To pierwszy etap konsultacji spo\u0142ecznych, kt\u00f3rych celem jest rozwi\u0105zanie problemu braku miejsc postojowych w centrum Pruszkowa.<\/strong><\/p>\n<p>Idea uruchomienia strefy p\u0142atnego parkowania niestrze\u017conego w Pruszkowie zrodzi\u0142a si\u0119 ju\u017c kilka lat temu. G\u0142\u00f3wnym zadaniem p\u0142atnej strefy by\u0142oby zwi\u0119kszenie rotacji na miejscach postojowych i tym samym u\u0142atwienie dost\u0119pu do sklep\u00f3w, punkt\u00f3w us\u0142ugowych, urz\u0119d\u00f3w oraz przychodni.<\/p>\n<p style=\"text-align: center;\"><strong>Strefa p\u0142atnego parkowania<\/strong><\/p>\n<p>Strefa sk\u0142ada\u0107 mia\u0142aby si\u0119 z trzech r\u00f3\u017cnych podstref: A, B i C. W podstrefach A i C parkowanie by\u0142oby p\u0142atne od poniedzia\u0142ku do pi\u0105tku w godz. 8.00\u201318.00, a w strefie B \u2013 we wtorki i pi\u0105tki w godz. 6.00\u201313.00. Poza tymi godzinami oraz w dni ustawowo wolne od pracy parkowanie mia\u0142oby by\u0107 bezp\u0142atne.<\/p>\n<p>Podstrefa A obj\u0105\u0107 mia\u0142aby ulice w centrum miasta: Kraszewskiego, Ko\u015bciuszki, Sienkiewicza, Chopina, Lipow\u0105 (od Al. Armii Krajowej do ul. Kopernika), Potulickiego, Nieca\u0142\u0105, Drzyma\u0142y, Radnych, Niepodleg\u0142o\u015bci, Ko\u015bcieln\u0105, Sprawiedliwo\u015bci, Berenta, Hubala, Kopernika, Prusa (od ul. Powsta\u0144c\u00f3w do ul. Miry Zimi\u0144skiej-Sygiety\u0144skiej), O\u0142\u00f3wkow\u0105 (od ul. Sienkiewicza do ul. Mokrej) i Ewy. Podstrefa B obj\u0105\u0107 mia\u0142aby ulice: Komorowsk\u0105 (od ul. Gordzia\u0142kowskiego do ul. Ceramicznej), Ceramiczn\u0105 (od ul. Komorowskiej do ul. Prusa) i Targow\u0105, za\u015b strefa C \u2013 parking wzd\u0142u\u017c tor\u00f3w Warszawskiej Kolei Dojazdowej (od ul. Ewy do gara\u017cy).<\/p>\n<p>Mimo dalekosi\u0119\u017cnych plan\u00f3w, do tej pory projekt nie wszed\u0142 w \u017cycie. Okazuje si\u0119, \u017ce prace nad stref\u0105 wstrzymuj\u0105 uzgodnienia pomi\u0119dzy w\u0142adzami miasta a starostwem powiatowym, w kt\u00f3rego zarz\u0105dzie jest wi\u0119kszo\u015b\u0107 wa\u017cnych dr\u00f3g znajduj\u0105cych si\u0119 w centrum Pruszkowa m.in. Al. Niepodleg\u0142o\u015bci, ul. Boles\u0142awa Prusa, ul. Sienkiewicza.<\/p>\n<p style=\"text-align: center;\"><strong>Opinie do 27 pa\u017adziernika<\/strong><\/p>\n<p>W odpowiedzi na powracaj\u0105cy temat strefy p\u0142atnego parkowania, jako jednego z pomys\u0142\u00f3w na rozwi\u0105zanie braku miejsc postojowych w centrum Pruszkowa, w\u0142adze powiatu pruszkowskiego postanowi\u0142y zapyta\u0107 o zdanie mieszka\u0144c\u00f3w. W tym celu przygotowano ankiety dotycz\u0105ce strefy p\u0142atnego parkowania, kt\u00f3re b\u0119d\u0105 zbierane do 27 pa\u017adziernika br. Ankiety mo\u017cna wype\u0142ni\u0107 na kilka sposob\u00f3w:<\/p>\n<p>Poprzez link dost\u0119pny na stronie Powiatu Pruszkowskiego widoczny na stronie g\u0142\u00f3wnej;<\/p>\n<p>Poprzez bezpo\u015bredni link do ankiety: www.bit.ly\/AnkietaPowiatPruszkow;<\/p>\n<p>Bezpo\u015brednio w siedzibie Starostwa Powiatowego w Pruszkowie (ul. Drzyma\u0142y 30), gdzie na obu salach obs\u0142ugi mieszka\u0144c\u00f3w dost\u0119pne s\u0105 wydrukowane formularze i urny, do kt\u00f3rych mo\u017cna wrzuci\u0107 wype\u0142nion\u0105 ankiet\u0119;<\/p>\n<p>Na ulicach Pruszkowa, gdzie pojawi\u0105 si\u0119 ankieterzy Fundacji UPstarter.<\/p>\n<p style=\"text-align: center;\"><strong>Pierwszy krok konsultacji<\/strong><\/p>\n<p>Jak zapewniaj\u0105 organizatorzy, zbieranie opinii w ankietach to tylko pierwszy krok w konsultacjach spo\u0142ecznych. Kolejnym elementem b\u0119dzie ich weryfikacja, a nast\u0119pnie warsztaty zorganizowane w siedzibie starostwa. W ich trakcie przedstawione zostan\u0105 wyniki, a zaproszeni eksperci, przedstawiciele urz\u0119d\u00f3w i organizacji pozarz\u0105dowych b\u0119d\u0105 wsp\u00f3lnie omawia\u0107 ankiety i szuka\u0107 jak najlepszych rozwi\u0105za\u0144 dla miasta.<\/p>\n<p>Nast\u0119pnym krokiem b\u0119dzie zorganizowanie otwartego spotkania z mieszka\u0144cami, podczas kt\u00f3rego zostan\u0105 zaprezentowane zar\u00f3wno wyniki ankiet, jak i efekty przeprowadzonych warsztat\u00f3w. Jakie opinie w sprawie strefy p\u0142atnego parkowania maj\u0105 mieszka\u0144cy? Na t\u0119 odpowied\u017a b\u0119dziemy musieli poczeka\u0107 do czasu zako\u0144czenia zbierania ankiet.<\/p>\n<p>&#8211; Nie chcemy w najmniejszym stopniu wp\u0142ywa\u0107 na opinie mieszka\u0144c\u00f3w dotycz\u0105c\u0105 stref p\u0142atnego parkowania. Na informacje o ilo\u015bci os\u00f3b jakie wzi\u0119\u0142y udzia\u0142 w konsultacjach, a tym bardziej w kwestii wniosk\u00f3w z tego p\u0142yn\u0105cych musimy wstrzyma\u0107 si\u0119 do czasu zako\u0144czenia ankiet \u2013 m\u00f3wi Krzysztof Bukowski, Zast\u0119pca Naczelnika z Biura Rady i Zarz\u0105du Powiatu Pruszkowskiego.<\/p>\n<p style=\"text-align: right;\">Tekst i foto: <strong>Kinga Rochalska<\/strong><\/p>\n","protected":false},"excerpt":{"rendered":"<p>Do pi\u0105tku, 27 pa\u017adziernika br., mieszka\u0144cy powiatu pruszkowskiego mieli szans\u0119 wyrazi\u0107 opinie w sprawie wprowadzenia strefy p\u0142atnego parkowania w Pruszkowie. To pierwszy etap konsultacji spo\u0142ecznych, kt\u00f3rych celem jest rozwi\u0105zanie problemu braku miejsc postojowych w centrum Pruszkowa. Idea uruchomienia strefy p\u0142atnego parkowania niestrze\u017conego w Pruszkowie zrodzi\u0142a si\u0119 ju\u017c kilka lat temu. G\u0142\u00f3wnym zadaniem p\u0142atnej strefy by\u0142oby [&hellip;]<\/p>\n","protected":false},"author":2,"featured_media":1977,"comment_status":"closed","ping_status":"open","sticky":false,"template":"","format":"standard","meta":{"footnotes":""},"categories":[8,5],"tags":[],"class_list":["post-1976","post","type-post","status-publish","format-standard","has-post-thumbnail","hentry","category-roznosci","category-wiadomosci"],"_links":{"self":[{"href":"https:\/\/fleschmazowsza.com.pl\/index.php?rest_route=\/wp\/v2\/posts\/1976","targetHints":{"allow":["GET"]}}],"collection":[{"href":"https:\/\/fleschmazowsza.com.pl\/index.php?rest_route=\/wp\/v2\/posts"}],"about":[{"href":"https:\/\/fleschmazowsza.com.pl\/index.php?rest_route=\/wp\/v2\/types\/post"}],"author":[{"embeddable":true,"href":"https:\/\/fleschmazowsza.com.pl\/index.php?rest_route=\/wp\/v2\/users\/2"}],"replies":[{"embeddable":true,"href":"https:\/\/fleschmazowsza.com.pl\/index.php?rest_route=%2Fwp%2Fv2%2Fcomments&post=1976"}],"version-history":[{"count":1,"href":"https:\/\/fleschmazowsza.com.pl\/index.php?rest_route=\/wp\/v2\/posts\/1976\/revisions"}],"predecessor-version":[{"id":1978,"href":"https:\/\/fleschmazowsza.com.pl\/index.php?rest_route=\/wp\/v2\/posts\/1976\/revisions\/1978"}],"wp:featuredmedia":[{"embeddable":true,"href":"https:\/\/fleschmazowsza.com.pl\/index.php?rest_route=\/wp\/v2\/media\/1977"}],"wp:attachment":[{"href":"https:\/\/fleschmazowsza.com.pl\/index.php?rest_route=%2Fwp%2Fv2%2Fmedia&parent=1976"}],"wp:term":[{"taxonomy":"category","embeddable":true,"href":"https:\/\/fleschmazowsza.com.pl\/index.php?rest_route=%2Fwp%2Fv2%2Fcategories&post=1976"},{"taxonomy":"post_tag","embeddable":true,"href":"https:\/\/fleschmazowsza.com.pl\/index.php?rest_route=%2Fwp%2Fv2%2Ftags&post=1976"}],"curies":[{"name":"wp","href":"https:\/\/api.w.org\/{rel}","templated":true}]}}