{"id":1973,"date":"2017-10-30T15:36:08","date_gmt":"2017-10-30T14:36:08","guid":{"rendered":"http:\/\/fleschmazowsza.com.pl\/?p=1973"},"modified":"2017-10-30T15:36:08","modified_gmt":"2017-10-30T14:36:08","slug":"opoznienie-na-budowie-zana","status":"publish","type":"post","link":"https:\/\/fleschmazowsza.com.pl\/?p=1973","title":{"rendered":"Op\u00f3\u017anienie na budowie Zana"},"content":{"rendered":"<p><strong>Zako\u0144czenie budowy nowej siedziby Liceum Og\u00f3lnokszta\u0142c\u0105cego im. T. Zana zaplanowane by\u0142o na po\u0142ow\u0119 listopada br. Ju\u017c teraz wiadomo, \u017ce wykonawcy nie uda si\u0119 dotrzyma\u0107 tego terminu.<\/strong><\/p>\n<p>O potrzebie budowy nowego budynku dla Zespo\u0142u Szk\u00f3\u0142 Og\u00f3lnokszta\u0142c\u0105cych im. Tomasza Zana m\u00f3wi\u0142o si\u0119 ju\u017c od dawna. Dwa lata temu, po przeprowadzeniu przetargu na wykonawc\u0119 inwestycji, przyst\u0105piono do pierwszych prac na terenie budowy nowego obiektu liceum. Przebieg inwestycji zaplanowano na dwa, bezpo\u015brednio po sobie nast\u0119puj\u0105ce etapy, kt\u00f3re mia\u0142y by\u0107 realizowane w latach 2015-2017.<\/p>\n<p>W trakcie pierwszego etapu budowana by\u0142a cz\u0119\u015b\u0107 edukacyjna budynku od strony ul. Obro\u0144c\u00f3w Pokoju i ul. Ko\u015bciuszki wraz z doj\u015bciami umo\u017cliwiaj\u0105cymi przeniesienie szko\u0142y i oddanie do u\u017cytku. Zgodnie z umow\u0105, etap ten oddano do u\u017cytku uczni\u00f3w na pocz\u0105tku 2017 r. W\u00f3wczas rozpocz\u0119\u0142a si\u0119 rozbi\u00f3rka starej plac\u00f3wki, budowa sali sportowej oraz otwartego boiska. Zako\u0144czenie budowy nowej siedziby Liceum Og\u00f3lnokszta\u0142c\u0105cego im. T. Zana zaplanowane by\u0142o na 15 listopada br. Ju\u017c dzi\u015b wiadomo, \u017ce wykonawcy nie uda si\u0119 dotrzyma\u0107 tego terminu.<\/p>\n<p>W\u0142adze starostwa powiatowego przesun\u0119\u0142y termin zako\u0144czenia rob\u00f3t na koniec stycznia przysz\u0142ego roku. Z czego wynika op\u00f3\u017anienie?<\/p>\n<p>\u2013 Generalnie projekt zak\u0142ada\u0142 inne rozwi\u0105zania konstrukcyjne, kt\u00f3re by\u0142y mo\u017cliwe do wprowadzenia przy 100% bezpiecze\u0144stwie lokator\u00f3w z s\u0105siedniej kamienicy. Natomiast w przypadku gdy nie uzyskali\u015bmy zgody i woli, by na wszelki wypadek lokatorzy opu\u015bcili mieszkania, uznali\u015bmy \u017ce trzeba by\u0107 pewnym na 150%, \u017ce nic si\u0119 nie stanie. To wymusi\u0142o na nas zmiany projektowe i sale trzeba by\u0142o przesun\u0105\u0107 o 20-30 centymetr\u00f3w. Konieczne by\u0142o zastosowanie specjalnych podp\u00f3r \u2013 m\u00f3wi Maksym Go\u0142o\u015b, Starosta Pruszkowski. \u2013 Te zmiany wymusi\u0142y przesuni\u0119cie w czasie prac na poziomie posadzki i gruntu. Teraz mo\u017cemy przyst\u0105pi\u0107 do rob\u00f3t wewn\u0105trz budynku \u2013 doda\u0142.<\/p>\n<p style=\"text-align: right;\">Tekst i foto: <strong>Kinga Rochalska<\/strong><\/p>\n","protected":false},"excerpt":{"rendered":"<p>Zako\u0144czenie budowy nowej siedziby Liceum Og\u00f3lnokszta\u0142c\u0105cego im. T. Zana zaplanowane by\u0142o na po\u0142ow\u0119 listopada br. Ju\u017c teraz wiadomo, \u017ce wykonawcy nie uda si\u0119 dotrzyma\u0107 tego terminu. O potrzebie budowy nowego budynku dla Zespo\u0142u Szk\u00f3\u0142 Og\u00f3lnokszta\u0142c\u0105cych im. Tomasza Zana m\u00f3wi\u0142o si\u0119 ju\u017c od dawna. Dwa lata temu, po przeprowadzeniu przetargu na wykonawc\u0119 inwestycji, przyst\u0105piono do pierwszych [&hellip;]<\/p>\n","protected":false},"author":2,"featured_media":1974,"comment_status":"closed","ping_status":"open","sticky":false,"template":"","format":"standard","meta":{"footnotes":""},"categories":[9,5],"tags":[],"class_list":["post-1973","post","type-post","status-publish","format-standard","has-post-thumbnail","hentry","category-edukacja","category-wiadomosci"],"_links":{"self":[{"href":"https:\/\/fleschmazowsza.com.pl\/index.php?rest_route=\/wp\/v2\/posts\/1973","targetHints":{"allow":["GET"]}}],"collection":[{"href":"https:\/\/fleschmazowsza.com.pl\/index.php?rest_route=\/wp\/v2\/posts"}],"about":[{"href":"https:\/\/fleschmazowsza.com.pl\/index.php?rest_route=\/wp\/v2\/types\/post"}],"author":[{"embeddable":true,"href":"https:\/\/fleschmazowsza.com.pl\/index.php?rest_route=\/wp\/v2\/users\/2"}],"replies":[{"embeddable":true,"href":"https:\/\/fleschmazowsza.com.pl\/index.php?rest_route=%2Fwp%2Fv2%2Fcomments&post=1973"}],"version-history":[{"count":1,"href":"https:\/\/fleschmazowsza.com.pl\/index.php?rest_route=\/wp\/v2\/posts\/1973\/revisions"}],"predecessor-version":[{"id":1975,"href":"https:\/\/fleschmazowsza.com.pl\/index.php?rest_route=\/wp\/v2\/posts\/1973\/revisions\/1975"}],"wp:featuredmedia":[{"embeddable":true,"href":"https:\/\/fleschmazowsza.com.pl\/index.php?rest_route=\/wp\/v2\/media\/1974"}],"wp:attachment":[{"href":"https:\/\/fleschmazowsza.com.pl\/index.php?rest_route=%2Fwp%2Fv2%2Fmedia&parent=1973"}],"wp:term":[{"taxonomy":"category","embeddable":true,"href":"https:\/\/fleschmazowsza.com.pl\/index.php?rest_route=%2Fwp%2Fv2%2Fcategories&post=1973"},{"taxonomy":"post_tag","embeddable":true,"href":"https:\/\/fleschmazowsza.com.pl\/index.php?rest_route=%2Fwp%2Fv2%2Ftags&post=1973"}],"curies":[{"name":"wp","href":"https:\/\/api.w.org\/{rel}","templated":true}]}}