{"id":197,"date":"2016-10-20T14:53:32","date_gmt":"2016-10-20T13:53:32","guid":{"rendered":"http:\/\/fleschmazowsza.com.pl\/?p=197"},"modified":"2016-10-20T14:58:02","modified_gmt":"2016-10-20T13:58:02","slug":"nie-bedzie-likwidacji-grodziskiej-kladki","status":"publish","type":"post","link":"https:\/\/fleschmazowsza.com.pl\/?p=197","title":{"rendered":"Nie b\u0119dzie likwidacji grodziskiej k\u0142adki"},"content":{"rendered":"<p><strong>Na razie nie b\u0119dzie likwidacji k\u0142adki nad torami. Jak wynika ze zdobytych przez nas informacji aktualnie nie ma mo\u017cliwo\u015bci jej demonta\u017cu, a PKP przygotowuj\u0105 si\u0119 do kapitalnego remontu k\u0142adki.<\/strong><\/p>\n<p>Mimo, i\u017c na grodziskim dworcu mo\u017cna korzysta\u0107 tak\u017ce z podziemnego przej\u015bcia pod torami kolejowymi, to k\u0142adka nadal pozostanie. Ju\u017c teraz pojawiaj\u0105 si\u0119 g\u0142osy, \u017ce w przysz\u0142o\u015bci dojdzie do jej demonta\u017cu.<\/p>\n<p>\u2013 Mieszkam przy ul. Traugutta w Grodzisku i wydostanie si\u0119 do centrum miasta by\u0142o dla mnie du\u017cym problemem, ale po budowie przej\u015bcia podziemnego istnieje dodatkowa alternatywa, z kt\u00f3rej bez problemu mog\u0119 korzysta\u0107 \u2013 m\u00f3wi pani Krystyna, mieszkanka grodziskiej dzielnicy \u0141\u0105ki.<\/p>\n<p>Przej\u015bcie podziemne dodatkowo wyposa\u017cone jest w windy dla os\u00f3b o ograniczonej mobilno\u015bci.<\/p>\n<p>\u2013 Owszem zatrudniono pracownik\u00f3w, kt\u00f3rzy pomagaj\u0105 w wydostaniu si\u0119 do centrum, ale zazwyczaj dotyczy to przenoszenia rower\u00f3w lub w\u00f3zk\u00f3w, gdy o pomoc prosz\u0105 matki z dzie\u0107mi. Natomiast osoby s\u0142abo widz\u0105ce, takie jak ja, pozostawione s\u0105 same sobie, dlatego korzystam z przej\u015bcia podziemnego \u2013 podkre\u015bla rozm\u00f3wczyni.<\/p>\n<p>Jak wynika z informacji przekazanych przez pracownik\u00f3w magistratu, przej\u015bcie nad torami PKP nie zostanie na razie zlikwidowane. K\u0142adka pozostanie dodatkowym przej\u015bciem dla mieszka\u0144c\u00f3w, szczeg\u00f3lnie tych, kt\u00f3rzy s\u0105 m\u0142odzi i mog\u0105 samodzielnie funkcjonowa\u0107.<\/p>\n<p>Stan k\u0142adki r\u00f3wnie\u017c uleg\u0142 znacznej poprawie. Pod\u0142o\u017ce zbudowane z p\u0142yty betonowej mia\u0142o do tej pory widoczne ubytki i bezpiecze\u0144stwo pozostawa\u0142o wiele do \u017cyczenia. Szczeg\u00f3lnie nara\u017cone by\u0142y osoby z zaawansowan\u0105 wad\u0105 wzroku. Co prawda, pomalowano barierki i por\u0119cze, ale by\u0142y to bardziej prace zwi\u0105zane z estetyk\u0105 ni\u017c z usuwaniem realnych zagro\u017ce\u0144, jakie czyhaj\u0105 na podr\u00f3\u017cnych. Jednak, jak zapewniaj\u0105 w\u0142adze miasta ju\u017c niebawem rusz\u0105 dalsze prace remontowe.<\/p>\n<p>&#8211; Burmistrz Grodziska nie ma \u017cadnej wiedzy na temat likwidacji k\u0142adki dla pieszych nad torami kolejowymi usytuowanej w rejonie stacji Grodzisk Mazowiecki \u2013 informuje Zdzis\u0142aw Brzezi\u0144ski, doradca burmistrza. &#8211; Wprost przeciwnie, wed\u0142ug wiedzy Burmistrza w\u0142a\u015bciciel i zarz\u0105dca infrastruktury kolejowej, kt\u00f3rym jest PKP Polskie Linie Kolejowe S.A. przygotowuj\u0105 si\u0119 do kapitalnego remontu k\u0142adki \u2013 dodaje.<\/p>\n<p>Dlatego ju\u017c niebawem, mieszka\u0144cy b\u0119d\u0105 mogli przedostawa\u0107 si\u0119 na drug\u0105 stron\u0119 miasta korzystaj\u0105c nie tylko z dobrze wyposa\u017conego przej\u015bcia podziemnego, ale tak\u017ce poruszaj\u0105c si\u0119 po wyremontowanej k\u0142adce, kt\u00f3ra z pewno\u015bci\u0105 zapewni przechodniom komfort i bezpiecze\u0144stwo.<\/p>\n<p style=\"text-align: right;\">Tekst i foto:<\/p>\n<p style=\"text-align: right;\"><strong>Daria G\u0142owacka<\/strong><\/p>\n","protected":false},"excerpt":{"rendered":"<p>Na razie nie b\u0119dzie likwidacji k\u0142adki nad torami. Jak wynika ze zdobytych przez nas informacji aktualnie nie ma mo\u017cliwo\u015bci jej demonta\u017cu, a PKP przygotowuj\u0105 si\u0119 do kapitalnego remontu k\u0142adki. Mimo, i\u017c na grodziskim dworcu mo\u017cna korzysta\u0107 tak\u017ce z podziemnego przej\u015bcia pod torami kolejowymi, to k\u0142adka nadal pozostanie. Ju\u017c teraz pojawiaj\u0105 si\u0119 g\u0142osy, \u017ce w przysz\u0142o\u015bci [&hellip;]<\/p>\n","protected":false},"author":2,"featured_media":201,"comment_status":"closed","ping_status":"open","sticky":false,"template":"","format":"standard","meta":{"footnotes":""},"categories":[5],"tags":[],"class_list":["post-197","post","type-post","status-publish","format-standard","has-post-thumbnail","hentry","category-wiadomosci"],"_links":{"self":[{"href":"https:\/\/fleschmazowsza.com.pl\/index.php?rest_route=\/wp\/v2\/posts\/197","targetHints":{"allow":["GET"]}}],"collection":[{"href":"https:\/\/fleschmazowsza.com.pl\/index.php?rest_route=\/wp\/v2\/posts"}],"about":[{"href":"https:\/\/fleschmazowsza.com.pl\/index.php?rest_route=\/wp\/v2\/types\/post"}],"author":[{"embeddable":true,"href":"https:\/\/fleschmazowsza.com.pl\/index.php?rest_route=\/wp\/v2\/users\/2"}],"replies":[{"embeddable":true,"href":"https:\/\/fleschmazowsza.com.pl\/index.php?rest_route=%2Fwp%2Fv2%2Fcomments&post=197"}],"version-history":[{"count":1,"href":"https:\/\/fleschmazowsza.com.pl\/index.php?rest_route=\/wp\/v2\/posts\/197\/revisions"}],"predecessor-version":[{"id":203,"href":"https:\/\/fleschmazowsza.com.pl\/index.php?rest_route=\/wp\/v2\/posts\/197\/revisions\/203"}],"wp:featuredmedia":[{"embeddable":true,"href":"https:\/\/fleschmazowsza.com.pl\/index.php?rest_route=\/wp\/v2\/media\/201"}],"wp:attachment":[{"href":"https:\/\/fleschmazowsza.com.pl\/index.php?rest_route=%2Fwp%2Fv2%2Fmedia&parent=197"}],"wp:term":[{"taxonomy":"category","embeddable":true,"href":"https:\/\/fleschmazowsza.com.pl\/index.php?rest_route=%2Fwp%2Fv2%2Fcategories&post=197"},{"taxonomy":"post_tag","embeddable":true,"href":"https:\/\/fleschmazowsza.com.pl\/index.php?rest_route=%2Fwp%2Fv2%2Ftags&post=197"}],"curies":[{"name":"wp","href":"https:\/\/api.w.org\/{rel}","templated":true}]}}