{"id":1963,"date":"2017-10-30T15:26:36","date_gmt":"2017-10-30T14:26:36","guid":{"rendered":"http:\/\/fleschmazowsza.com.pl\/?p=1963"},"modified":"2017-10-30T15:26:36","modified_gmt":"2017-10-30T14:26:36","slug":"placowka-na-bakach-prawie-gotowa","status":"publish","type":"post","link":"https:\/\/fleschmazowsza.com.pl\/?p=1963","title":{"rendered":"Plac\u00f3wka na B\u0105kach prawie gotowa"},"content":{"rendered":"<p><strong>Prace zwi\u0105zane z budow\u0105 kompleksu o\u015bwiatowego w pruszkowskiej dzielnicy B\u0105ki zbli\u017caj\u0105 si\u0119 do fina\u0142u. Zako\u0144czenie rob\u00f3t planowane jest na 2018 r. Sprawdzili\u015bmy, kiedy w plac\u00f3wce pojawi\u0105 si\u0119 pierwsi uczniowie.<\/strong><\/p>\n<p>W pruszkowskiej dzielnicy B\u0105ki brakuje wielu udogodnie\u0144 dla najm\u0142odszych mieszka\u0144c\u00f3w, m.in.: szk\u00f3\u0142, \u017c\u0142obk\u00f3w i przedszkoli. Zbli\u017caj\u0105ca si\u0119 do fina\u0142u budowa kompleksu o\u015bwiatowego po p\u00f3\u0142nocno-wschodniej stronie miasta ma rozwi\u0105za\u0107 problemy mieszka\u0144c\u00f3w. Nowoczesna plac\u00f3wka o\u015bwiatowa powstaje przy ul. Jarzynowej.<\/p>\n<p style=\"text-align: center;\"><strong>Kompleks o\u015bwiatowy na B\u0105kach<\/strong><\/p>\n<p>Wed\u0142ug za\u0142o\u017ce\u0144 projektant\u00f3w, przedszkole i \u017c\u0142obek znajdowa\u0107 si\u0119 b\u0119d\u0105 w jednym budynku po\u0142\u0105czonym wsp\u00f3lnym dzieci\u0144cem i sal\u0105 rekreacyjn\u0105. B\u0119dzie to energooszcz\u0119dny i przyjazdy dla dzieci budynek o powierzchni zabudowy 3 195 m kw. i kubaturze ponad 9,5 tys. m kw. Obiekt przeznaczony b\u0119dzie dla 250 dzieci \u2013 150 w \u017c\u0142obku oraz 100 w przedszkolu.<\/p>\n<p>Wraz z budynkiem powstaje otaczaj\u0105ca go infrastruktura m.in. place zabaw, ziele\u0144ce, elementy ma\u0142ej architektury oraz parkingi dla rodzic\u00f3w dowo\u017c\u0105cych dzieci. Budynek i jego otoczenie b\u0119d\u0105 przystosowane dla os\u00f3b niepe\u0142nosprawnych. Budynek szko\u0142y podstawowej ma by\u0107 obiektem nieco wi\u0119kszym. Zgodnie z planami, szko\u0142a ma sk\u0142ada\u0107 si\u0119 z o\u015bmiu oddzia\u0142\u00f3w klas 0-III dla dzieci w wieku od 5 do 9 lat oraz z sze\u015bciu oddzia\u0142\u00f3w klas IV-VI. Przyjmie ona 350 uczni\u00f3w.<\/p>\n<p>Szko\u0142a zostanie wyposa\u017cona w nowoczesn\u0105 bibliotek\u0119 multimedialn\u0105, bibliotek\u0119 z czytelni\u0105 oraz szereg pracowni naukowych. Powsta\u0107 ma tak\u017ce sala gimnastyczna z aren\u0105 sportow\u0105 wraz z zapleczem sanitarno-szatniowym, sta\u0142\u0105 scen\u0105 i trybunami. Co wi\u0119cej, na terenie obj\u0119tym inwestycj\u0105 zostanie wybudowany plac zabaw dla dzieci, boiska do pi\u0142ki no\u017cnej, boisko wielofunkcyjne, a tak\u017ce bie\u017cnia. Termin zako\u0144czenia prac wyznaczono na 2018 r.<\/p>\n<p style=\"text-align: center;\"><strong>Budowa na ostatniej prostej<\/strong><\/p>\n<p>Sprawdzili\u015bmy jak wygl\u0105daj\u0105 post\u0119py na budowie.<\/p>\n<p>\u2013 Ca\u0142y obiekt wygl\u0105da bardzo ciekawie i atrakcyjnie. Prace nadal trwaj\u0105. Do zagospodarowania mamy jeszcze ca\u0142y teren wok\u00f3\u0142 kompleksu, ale wszystko idzie zgodnie z planem \u2013 m\u00f3wi Micha\u0142 Landowski, wiceprezydent Pruszkowa.<\/p>\n<p>Wszystko wskazuje na to, \u017ce termin zako\u0144czenia prac nie jest zagro\u017cony. Kiedy wi\u0119c w plac\u00f3wce pojawi\u0105 si\u0119 pierwsi uczniowie? Jak wskazuj\u0105 w\u0142adze miasta, po zako\u0144czeniu budowy przyjdzie czas na powo\u0142anie plac\u00f3wki i wyb\u00f3r dyrektora.<\/p>\n<p>\u2013 Po wyborze dyrektora dochodzi r\u00f3wnie\u017c nab\u00f3r kadry i pracownik\u00f3w, a to b\u0119dziemy musieli robi\u0107 ju\u017c wed\u0142ug nowych wytycznych, kt\u00f3re maj\u0105 zacz\u0105\u0107 obowi\u0105zywa\u0107 od przysz\u0142ego roku. Dlatego uruchomienie szko\u0142y nie nast\u0105pi przed 1 wrze\u015bnia 2018 r. \u2013 komentuje wiceprezydent Pruszkowa.<\/p>\n<p>Po otwarciu szko\u0142y b\u0119d\u0105 do niej ucz\u0119szcza\u0107 nie tylko najm\u0142odsze roczniki rozpoczynaj\u0105ce edukacje. Ju\u017c teraz w Szkole Podstawowej nr 9 zosta\u0142y wydzielone klasy, kt\u00f3re zosta\u0142y wytypowane do przeniesienia do nowej szko\u0142y. W\u0142adze miasta, do przeniesienia dzieci do szko\u0142y na B\u0105kach, zach\u0119caj\u0105 tak\u017ce rodzic\u00f3w uczni\u00f3w ucz\u0119szczaj\u0105cych do piastowskich plac\u00f3wek.<\/p>\n<p style=\"text-align: right;\"><strong>Kinga Rochalska<\/strong><\/p>\n<p style=\"text-align: right;\"><strong>Fot. <em><a href=\"http:\/\/www.pruszkow.pl\">www.pruszkow.pl<\/a><\/em><\/strong><\/p>\n","protected":false},"excerpt":{"rendered":"<p>Prace zwi\u0105zane z budow\u0105 kompleksu o\u015bwiatowego w pruszkowskiej dzielnicy B\u0105ki zbli\u017caj\u0105 si\u0119 do fina\u0142u. Zako\u0144czenie rob\u00f3t planowane jest na 2018 r. Sprawdzili\u015bmy, kiedy w plac\u00f3wce pojawi\u0105 si\u0119 pierwsi uczniowie. W pruszkowskiej dzielnicy B\u0105ki brakuje wielu udogodnie\u0144 dla najm\u0142odszych mieszka\u0144c\u00f3w, m.in.: szk\u00f3\u0142, \u017c\u0142obk\u00f3w i przedszkoli. Zbli\u017caj\u0105ca si\u0119 do fina\u0142u budowa kompleksu o\u015bwiatowego po p\u00f3\u0142nocno-wschodniej stronie miasta [&hellip;]<\/p>\n","protected":false},"author":2,"featured_media":1964,"comment_status":"closed","ping_status":"open","sticky":false,"template":"","format":"standard","meta":{"footnotes":""},"categories":[9,6],"tags":[],"class_list":["post-1963","post","type-post","status-publish","format-standard","has-post-thumbnail","hentry","category-edukacja","category-kultura"],"_links":{"self":[{"href":"https:\/\/fleschmazowsza.com.pl\/index.php?rest_route=\/wp\/v2\/posts\/1963","targetHints":{"allow":["GET"]}}],"collection":[{"href":"https:\/\/fleschmazowsza.com.pl\/index.php?rest_route=\/wp\/v2\/posts"}],"about":[{"href":"https:\/\/fleschmazowsza.com.pl\/index.php?rest_route=\/wp\/v2\/types\/post"}],"author":[{"embeddable":true,"href":"https:\/\/fleschmazowsza.com.pl\/index.php?rest_route=\/wp\/v2\/users\/2"}],"replies":[{"embeddable":true,"href":"https:\/\/fleschmazowsza.com.pl\/index.php?rest_route=%2Fwp%2Fv2%2Fcomments&post=1963"}],"version-history":[{"count":1,"href":"https:\/\/fleschmazowsza.com.pl\/index.php?rest_route=\/wp\/v2\/posts\/1963\/revisions"}],"predecessor-version":[{"id":1965,"href":"https:\/\/fleschmazowsza.com.pl\/index.php?rest_route=\/wp\/v2\/posts\/1963\/revisions\/1965"}],"wp:featuredmedia":[{"embeddable":true,"href":"https:\/\/fleschmazowsza.com.pl\/index.php?rest_route=\/wp\/v2\/media\/1964"}],"wp:attachment":[{"href":"https:\/\/fleschmazowsza.com.pl\/index.php?rest_route=%2Fwp%2Fv2%2Fmedia&parent=1963"}],"wp:term":[{"taxonomy":"category","embeddable":true,"href":"https:\/\/fleschmazowsza.com.pl\/index.php?rest_route=%2Fwp%2Fv2%2Fcategories&post=1963"},{"taxonomy":"post_tag","embeddable":true,"href":"https:\/\/fleschmazowsza.com.pl\/index.php?rest_route=%2Fwp%2Fv2%2Ftags&post=1963"}],"curies":[{"name":"wp","href":"https:\/\/api.w.org\/{rel}","templated":true}]}}