{"id":1957,"date":"2017-10-30T15:15:25","date_gmt":"2017-10-30T14:15:25","guid":{"rendered":"http:\/\/fleschmazowsza.com.pl\/?p=1957"},"modified":"2017-10-30T15:15:25","modified_gmt":"2017-10-30T14:15:25","slug":"ursus-daje-sie-poznac","status":"publish","type":"post","link":"https:\/\/fleschmazowsza.com.pl\/?p=1957","title":{"rendered":"Ursus daje si\u0119 pozna\u0107"},"content":{"rendered":"<p><strong>Czy warto przyjecha\u0107 do Ursusa, je\u015bli si\u0119 tu nie mieszka i nie pracuje? Czy jest tu co\u015b, poza osiedlami mieszkaniowymi i lokalnymi instytucjami, co\u015b co wyr\u00f3\u017cnia\u0142oby go spo\u015br\u00f3d innych dzielnic Warszawy, stanowi\u0142o jego to\u017csamo\u015b\u0107?<\/strong><\/p>\n<p>To pytanie zadaje sobie wielu podr\u00f3\u017cnych spoza tej dzielnicy. Od stycznia bie\u017c\u0105cego roku odpowied\u017a jest pozytywna. Powsta\u0142a tu bowiem Izba To\u017csamo\u015bci Ursusa. O szczeg\u00f3\u0142y spyta\u0142am jej prowadz\u0105c\u0105, Agnieszk\u0119 Gorzkowsk\u0105.<\/p>\n<p><strong>Sk\u0105d wzi\u0105\u0142 si\u0119 pomys\u0142 za\u0142o\u017cenia Izby To\u017csamo\u015bci Ursusa?<\/strong><\/p>\n<p>To inicjatywa zast\u0119pcy burmistrza Dzielnicy Ursus, Kazimierza Sternika, zrealizowana w porozumieniu z dyrektorem O\u015brodka Kultury \u201eARSUS\u201d, Bogus\u0142awem \u0141opuszy\u0144skim. Zanim odby\u0142o si\u0119 oficjalne otwarcie w grudniu 2016 roku, trwa\u0142y wielomiesi\u0119czne przygotowania. Odremontowano pomieszczenie znajduj\u0105ce si\u0119 w piwnicy, w kt\u00f3rej odbywa\u0142y si\u0119 kiedy\u015b koncerty.<\/p>\n<p>Zakupiono gabloty muzealne, w kt\u00f3rych wystawiono pierwsze eksponaty i archiwalia od organizacji dzia\u0142aj\u0105cych w Ursusie. Pierwsz\u0105 zbi\u00f3rk\u0119 eksponat\u00f3w poprzedzi\u0142y zebrania organizacji ursuskich z w\u0142adzami dzielnicy i O\u015brodka Kultury \u201eARSUS\u201d. Chcia\u0142abym przypomnie\u0107, jako ciekawostk\u0119, \u017ce od 1969 roku do lat 90., dok\u0142adnie w tym samym miejscu, gdzie dzi\u015b funkcjonuje Izba, znajdowa\u0142o si\u0119 Muzeum Zak\u0142ad\u00f3w Mechanicznych \u201eURSUS\u201d. Mo\u017cna wi\u0119c powiedzie\u0107, \u017ce historia zatoczy\u0142a ko\u0142o.<\/p>\n<p><strong>Kt\u00f3re organizacje Was wspar\u0142y?<\/strong><\/p>\n<p>Otrzymali\u015bmy eksponaty od Ochotniczej Stra\u017cy Po\u017carnej w Ursusie, Zwi\u0105zku Kombatant\u00f3w Rzeczypospolitej Polskiej i By\u0142ych Wi\u0119\u017ani\u00f3w Politycznych, Ko\u0142a nr 6 HELEN\u00d3W, \u015awiatowego Zwi\u0105zku \u017bo\u0142nierzy Armii Krajowej w Ursusie, Harcerskiego Kr\u0119gu Senior\u00f3w w Ursusie, Towarzystwa Uniwersytetu Trzeciego Wieku, RKS \u201eUrsus\u201d, UTS AKRO-BAD oraz O\u015brodka Kultury \u201eARSUS\u201d. W Izbie znajduje si\u0119 te\u017c wystawa z okazji 30-tej rocznicy Czerwca \u201876, podarowana przez IPN oraz wystawa Fundacji Dla Ursusa na temat stanu wojennego w Ursusie. Na uwag\u0119 zas\u0142uguj\u0105 te\u017c reporterskie zdj\u0119cia Ursusa z perspektywy kilkudziesi\u0119ciu lat, wykonane przez fotografa-legend\u0119: Ireneusza Barskiego. Zbior\u00f3w wci\u0105\u017c przybywa dzi\u0119ki darczy\u0144com indywidualnym i instytucjonalnym. Niedawno wypo\u017cyczyli\u015bmy od Urz\u0119du Dzielnicy Ursus wystawy o rodach Ursusa. Otrzymali\u015bmy od mieszka\u0144c\u00f3w kilka unikalnych p\u0142\u00f3cien przedstawiaj\u0105cych Ursus i fabryk\u0119, wydawnictwa drugoobiegowe, odznaczenia, miniatury ci\u0105gnik\u00f3w, a nawet waz\u0119 ze znakiem firmowym \u201eURSUS\u201d wykonan\u0105 w czasach PRL w Fabryce Fajansu W\u0142oc\u0142awek. Mog\u0142abym jeszcze d\u0142ugo wymienia\u0107.<\/p>\n<p><strong>Do kogo kierowana jest dzia\u0142alno\u015b\u0107 Izby To\u017csamo\u015bci Ursusa?<\/strong><\/p>\n<p>Do wszystkich, kt\u00f3rzy s\u0105 ciekawi bogatej historii naszego obszaru. Odwiedza nas coraz wi\u0119cej grup z ursuskich szk\u00f3\u0142. Zauwa\u017cy\u0142am, \u017ce ju\u017c niewielu uczni\u00f3w ma korzenie w Ursusie. Dzielnica Ursus w ostatnich latach odnotowuje wzrost liczby mieszka\u0144c\u00f3w. Osiedla si\u0119 tu wiele os\u00f3b, r\u00f3wnie\u017c z innych cz\u0119\u015bci Polski. Szczeg\u00f3lnie w\u0142a\u015bnie dla nich stwarzamy mo\u017cliwo\u015b\u0107 poznania to\u017csamo\u015bci miejsca, w kt\u00f3rym obecnie \u017cyj\u0105.<\/p>\n<p><strong>Co wydarzy\u0142o si\u0119 w ci\u0105gu tych kilku miesi\u0119cy dzia\u0142ania Izby?<\/strong><\/p>\n<p>Pr\u00f3cz ci\u0105g\u0142ego pozyskiwania eksponat\u00f3w, reorganizacji zbior\u00f3w w celu uzyskania jak najlepszej przestrzeni wystawienniczej, dzia\u0142alno\u015bci promocyjnej, ju\u017c w lutym br. do\u0142\u0105czyli\u015bmy do sieci Archiw\u00f3w Spo\u0142ecznych nadzorowanych przez O\u015brodek KARTA, sk\u0105d otrzymali\u015bmy te\u017c, po kilku szkoleniach, program do opisu zbior\u00f3w archiwalnych oraz do zarz\u0105dzania nimi. Rozpocz\u0119li\u015bmy te\u017c skanowanie dokument\u00f3w. Zorganizowali\u015bmy w Izbie To\u017csamo\u015bci Ursusa pierwsz\u0105 Noc Muze\u00f3w. W\u0142\u0105czyli\u015bmy si\u0119 do pionierskiego w Ursusie projektu \u201eKulturalnych podw\u00f3rek\u201d. Napisali\u015bmy projekt w Bud\u017cecie Partycypacyjnym na rok 2018 \u2013 zwyci\u0119\u017cy\u0142 w g\u0142osowaniu mieszka\u0144c\u00f3w, kt\u00f3rym jeszcze raz pragn\u0119 serdecznie podzi\u0119kowa\u0107. Opowiadali\u015bmy o historii parafii na terenie dzielnicy podczas tegorocznego Festiwalu O\u015bwiatowego Przedszkoli i Szk\u00f3\u0142 z Dzielnicy Ursus. W pa\u017adzierniku po raz pierwszy w\u0142\u0105czyli\u015bmy si\u0119, jako jedyna instytucja w dzielnicy, do V Warszawskiego Festiwalu Kultury Bez Barier. W ramach wydarzenia oprowadzali\u015bmy po opracowanej specjalnie trasie m. in. grup\u0119 os\u00f3b z niepe\u0142nosprawno\u015bciami.<\/p>\n<p><strong>Jakie s\u0105 plany na przysz\u0142o\u015b\u0107?<\/strong><\/p>\n<p>Wiele zale\u017cy od plan\u00f3w i ich realizacji przez w\u0142adze Dzielnicy Ursus. Za kilka lat O\u015brodek Kultury \u201eARSUS\u201d, zatem i Izba To\u017csamo\u015bci Ursusa, maj\u0105 zosta\u0107 przeniesione do nowoczesnego budownictwa. Dobrze zaprojektowana, zgodnie ze standardami, architektura wn\u0119trz stwarza ogromne pole do rozwoju dzia\u0142alno\u015bci kulturalnej, tak\u017ce muzealnej. Cudownie by\u0142oby, gdyby uda\u0142o nam si\u0119 stworzy\u0107 ekspozycj\u0119 sta\u0142\u0105, na miar\u0119 XXI wieku, niekoniecznie naszpikowan\u0105 multimediami, bazuj\u0105c na zbiorach Izby oraz kolekcji po dawnych Zak\u0142adach Mechanicznych \u201eURSUS\u201d (nie b\u0119d\u0105cej wci\u0105\u017c w\u0142asno\u015bci\u0105 Dzielnicy). A nie wybiegaj\u0105c zbytnio w przysz\u0142o\u015b\u0107, planujemy m. in. spacery z przewodnikami po Ursusie, spotkania, nowe ciekawe wystawy czasowe. Nie chcia\u0142abym wszystkiego teraz ujawnia\u0107. Zapraszamy serdecznie do O\u015brodka Kultury \u201eARSUS\u201d oraz Izby To\u017csamo\u015bci Ursusa.<\/p>\n<p><strong>Dzi\u0119kuj\u0119 za rozmow\u0119 i \u017cycz\u0119 wielu odwiedzaj\u0105cych.<\/strong><\/p>\n<p style=\"text-align: center;\"><strong>***<\/strong><\/p>\n<p>Zach\u0119camy do oddawania pami\u0105tek zwi\u0105zanych z Ursusem.<\/p>\n<p>Kontakt: <a href=\"mailto:agnieszka.gorzkowska@arsus.pl\">agnieszka.gorzkowska@arsus.pl<\/a> lub tel. 22 478 27 70<\/p>\n<p>&nbsp;<\/p>\n<p style=\"text-align: right;\"><strong>Lucyna D\u0105browska<\/strong><\/p>\n","protected":false},"excerpt":{"rendered":"<p>Czy warto przyjecha\u0107 do Ursusa, je\u015bli si\u0119 tu nie mieszka i nie pracuje? Czy jest tu co\u015b, poza osiedlami mieszkaniowymi i lokalnymi instytucjami, co\u015b co wyr\u00f3\u017cnia\u0142oby go spo\u015br\u00f3d innych dzielnic Warszawy, stanowi\u0142o jego to\u017csamo\u015b\u0107? To pytanie zadaje sobie wielu podr\u00f3\u017cnych spoza tej dzielnicy. Od stycznia bie\u017c\u0105cego roku odpowied\u017a jest pozytywna. Powsta\u0142a tu bowiem Izba To\u017csamo\u015bci [&hellip;]<\/p>\n","protected":false},"author":2,"featured_media":1958,"comment_status":"closed","ping_status":"open","sticky":false,"template":"","format":"standard","meta":{"footnotes":""},"categories":[9,6,8],"tags":[],"class_list":["post-1957","post","type-post","status-publish","format-standard","has-post-thumbnail","hentry","category-edukacja","category-kultura","category-roznosci"],"_links":{"self":[{"href":"https:\/\/fleschmazowsza.com.pl\/index.php?rest_route=\/wp\/v2\/posts\/1957","targetHints":{"allow":["GET"]}}],"collection":[{"href":"https:\/\/fleschmazowsza.com.pl\/index.php?rest_route=\/wp\/v2\/posts"}],"about":[{"href":"https:\/\/fleschmazowsza.com.pl\/index.php?rest_route=\/wp\/v2\/types\/post"}],"author":[{"embeddable":true,"href":"https:\/\/fleschmazowsza.com.pl\/index.php?rest_route=\/wp\/v2\/users\/2"}],"replies":[{"embeddable":true,"href":"https:\/\/fleschmazowsza.com.pl\/index.php?rest_route=%2Fwp%2Fv2%2Fcomments&post=1957"}],"version-history":[{"count":1,"href":"https:\/\/fleschmazowsza.com.pl\/index.php?rest_route=\/wp\/v2\/posts\/1957\/revisions"}],"predecessor-version":[{"id":1959,"href":"https:\/\/fleschmazowsza.com.pl\/index.php?rest_route=\/wp\/v2\/posts\/1957\/revisions\/1959"}],"wp:featuredmedia":[{"embeddable":true,"href":"https:\/\/fleschmazowsza.com.pl\/index.php?rest_route=\/wp\/v2\/media\/1958"}],"wp:attachment":[{"href":"https:\/\/fleschmazowsza.com.pl\/index.php?rest_route=%2Fwp%2Fv2%2Fmedia&parent=1957"}],"wp:term":[{"taxonomy":"category","embeddable":true,"href":"https:\/\/fleschmazowsza.com.pl\/index.php?rest_route=%2Fwp%2Fv2%2Fcategories&post=1957"},{"taxonomy":"post_tag","embeddable":true,"href":"https:\/\/fleschmazowsza.com.pl\/index.php?rest_route=%2Fwp%2Fv2%2Ftags&post=1957"}],"curies":[{"name":"wp","href":"https:\/\/api.w.org\/{rel}","templated":true}]}}