{"id":1945,"date":"2017-10-27T14:50:26","date_gmt":"2017-10-27T13:50:26","guid":{"rendered":"http:\/\/fleschmazowsza.com.pl\/?p=1945"},"modified":"2017-10-27T14:50:26","modified_gmt":"2017-10-27T13:50:26","slug":"dzien-seniora-w-milanowku","status":"publish","type":"post","link":"https:\/\/fleschmazowsza.com.pl\/?p=1945","title":{"rendered":"Dzie\u0144 Seniora w Milan\u00f3wku"},"content":{"rendered":"<p><strong>Jesie\u0144 to pora roku dedykowana tym spo\u015br\u00f3d nas, kt\u00f3rzy osi\u0105gn\u0119li jesie\u0144 swojego \u017cycia \u2013 w pa\u017adzierniku i listopadzie obchodzimy kolejno: Mi\u0119dzynarodowy Dzie\u0144 Os\u00f3b Starszych, Europejski Dzie\u0144 Seniora oraz Og\u00f3lnopolski Dzie\u0144 Seniora. A wi\u0119c \u015bwi\u0119tujemy zar\u00f3wno globalnie, jak i lokalnie. Wszystko za\u015b po to, aby kszta\u0142towa\u0107 spo\u0142eczn\u0105 postaw\u0119 szacunku wobec os\u00f3b starszych oraz wdro\u017cy\u0107 dzia\u0142ania, kt\u00f3re zapewni\u0105 seniorom zdrowe, aktywne i ciekawe \u017cycie.<\/strong><\/p>\n<p>21 pa\u017adziernika Milanowskie Centrum Kultury we wsp\u00f3\u0142pracy z Urz\u0119dem Miasta tradycyjnie ju\u017c zorganizowa\u0142o pota\u0144c\u00f3wk\u0119 przy muzyce na \u017cywo, wiecz\u00f3r przeznaczony specjalnie dla milanowskich senior\u00f3w.<\/p>\n<p>Impreza rozpocz\u0119\u0142a si\u0119 kr\u00f3tk\u0105 i mi\u0142\u0105 cz\u0119\u015bci\u0105 oficjaln\u0105 \u2013 Dyrektor MCK i Pani Burmistrz w serdecznym tonie powita\u0142y wszystkich obecnych go\u015bci, \u017cycz\u0105c im dobrej zabawy w gronie przyjaci\u00f3\u0142 oraz kondycji i wytrwa\u0142o\u015bci na parkiecie.<\/p>\n<p>Przedstawiciel samorz\u0105du przekaza\u0142 na r\u0119ce Prezes Zwi\u0105zku Emeryt\u00f3w i Rencist\u00f3w dekoracyjny bukiet delikatnych r\u00f3\u017c, adresowany do wszystkich obecnych pa\u0144, r\u00f3wnie\u017c tych niezrzeszonych. Ka\u017cdego z przyby\u0142ych senior\u00f3w, panie i pan\u00f3w, obdarowano czekoladowym upominkiem, kt\u00f3re w koszach roznosili m\u0142odzi pracownicy MCK.<\/p>\n<p>Korzystaj\u0105c z okazji przedstawicielka milanowskiego OPS, \u017cycz\u0105c go\u015bciom energii i pasji, poinformowa\u0142a, \u017ce O\u015brodek Pomocy Spo\u0142ecznej w\u0142\u0105czy\u0142 si\u0119 w polityk\u0119 senioraln\u0105 miasta. W pa\u017adzierniku uruchomi\u0142 Milanowsk\u0105 Szko\u0142\u0119 Aktywnego Seniora pod has\u0142em \u201eU nas zdob\u0119dziecie przepis na d\u0142ugowieczno\u015b\u0107\u201d. Ruszy\u0142y ju\u017c grupy z zaj\u0119\u0107 og\u00f3lno-kondycyjnych i j\u0119zyka angielskiego, b\u0119dzie te\u017c klub filmowy, zapisy na bezp\u0142atne zaj\u0119cia trwaj\u0105.<\/p>\n<p>Po cz\u0119\u015bci oficjalnej zabawa rozpocz\u0119\u0142a si\u0119 na dobre. Sala gimnastyczna Zespo\u0142u Szk\u00f3\u0142 przy ul. Piasta na t\u0105 okazj\u0119 zmieni\u0142a oblicze. Zawieszona pod sufitem lustrzana kula dyskotekowa spowi\u0142a w efekty \u015bwietlne pary ta\u0144cz\u0105ce na parkiecie. Trzyosobowa kameralna Orkiestra Macieja Kierzkowskiego przygrywa\u0142a ze sceny do ta\u0144ca, na harmonii, saksofonie i perkusji. W chwilach wytchnienia seniorzy raczyli si\u0119 ciastami i napojami przy sto\u0142ach.<\/p>\n<p>Kto nie mia\u0142 okazji ujrze\u0107 milanowskich senior\u00f3w na parkiecie, niech wie, \u017ce pi\u0119knie ta\u0144cz\u0105 \u2013 zar\u00f3wno klasycznie w parach, jak i rozrywkowo w spontanicznym k\u00f3\u0142eczku, tudzie\u017c solo w pojedynk\u0119. Odwa\u017cnie i bez namys\u0142u ruszaj\u0105 do walca, tanga czy rytm\u00f3w fokstrota. Muzycy znakomicie stworzyli ku temu atmosfer\u0119, graj\u0105c taneczne przeboje wszechczas\u00f3w, o wiele m\u00f3wi\u0105cych tytu\u0142ach: \u201eCicha woda brzegi rwie\u201d, \u201eJu\u017c taki jestem zimny dra\u0144\u201d czy porywaj\u0105cego, romantycznego walca z \u201eNocy i dni\u201d. Oraz wiele, wiele innych melodii, kt\u00f3re wszyscy bez wyj\u0105tku seniorzy znaj\u0105 z lat m\u0142odo\u015bci.<\/p>\n<p style=\"text-align: right;\"><strong>Sylwia Pa\u0144k\u00f3w<\/strong><\/p>\n<p style=\"text-align: right;\">Fot. <strong><em>Joanna Szamota<\/em><\/strong><\/p>\n","protected":false},"excerpt":{"rendered":"<p>Jesie\u0144 to pora roku dedykowana tym spo\u015br\u00f3d nas, kt\u00f3rzy osi\u0105gn\u0119li jesie\u0144 swojego \u017cycia \u2013 w pa\u017adzierniku i listopadzie obchodzimy kolejno: Mi\u0119dzynarodowy Dzie\u0144 Os\u00f3b Starszych, Europejski Dzie\u0144 Seniora oraz Og\u00f3lnopolski Dzie\u0144 Seniora. A wi\u0119c \u015bwi\u0119tujemy zar\u00f3wno globalnie, jak i lokalnie. Wszystko za\u015b po to, aby kszta\u0142towa\u0107 spo\u0142eczn\u0105 postaw\u0119 szacunku wobec os\u00f3b starszych oraz wdro\u017cy\u0107 dzia\u0142ania, kt\u00f3re [&hellip;]<\/p>\n","protected":false},"author":2,"featured_media":1946,"comment_status":"closed","ping_status":"open","sticky":false,"template":"","format":"standard","meta":{"footnotes":""},"categories":[6,8],"tags":[],"class_list":["post-1945","post","type-post","status-publish","format-standard","has-post-thumbnail","hentry","category-kultura","category-roznosci"],"_links":{"self":[{"href":"https:\/\/fleschmazowsza.com.pl\/index.php?rest_route=\/wp\/v2\/posts\/1945","targetHints":{"allow":["GET"]}}],"collection":[{"href":"https:\/\/fleschmazowsza.com.pl\/index.php?rest_route=\/wp\/v2\/posts"}],"about":[{"href":"https:\/\/fleschmazowsza.com.pl\/index.php?rest_route=\/wp\/v2\/types\/post"}],"author":[{"embeddable":true,"href":"https:\/\/fleschmazowsza.com.pl\/index.php?rest_route=\/wp\/v2\/users\/2"}],"replies":[{"embeddable":true,"href":"https:\/\/fleschmazowsza.com.pl\/index.php?rest_route=%2Fwp%2Fv2%2Fcomments&post=1945"}],"version-history":[{"count":1,"href":"https:\/\/fleschmazowsza.com.pl\/index.php?rest_route=\/wp\/v2\/posts\/1945\/revisions"}],"predecessor-version":[{"id":1947,"href":"https:\/\/fleschmazowsza.com.pl\/index.php?rest_route=\/wp\/v2\/posts\/1945\/revisions\/1947"}],"wp:featuredmedia":[{"embeddable":true,"href":"https:\/\/fleschmazowsza.com.pl\/index.php?rest_route=\/wp\/v2\/media\/1946"}],"wp:attachment":[{"href":"https:\/\/fleschmazowsza.com.pl\/index.php?rest_route=%2Fwp%2Fv2%2Fmedia&parent=1945"}],"wp:term":[{"taxonomy":"category","embeddable":true,"href":"https:\/\/fleschmazowsza.com.pl\/index.php?rest_route=%2Fwp%2Fv2%2Fcategories&post=1945"},{"taxonomy":"post_tag","embeddable":true,"href":"https:\/\/fleschmazowsza.com.pl\/index.php?rest_route=%2Fwp%2Fv2%2Ftags&post=1945"}],"curies":[{"name":"wp","href":"https:\/\/api.w.org\/{rel}","templated":true}]}}