{"id":1942,"date":"2017-10-27T14:46:39","date_gmt":"2017-10-27T13:46:39","guid":{"rendered":"http:\/\/fleschmazowsza.com.pl\/?p=1942"},"modified":"2017-10-27T14:46:39","modified_gmt":"2017-10-27T13:46:39","slug":"willa-waleria-wernisaze-koncerty-wystawy","status":"publish","type":"post","link":"https:\/\/fleschmazowsza.com.pl\/?p=1942","title":{"rendered":"Willa \u201eWaleria\u201d \u2013 wernisa\u017ce, koncerty, wystawy"},"content":{"rendered":"<p><strong>Znana milanowianom i milanowiankom zabytkowa willa \u201eWaleria\u201d, po\u0142o\u017cona w parkowej cz\u0119\u015bci miasta, jest obiektem tyle\u017c nadgryzionym z\u0119bem czasu, co malowniczym. Jej atrakcyjna lokalizacja, walory historyczne i architektoniczne prowokuj\u0105 wr\u0119cz do organizowania event\u00f3w artystycznych, dla kt\u00f3rych jest klimatyczn\u0105 opraw\u0105.<\/strong><\/p>\n<p>W sobot\u0119 21 pa\u017adziernika Centrum \u015arodowisk Tw\u00f3rczych \u201eWilla Waleria\u201d zorganizowa\u0142o w obiekcie kolejne wydarzenie \u2013 wernisa\u017c prac malarskich i fotograficznych Katarzyny i Piotra Borkowskich. Poniewa\u017c wieczorn\u0105 por\u0105 ogr\u00f3d i sama willa stopniowo pogr\u0105\u017ca\u0142y si\u0119 w ciemno\u015bciach, drog\u0119 do mieszcz\u0105cej si\u0119 na parterze Pracowni Jana Szczepkowskiego o\u015bwietla\u0142y nastrojowe lampiony. Sama pracownia, jej chropowata biel, monochromatyczne przedstawienia rze\u017abiarskie i klimatyczny piec kaflowy stanowi\u0142y idealne t\u0142o dla ekspozycji.<br \/>\nWystawa zatytu\u0142owana by\u0142a \u201eTam\u201d \u2013 czyli tam, gdzie obecnie si\u0119 nie znajdujemy, gdzie kierujemy nasz wzrok i gdzie d\u0105\u017cymy. Katarzyna Borkowska zaprezentowa\u0142a swoje najnowsze obrazy, inspirowane snami i uczuciami, pi\u0119kne prace ceramiczne oraz oryginaln\u0105 seri\u0119 \u015bwiecznik\u00f3w na\u015bciennych. Wyj\u0105tkowo intryguj\u0105c\u0105 wersj\u0105 by\u0142 kinkiet wykonany z deski zestawionej z dekoracyjnymi, starymi \u0142y\u017ckami.<br \/>\nPiotr Borkowski \u2013 pasjonat fotografii &#8211; przedstawi\u0142 fotograficzne portrety kobiece i fotograficzne pejza\u017ce, b\u0119d\u0105ce efektem jego dzia\u0142a\u0144 tw\u00f3rczych na przestrzeni wielu lat. Oboje ma\u0142\u017conkowie s\u0105 wychowankami Ogniska Plastycznego im. Jana Skotnickiego w Grodzisku Mazowieckim, gdzie doskonalili sw\u00f3j artystyczny warsztat.<br \/>\nJak przysta\u0142o na prawdziwy wernisa\u017c by\u0142o t\u0142oczno, towarzysko i impresyjnie, fotografowie kr\u0105\u017cyli w\u015br\u00f3d go\u015bci dokumentuj\u0105c wydarzenie a st\u00f3\u0142 elegancko zach\u0119ca\u0142 do pocz\u0119stunku. A willa Waleria ju\u017c zaprasza na nast\u0119pne spotkania ze sztuk\u0105, czy to w wersji plastycznej, czy muzycznej.<\/p>\n<p style=\"text-align: right;\">Tekst i foto:<br \/>\n<strong> Sylwia Pa\u0144k\u00f3w<\/strong><\/p>\n","protected":false},"excerpt":{"rendered":"<p>Znana milanowianom i milanowiankom zabytkowa willa \u201eWaleria\u201d, po\u0142o\u017cona w parkowej cz\u0119\u015bci miasta, jest obiektem tyle\u017c nadgryzionym z\u0119bem czasu, co malowniczym. Jej atrakcyjna lokalizacja, walory historyczne i architektoniczne prowokuj\u0105 wr\u0119cz do organizowania event\u00f3w artystycznych, dla kt\u00f3rych jest klimatyczn\u0105 opraw\u0105. W sobot\u0119 21 pa\u017adziernika Centrum \u015arodowisk Tw\u00f3rczych \u201eWilla Waleria\u201d zorganizowa\u0142o w obiekcie kolejne wydarzenie \u2013 wernisa\u017c prac [&hellip;]<\/p>\n","protected":false},"author":2,"featured_media":1943,"comment_status":"closed","ping_status":"open","sticky":false,"template":"","format":"standard","meta":{"footnotes":""},"categories":[6,8],"tags":[],"class_list":["post-1942","post","type-post","status-publish","format-standard","has-post-thumbnail","hentry","category-kultura","category-roznosci"],"_links":{"self":[{"href":"https:\/\/fleschmazowsza.com.pl\/index.php?rest_route=\/wp\/v2\/posts\/1942","targetHints":{"allow":["GET"]}}],"collection":[{"href":"https:\/\/fleschmazowsza.com.pl\/index.php?rest_route=\/wp\/v2\/posts"}],"about":[{"href":"https:\/\/fleschmazowsza.com.pl\/index.php?rest_route=\/wp\/v2\/types\/post"}],"author":[{"embeddable":true,"href":"https:\/\/fleschmazowsza.com.pl\/index.php?rest_route=\/wp\/v2\/users\/2"}],"replies":[{"embeddable":true,"href":"https:\/\/fleschmazowsza.com.pl\/index.php?rest_route=%2Fwp%2Fv2%2Fcomments&post=1942"}],"version-history":[{"count":1,"href":"https:\/\/fleschmazowsza.com.pl\/index.php?rest_route=\/wp\/v2\/posts\/1942\/revisions"}],"predecessor-version":[{"id":1944,"href":"https:\/\/fleschmazowsza.com.pl\/index.php?rest_route=\/wp\/v2\/posts\/1942\/revisions\/1944"}],"wp:featuredmedia":[{"embeddable":true,"href":"https:\/\/fleschmazowsza.com.pl\/index.php?rest_route=\/wp\/v2\/media\/1943"}],"wp:attachment":[{"href":"https:\/\/fleschmazowsza.com.pl\/index.php?rest_route=%2Fwp%2Fv2%2Fmedia&parent=1942"}],"wp:term":[{"taxonomy":"category","embeddable":true,"href":"https:\/\/fleschmazowsza.com.pl\/index.php?rest_route=%2Fwp%2Fv2%2Fcategories&post=1942"},{"taxonomy":"post_tag","embeddable":true,"href":"https:\/\/fleschmazowsza.com.pl\/index.php?rest_route=%2Fwp%2Fv2%2Ftags&post=1942"}],"curies":[{"name":"wp","href":"https:\/\/api.w.org\/{rel}","templated":true}]}}