{"id":1928,"date":"2017-10-24T14:32:52","date_gmt":"2017-10-24T13:32:52","guid":{"rendered":"http:\/\/fleschmazowsza.com.pl\/?p=1928"},"modified":"2017-10-24T14:32:52","modified_gmt":"2017-10-24T13:32:52","slug":"piastow-zapewniono-miejsce-wszystkim-przedszkolakom","status":"publish","type":"post","link":"https:\/\/fleschmazowsza.com.pl\/?p=1928","title":{"rendered":"PIAST\u00d3W. Zapewniono miejsce wszystkim przedszkolakom"},"content":{"rendered":"<p>Od tego roku gminy maj\u0105 obowi\u0105zek zapewni\u0107 miejsce w przedszkolu wszystkim ch\u0119tnym dzieciom w wieku 3-5 lat oraz obowi\u0105zkowo wszystkim 6-latkom. Cho\u0107 wiele, nawet zamo\u017cnych samorz\u0105d\u00f3w, nie poradzi\u0142o sobie z tym wyzwaniem o\u015bwiatowym, Piast\u00f3w zapewni\u0142 miejsce w przedszkolu wszystkim maluchom.<\/p>\n<p>Zgodnie z prawem o\u015bwiatowym gminy maj\u0105 obowi\u0105zek zapewni\u0107 bezp\u0142atne miejsce w przedszkolu wszystkim ch\u0119tnym dzieciom w wieku od 3 do 5 lat oraz obowi\u0105zkowo wszystkim 6-latkom.<\/p>\n<p>Jak przekonuj\u0105 piastowscy urz\u0119dnicy, zw\u0142aszcza w kontek\u015bcie likwidacji gimnazj\u00f3w i przywr\u00f3cenia obowi\u0105zku szkolnego dla siedmiolatk\u00f3w, znalezienie miejsc dla wszystkich maluch\u00f3w nie by\u0142o \u0142atwym zadaniem. W zwi\u0105zku z tym, podj\u0119to decyzj\u0119 by w kilku szko\u0142ach podstawowych otworzy\u0107 dodatkowe oddzia\u0142y przedszkolne. Tym samym w przedszkolach uda\u0142o si\u0119 zapewni\u0107 nowe miejsca dla najm\u0142odszych maluch\u00f3w.<\/p>\n<p>Od wrze\u015bnia do czterech przedszkoli miejskich (publicznych) ucz\u0119szcza 630 dzieci, kolejne ponad 230 dzieci zaj\u0119\u0142o miejsca w siedmiu plac\u00f3wkach niepublicznych, natomiast 217 sze\u015bciolatk\u00f3w rozpocz\u0119\u0142o edukacj\u0119 szkoln\u0105 w klasie \u201e0\u201d.<\/p>\n<p>&#8211; Nasze miasto nie poprzestaje jednak na tegorocznym niew\u0105tpliwym sukcesie, jakim jest umieszczenie wszystkich dzieci w przedszkolach, i przygotowuje si\u0119 do nowych rozwi\u0105za\u0144. Nie przewiduje si\u0119 wprawdzie budowy nowych obiekt\u00f3w, b\u0119d\u0105 za to rozbudowywane stare i poszukiwane mo\u017cliwo\u015bci adaptacji innych \u2013 komentuje Urszula Nelken, Dyrektor Centrum Us\u0142ug O\u015bwiatowych Miasta Piastowa.<\/p>\n<p>Jak wskazuje Dyrektor Centrum Us\u0142ug O\u015bwiatowych Miasta Piastowa, ju\u017c w nied\u0142ugim czasie przebudowany zostanie budynek Przedszkola Miejskiego nr 4. Ponadto co najmniej dwie grupy trzylatk\u00f3w z filii Przedszkola nr 3 b\u0119d\u0105 mog\u0142y przenie\u015b\u0107 si\u0119 do lepiej skomunikowanego i po\u0142o\u017conego bli\u017cej macierzystej plac\u00f3wki modernizowanego budynku przy ul. ks. J. Popie\u0142uszki.<\/p>\n<p style=\"text-align: right;\"><strong>Kinga Rochalska<\/strong><\/p>\n","protected":false},"excerpt":{"rendered":"<p>Od tego roku gminy maj\u0105 obowi\u0105zek zapewni\u0107 miejsce w przedszkolu wszystkim ch\u0119tnym dzieciom w wieku 3-5 lat oraz obowi\u0105zkowo wszystkim 6-latkom. Cho\u0107 wiele, nawet zamo\u017cnych samorz\u0105d\u00f3w, nie poradzi\u0142o sobie z tym wyzwaniem o\u015bwiatowym, Piast\u00f3w zapewni\u0142 miejsce w przedszkolu wszystkim maluchom. Zgodnie z prawem o\u015bwiatowym gminy maj\u0105 obowi\u0105zek zapewni\u0107 bezp\u0142atne miejsce w przedszkolu wszystkim ch\u0119tnym dzieciom [&hellip;]<\/p>\n","protected":false},"author":2,"featured_media":1929,"comment_status":"closed","ping_status":"open","sticky":false,"template":"","format":"standard","meta":{"footnotes":""},"categories":[1],"tags":[],"class_list":["post-1928","post","type-post","status-publish","format-standard","has-post-thumbnail","hentry","category-uncategorized"],"_links":{"self":[{"href":"https:\/\/fleschmazowsza.com.pl\/index.php?rest_route=\/wp\/v2\/posts\/1928","targetHints":{"allow":["GET"]}}],"collection":[{"href":"https:\/\/fleschmazowsza.com.pl\/index.php?rest_route=\/wp\/v2\/posts"}],"about":[{"href":"https:\/\/fleschmazowsza.com.pl\/index.php?rest_route=\/wp\/v2\/types\/post"}],"author":[{"embeddable":true,"href":"https:\/\/fleschmazowsza.com.pl\/index.php?rest_route=\/wp\/v2\/users\/2"}],"replies":[{"embeddable":true,"href":"https:\/\/fleschmazowsza.com.pl\/index.php?rest_route=%2Fwp%2Fv2%2Fcomments&post=1928"}],"version-history":[{"count":1,"href":"https:\/\/fleschmazowsza.com.pl\/index.php?rest_route=\/wp\/v2\/posts\/1928\/revisions"}],"predecessor-version":[{"id":1930,"href":"https:\/\/fleschmazowsza.com.pl\/index.php?rest_route=\/wp\/v2\/posts\/1928\/revisions\/1930"}],"wp:featuredmedia":[{"embeddable":true,"href":"https:\/\/fleschmazowsza.com.pl\/index.php?rest_route=\/wp\/v2\/media\/1929"}],"wp:attachment":[{"href":"https:\/\/fleschmazowsza.com.pl\/index.php?rest_route=%2Fwp%2Fv2%2Fmedia&parent=1928"}],"wp:term":[{"taxonomy":"category","embeddable":true,"href":"https:\/\/fleschmazowsza.com.pl\/index.php?rest_route=%2Fwp%2Fv2%2Fcategories&post=1928"},{"taxonomy":"post_tag","embeddable":true,"href":"https:\/\/fleschmazowsza.com.pl\/index.php?rest_route=%2Fwp%2Fv2%2Ftags&post=1928"}],"curies":[{"name":"wp","href":"https:\/\/api.w.org\/{rel}","templated":true}]}}