{"id":1872,"date":"2017-10-05T14:36:04","date_gmt":"2017-10-05T13:36:04","guid":{"rendered":"http:\/\/fleschmazowsza.com.pl\/?p=1872"},"modified":"2017-10-05T14:36:04","modified_gmt":"2017-10-05T13:36:04","slug":"cisza-nocna-na-lotnisku-chopina","status":"publish","type":"post","link":"https:\/\/fleschmazowsza.com.pl\/?p=1872","title":{"rendered":"Cisza nocna na lotnisku Chopina"},"content":{"rendered":"<p><strong>Ograniczenie uci\u0105\u017cliwo\u015bci ha\u0142asu i poprawa warunk\u00f3w wypoczynku nocnego. Taka idea przy\u015bwieca Lotnisku Chopina, kt\u00f3re proponuje wprowadzenie w godzinach nocnych zakazu planowania operacji lotniczych.<\/strong><\/p>\n<p>Zakaz, obowi\u0105zuj\u0105cy ju\u017c na niekt\u00f3rych europejskich lotniskach, to przede wszystkim wa\u017cny gest wobec zamieszkuj\u0105cych okolice lotniska mieszka\u0144c\u00f3w, kt\u00f3rzy cz\u0119sto skar\u017c\u0105 si\u0119 na uci\u0105\u017cliwy ha\u0142as startuj\u0105cych i l\u0105duj\u0105cych samolot\u00f3w.<br \/>\n14 wrze\u015bnia odby\u0142o si\u0119 spotkanie przedstawicieli \u201ePort\u00f3w Lotniczych\u201d z samorz\u0105dowcami s\u0105siaduj\u0105cych z lotniskiem gmin i dzielnic, na kt\u00f3rym zaprezentowano za\u0142o\u017cenia proponowanej przez PPL \u201eciszy nocnej\u201d.<br \/>\nW my\u015bl zaprezentowanych za\u0142o\u017ceniom, \u201eCore night\u201d mia\u0142by by\u0107 wprowadzony wraz z nowym rozk\u0142adem letnim na prze\u0142omie marca i kwietnia przysz\u0142ego roku. Zakaz mia\u0142by obowi\u0105zywa\u0107 we wszystkie dni tygodnia mi\u0119dzy godz. 23:30 a 5:30 i dotyczy\u0142by wszystkich operacji lotniczych. Wyj\u0105tkiem by\u0142yby loty pa\u0144stwowe, wojskowe, ratownicze czy te\u017c sytuacje kryzysowe. Na lotnisku mog\u0142yby te\u017c l\u0105dowa\u0107 samoloty op\u00f3\u017anione z przyczyn niezale\u017cnych od przewo\u017anika.<br \/>\n&#8211; Bardzo cieszymy si\u0119 z podj\u0119tej przez PPL inicjatywy wprowadzenia na terenie Lotniska Chopina w Warszawie ciszy nocnej, kt\u00f3ra z pewno\u015bci\u0105 znacznie zwi\u0119kszy komfort mieszka\u0144c\u00f3w Ursus w godzinach nocnych. Ursus to jedna z dzielnic Warszawy, kt\u00f3re s\u0105 najbardziej nara\u017cone na ha\u0142as lotniczy, dlatego zdecydowanie popieramy pomys\u0142 wprowadzenia nocnej przerwy od lot\u00f3w na Lotnisku i mamy nadziej\u0119, \u017ce zgodnie z przyj\u0119tymi za\u0142o\u017ceniami, uda si\u0119 j\u0105 wprowadzi\u0107 w pierwszym kwartale 2018 roku \u2013 powiedzia\u0142 podczas spotkania burmistrz Urszula Kierzkowska.<\/p>\n<p>\u201eCore night\u201d wprowadzi\u0142y ju\u017c, m.in., lotniska we Frankfurcie, Monachium, Pary\u017cu-Orly, Brukseli, Hamburgu, Zurichu. Lotnisko Chopina by\u0142oby pierwszym portem lotniczym w Polsce wprowadzaj\u0105cym takie rozwi\u0105zanie.<br \/>\nObecnie na Lotnisku Chopina liczba operacji planowanych w ci\u0105gu nocy jest regulowana przy wykorzystaniu Systemu Quota Count. Umo\u017cliwia on koordynacj\u0119 rozk\u0142ad\u00f3w lot\u00f3w linii lotniczych z uwzgl\u0119dnieniem parametr\u00f3w akustycznych samolot\u00f3w oraz obowi\u0105zuj\u0105cych limit\u00f3w ha\u0142asu w \u015brodowisku w porze nocnej. Nowe rozwi\u0105zanie idzie krok dalej, ograniczaj\u0105c do minimum mo\u017cliwo\u015b\u0107 wykonywania operacji lotniczych samolot\u00f3w pasa\u017cerskich mi\u0119dzy 23:30 a 5:30 rano.<br \/>\nPropozycja \u201ecore night\u201d jest obecnie konsultowana z przewo\u017anikami lotniczymi. Ostateczn\u0105 decyzj\u0119 w tej sprawie podejmie Urz\u0105d Lotnictwa Cywilnego.<\/p>\n<p style=\"text-align: right;\">Oprac. <strong>(mg)<\/strong><\/p>\n","protected":false},"excerpt":{"rendered":"<p>Ograniczenie uci\u0105\u017cliwo\u015bci ha\u0142asu i poprawa warunk\u00f3w wypoczynku nocnego. Taka idea przy\u015bwieca Lotnisku Chopina, kt\u00f3re proponuje wprowadzenie w godzinach nocnych zakazu planowania operacji lotniczych. Zakaz, obowi\u0105zuj\u0105cy ju\u017c na niekt\u00f3rych europejskich lotniskach, to przede wszystkim wa\u017cny gest wobec zamieszkuj\u0105cych okolice lotniska mieszka\u0144c\u00f3w, kt\u00f3rzy cz\u0119sto skar\u017c\u0105 si\u0119 na uci\u0105\u017cliwy ha\u0142as startuj\u0105cych i l\u0105duj\u0105cych samolot\u00f3w. 14 wrze\u015bnia odby\u0142o si\u0119 [&hellip;]<\/p>\n","protected":false},"author":2,"featured_media":1873,"comment_status":"closed","ping_status":"open","sticky":false,"template":"","format":"standard","meta":{"footnotes":""},"categories":[8,5],"tags":[],"class_list":["post-1872","post","type-post","status-publish","format-standard","has-post-thumbnail","hentry","category-roznosci","category-wiadomosci"],"_links":{"self":[{"href":"https:\/\/fleschmazowsza.com.pl\/index.php?rest_route=\/wp\/v2\/posts\/1872","targetHints":{"allow":["GET"]}}],"collection":[{"href":"https:\/\/fleschmazowsza.com.pl\/index.php?rest_route=\/wp\/v2\/posts"}],"about":[{"href":"https:\/\/fleschmazowsza.com.pl\/index.php?rest_route=\/wp\/v2\/types\/post"}],"author":[{"embeddable":true,"href":"https:\/\/fleschmazowsza.com.pl\/index.php?rest_route=\/wp\/v2\/users\/2"}],"replies":[{"embeddable":true,"href":"https:\/\/fleschmazowsza.com.pl\/index.php?rest_route=%2Fwp%2Fv2%2Fcomments&post=1872"}],"version-history":[{"count":1,"href":"https:\/\/fleschmazowsza.com.pl\/index.php?rest_route=\/wp\/v2\/posts\/1872\/revisions"}],"predecessor-version":[{"id":1874,"href":"https:\/\/fleschmazowsza.com.pl\/index.php?rest_route=\/wp\/v2\/posts\/1872\/revisions\/1874"}],"wp:featuredmedia":[{"embeddable":true,"href":"https:\/\/fleschmazowsza.com.pl\/index.php?rest_route=\/wp\/v2\/media\/1873"}],"wp:attachment":[{"href":"https:\/\/fleschmazowsza.com.pl\/index.php?rest_route=%2Fwp%2Fv2%2Fmedia&parent=1872"}],"wp:term":[{"taxonomy":"category","embeddable":true,"href":"https:\/\/fleschmazowsza.com.pl\/index.php?rest_route=%2Fwp%2Fv2%2Fcategories&post=1872"},{"taxonomy":"post_tag","embeddable":true,"href":"https:\/\/fleschmazowsza.com.pl\/index.php?rest_route=%2Fwp%2Fv2%2Ftags&post=1872"}],"curies":[{"name":"wp","href":"https:\/\/api.w.org\/{rel}","templated":true}]}}