{"id":1866,"date":"2017-10-05T14:25:10","date_gmt":"2017-10-05T13:25:10","guid":{"rendered":"http:\/\/fleschmazowsza.com.pl\/?p=1866"},"modified":"2017-10-05T14:25:10","modified_gmt":"2017-10-05T13:25:10","slug":"piastow-w-grudniu-odbeda-sie-wybory-uzupelniajace","status":"publish","type":"post","link":"https:\/\/fleschmazowsza.com.pl\/?p=1866","title":{"rendered":"PIAST\u00d3W. W grudniu odb\u0119d\u0105 si\u0119 wybory uzupe\u0142niaj\u0105ce"},"content":{"rendered":"<p><strong>W zwi\u0105zku z rezygnacja z funkcji radnego Filipa G\u00f3rskiego w dniu 10 grudnia odb\u0119d\u0105 si\u0119 wybory uzupe\u0142niaj\u0105ce do rady miejskiej w Piastowie.<\/strong><\/p>\n<p>Reprezentuj\u0105cy ugrupowanie Nasz Piast\u00f3w Filip G\u00f3rski z\u0142o\u017cy\u0142 rezygnacj\u0119. Swoj\u0105 decyzj\u0119 argumentowa\u0142 przyczynami osobistymi i zawodowymi. By\u0142y ju\u017c radny pe\u0142ni\u0142 w radzie miejskiej funkcj\u0119 przewodnicz\u0105cego komisji o\u015bwiaty.<\/p>\n<p>Dlatego w okr\u0119gu nr 2 odb\u0119d\u0105 si\u0119 wybory uzupe\u0142niaj\u0105ce, kt\u00f3rych termin wyznaczono na 10 gridnia. Mieszka\u0144cy ulic: St. Bodycha, J. Brandta, Dworcowej, A. Dygasi\u0144skiego, J. Fa\u0142ata, Kr\u00f3lewskiej, Kr\u00f3tkiej, Placu Zgody, Przejazdowej, J. Styki, Szarych Szereg\u00f3w, K. Przerwy-Tetmajera i Zielonej b\u0119d\u0105 g\u0142osowa\u0107 na nowego radnego.<br \/>\nKompletowanie list wyborczych odbywa\u0107 si\u0119 b\u0119dzie do 4 pa\u017adziernika. Kandydat\u00f3w do Miejskiej Komisji Wyborczej mo\u017cna zg\u0142asza\u0107 do 24 pa\u017adziernika. Przypominamy, g\u0142osowanie 10 grudnia!<\/p>\n<p style=\"text-align: right;\"><strong>(a)<\/strong><\/p>\n","protected":false},"excerpt":{"rendered":"<p>W zwi\u0105zku z rezygnacja z funkcji radnego Filipa G\u00f3rskiego w dniu 10 grudnia odb\u0119d\u0105 si\u0119 wybory uzupe\u0142niaj\u0105ce do rady miejskiej w Piastowie. Reprezentuj\u0105cy ugrupowanie Nasz Piast\u00f3w Filip G\u00f3rski z\u0142o\u017cy\u0142 rezygnacj\u0119. Swoj\u0105 decyzj\u0119 argumentowa\u0142 przyczynami osobistymi i zawodowymi. By\u0142y ju\u017c radny pe\u0142ni\u0142 w radzie miejskiej funkcj\u0119 przewodnicz\u0105cego komisji o\u015bwiaty. Dlatego w okr\u0119gu nr 2 odb\u0119d\u0105 si\u0119 [&hellip;]<\/p>\n","protected":false},"author":2,"featured_media":1867,"comment_status":"closed","ping_status":"open","sticky":false,"template":"","format":"standard","meta":{"footnotes":""},"categories":[5],"tags":[],"class_list":["post-1866","post","type-post","status-publish","format-standard","has-post-thumbnail","hentry","category-wiadomosci"],"_links":{"self":[{"href":"https:\/\/fleschmazowsza.com.pl\/index.php?rest_route=\/wp\/v2\/posts\/1866","targetHints":{"allow":["GET"]}}],"collection":[{"href":"https:\/\/fleschmazowsza.com.pl\/index.php?rest_route=\/wp\/v2\/posts"}],"about":[{"href":"https:\/\/fleschmazowsza.com.pl\/index.php?rest_route=\/wp\/v2\/types\/post"}],"author":[{"embeddable":true,"href":"https:\/\/fleschmazowsza.com.pl\/index.php?rest_route=\/wp\/v2\/users\/2"}],"replies":[{"embeddable":true,"href":"https:\/\/fleschmazowsza.com.pl\/index.php?rest_route=%2Fwp%2Fv2%2Fcomments&post=1866"}],"version-history":[{"count":1,"href":"https:\/\/fleschmazowsza.com.pl\/index.php?rest_route=\/wp\/v2\/posts\/1866\/revisions"}],"predecessor-version":[{"id":1868,"href":"https:\/\/fleschmazowsza.com.pl\/index.php?rest_route=\/wp\/v2\/posts\/1866\/revisions\/1868"}],"wp:featuredmedia":[{"embeddable":true,"href":"https:\/\/fleschmazowsza.com.pl\/index.php?rest_route=\/wp\/v2\/media\/1867"}],"wp:attachment":[{"href":"https:\/\/fleschmazowsza.com.pl\/index.php?rest_route=%2Fwp%2Fv2%2Fmedia&parent=1866"}],"wp:term":[{"taxonomy":"category","embeddable":true,"href":"https:\/\/fleschmazowsza.com.pl\/index.php?rest_route=%2Fwp%2Fv2%2Fcategories&post=1866"},{"taxonomy":"post_tag","embeddable":true,"href":"https:\/\/fleschmazowsza.com.pl\/index.php?rest_route=%2Fwp%2Fv2%2Ftags&post=1866"}],"curies":[{"name":"wp","href":"https:\/\/api.w.org\/{rel}","templated":true}]}}