{"id":1845,"date":"2017-10-02T14:19:37","date_gmt":"2017-10-02T13:19:37","guid":{"rendered":"http:\/\/fleschmazowsza.com.pl\/?p=1845"},"modified":"2017-10-02T14:19:37","modified_gmt":"2017-10-02T13:19:37","slug":"profesjonalne-nozyczki-z-pasja","status":"publish","type":"post","link":"https:\/\/fleschmazowsza.com.pl\/?p=1845","title":{"rendered":"Profesjonalne \u201eno\u017cyczki\u201d z pasj\u0105"},"content":{"rendered":"<p><strong>W Ursusie przy ulicy Kolorowej 19\/153 mie\u015bci si\u0119 salon fryzjerski \u201eCare\u201d. Mia\u0142am przyjemno\u015b\u0107 odwiedzi\u0107 go i porozmawia\u0107 z w\u0142a\u015bcicielk\u0105 Renat\u0105 Gajos. Podczas rozmowy dowiedzia\u0142am si\u0119, dlaczego fryzjerstwo jest jej pasj\u0105, a tak\u017ce jak jest ci\u0119\u017ckim i trudnym zawodem.<\/strong><\/p>\n<p style=\"text-align: center;\"><strong>Marzenie od dziecka<\/strong><\/p>\n<p>Pani Renata, od dziecka wiedzia\u0142a, co b\u0119dzie robi\u0142a w doros\u0142ym \u017cyciu. Jako ma\u0142a dziewczynka lubi\u0142a \u201eeksperymentowa\u0107\u201d na w\u0142osach kole\u017canek, a pierwsz\u0105 modelk\u0105 by\u0142a jej mama. Kolejn\u0105 jej pasj\u0105 by\u0142o rysowanie i projektowanie. Tworzy\u0142a sylwetki oraz twarze, kt\u00f3rym nadawa\u0142a wymy\u015blne fryzury. Ju\u017c wtedy wiedzia\u0142a, \u017ce to jest to co chce robi\u0107 w przysz\u0142o\u015bci. \u2013B\u0119d\u0119 fryzjerk\u0105!!! \u2013 stanowczo stwierdzi\u0142a ma\u0142a dziewczynka.<\/p>\n<p>Po wielu latach marzenie z dzieci\u0144stwa spe\u0142ni\u0142o si\u0119 i otworzy\u0142a sw\u00f3j salon. Krain\u0119 pi\u0119kna w kt\u00f3r\u0105 w\u0142o\u017cy\u0142a ca\u0142e swoje serce, tworz\u0105c niepowtarzaln\u0105 atmosfer\u0119. Klientki na pewno poczuj\u0105 si\u0119 wyj\u0105tkowo pod opiek\u0105 profesjonalist\u00f3w. Mistrz fryzjerstwa dobrze wie \u017ce nie nale\u017cy oszcz\u0119dza\u0107 na kosmetykach, dlatego od zawsze u\u017cywa produkt\u00f3w wysokiej jako\u015bci. Od wielu lat wsp\u00f3\u0142pracuje z renomowanymi markami takimi jak Goldwell i Wella. Polska jako jedyny kraj w Europie zosta\u0142a wybrana przez Akademi\u0119 Goldwell, prowadzon\u0105 przez mi\u0119dzynarodowy zesp\u00f3\u0142 pe\u0142nych pasji fryzjer\u00f3w, do specjalnego programu szkole\u0144 dla doradc\u00f3w tej marki. Jest to wyj\u0105tkowe wyr\u00f3\u017cnienie, a Pani Renata jest jedn\u0105 z niewielu mistrzy\u0144 fryzjerstwa posiadaj\u0105ca tytu\u0142 \u201eDoradcy\u201d. Daje to ogromne mo\u017cliwo\u015bci rozwoju poprzez d\u0105\u017cenie do kreatywnej doskona\u0142o\u015bci, satysfakcji klient\u00f3w i sukcesu salonu a tak\u017ce przekazywanie wiedzy nast\u0119pcom.<\/p>\n<p style=\"text-align: center;\"><strong>Zaw\u00f3d z przysz\u0142o\u015bci\u0105<\/strong><\/p>\n<p>Okazuje si\u0119, \u017ce w Polsce zaw\u00f3d fryzjera jest na czasie i ma coraz wi\u0119cej swoich zwolennik\u00f3w. Fryzjerstwo to bran\u017ca, kt\u00f3ra znacznie u\u0142atwia znalezienie zatrudnienia, poniewa\u017c z roku na rok przybywa coraz wi\u0119cej klient\u00f3w i to nie tylko kobiet ale i m\u0119\u017cczyzn dbaj\u0105cych o wygl\u0105d swoich w\u0142os\u00f3w. W ko\u0144cu nasz wygl\u0105d i zadbane w\u0142osy s\u0105 nasza wizyt\u00f3wk\u0105.<\/p>\n<p>Wizyta w salonie kojarzy nam si\u0119 z odrobin\u0105 luksusu, kt\u00f3r\u0105 ka\u017cdy od czasu do czasu lubi sobie zafundowa\u0107. Poprawa wygl\u0105du rzutuje na pewno\u015b\u0107 siebie jak r\u00f3wnie\u017c na popraw\u0119 samopoczucia. Obecnie fryzjerstwo znacznie bardziej poszerzy\u0142o zakres swoich us\u0142ug, co sprawia, \u017ce wizyta u fryzjera to czysta przyjemno\u015b\u0107 i znakomity relaks.<\/p>\n<p>&#8211; W dzisiejszych czasach zapotrzebowanie na fryzjer\u00f3w jest du\u017ce a jednocze\u015bnie poprzeczka co do wymaga\u0144 stale ro\u015bnie. Zdecydowanie jest to zaw\u00f3d trudny i wymagaj\u0105cy du\u017cego do\u015bwiadczenia i ci\u0105g\u0142ego kszta\u0142cenia \u2013 m\u00f3wi Pani Renata. Dobry fryzjer musi by\u0107 dobrze wykszta\u0142cony i stale nad\u0105\u017ca\u0107 za ci\u0105gle zmieniaj\u0105cymi si\u0119 trendami.<\/p>\n<p style=\"text-align: center;\"><strong>Szkolenia i wsp\u00f3\u0142praca z m\u0142odzie\u017c\u0105<\/strong><\/p>\n<p>Je\u015bli z wykszta\u0142cenia nie jeste\u015bmy fryzjerami, a chcieliby\u015bmy spr\u00f3bowa\u0107 swoich si\u0142 w tym zawodzie to mo\u017cemy przekwalifikowa\u0107 si\u0119 za pomoc\u0105 uczestnictwa w r\u00f3\u017cnego rodzaju kursach fryzjerskich od podstaw. Dzi\u0119ki nim mo\u017cna przygotowa\u0107 si\u0119 do wykonywania zawodu, a w celu doskonalenia warsztatu mo\u017cna si\u0119 r\u00f3wnie\u017c wesprze\u0107 szkoleniami fryzjerskimi, kt\u00f3re opr\u00f3cz zapoznania nas ze stylizacj\u0105 fryzur, pozwol\u0105 uzyska\u0107 wiedz\u0119 na temat zarz\u0105dzania i prowadzenia biznesu.<\/p>\n<p>Salon \u201eCare\u201d wsp\u00f3\u0142pracuje z ursusowsk\u0105 Szko\u0142\u0105 Zawodow\u0105 nr 42, przy ulicy Dzieci Warszawy, kt\u00f3ry zawsze z otwartymi ramionami przyjmie nowych praktykant\u00f3w. Szkolenie nowych fryzjer\u00f3w jest du\u017cym wyzwanie. Nie zawsze edukacja i praktyka zawodowa ko\u0144cz\u0105 si\u0119 sukcesem, ale Pani Renata stara si\u0119, aby nauczy\u0107 nowych uczni\u00f3w jak najwi\u0119cej, jak najlepiej i jak najrzetelniej. Spod swoich skrzyde\u0142 wypu\u015bci\u0142a ju\u017c nie jednego mistrza sztuki fryzjerskiej.<\/p>\n<p>\u2013 Wszystko jest do zrobienia, sukces mo\u017cna osi\u0105gn\u0105\u0107, je\u015bli si\u0119 tylko tego chce \u2013 podkre\u015bla w\u0142a\u015bcicielka salonu \u201eCare\u201d.<\/p>\n<p>Bez szko\u0142y zawodowej b\u0105d\u017a technikum nie mo\u017cna tak po prostu przyj\u015b\u0107 do salonu i zosta\u0107 fryzjerem.<\/p>\n<p>&#8211; Potrzeba wielu lat nauki i \u0107wicze\u0144, a tak\u017ce szkole\u0144. Do zawodu przygotowuje si\u0119 ca\u0142e \u017cycie, poprzez ci\u0105g\u0142e zdobywanie do\u015bwiadczenia, szkolenia i praktyk\u0119. \u2013 dodaje.<\/p>\n<p style=\"text-align: center;\"><strong>Codzienne \u017cycie salonu<\/strong><\/p>\n<p>Co zrobi\u0107, aby klienci do nas wracali?<\/p>\n<p>Najwa\u017cniejsze jest pierwsze wra\u017cenie. W salonie powinno by\u0107 schludnie i czysto, musi panowa\u0107 mi\u0142a atmosfera. Je\u017celi przy pierwszym kontakcie klienta z fryzjerem \u201ezaiskrzy\u201d, na pewno wr\u00f3ci. Fryzjerstwo to fantastyczny zaw\u00f3d, kt\u00f3ry daje wiele zadowolenia i satysfakcji. Jest on dla ludzi kreatywnych, zdolnych, pragn\u0105cych wci\u0105\u017c si\u0119 rozwija\u0107 i tworzy\u0107 coraz to nowe \u201edzie\u0142a sztuki\u201d.<\/p>\n<p>Nie zapominajmy r\u00f3wnie\u017c o wspania\u0142ej za\u0142odze, kt\u00f3ra jest podstaw\u0105 ka\u017cdego salonu.<\/p>\n<p>W \u201eCare\u201d pracuj\u0105 Panie, kt\u00f3re szkoli\u0142y sw\u00f3j warsztat pod okiem Pani Renaty, a teraz z ni\u0105 wsp\u00f3\u0142pracuj\u0105.<\/p>\n<p>\u2013 Podstaw\u0105 mojego salonu jest wspania\u0142a i zdolna za\u0142oga! \u2013 podkre\u015bla w\u0142a\u015bcicielka, kt\u00f3ra zaprasza do odwiedzenia swojego ma\u0142ego kr\u00f3lestwa.<\/p>\n<p style=\"text-align: right;\">Tekst i foto:<\/p>\n<p style=\"text-align: right;\"><strong>Ewelina W.<\/strong><\/p>\n","protected":false},"excerpt":{"rendered":"<p>W Ursusie przy ulicy Kolorowej 19\/153 mie\u015bci si\u0119 salon fryzjerski \u201eCare\u201d. Mia\u0142am przyjemno\u015b\u0107 odwiedzi\u0107 go i porozmawia\u0107 z w\u0142a\u015bcicielk\u0105 Renat\u0105 Gajos. Podczas rozmowy dowiedzia\u0142am si\u0119, dlaczego fryzjerstwo jest jej pasj\u0105, a tak\u017ce jak jest ci\u0119\u017ckim i trudnym zawodem. Marzenie od dziecka Pani Renata, od dziecka wiedzia\u0142a, co b\u0119dzie robi\u0142a w doros\u0142ym \u017cyciu. Jako ma\u0142a dziewczynka [&hellip;]<\/p>\n","protected":false},"author":2,"featured_media":1846,"comment_status":"closed","ping_status":"open","sticky":false,"template":"","format":"standard","meta":{"footnotes":""},"categories":[8],"tags":[],"class_list":["post-1845","post","type-post","status-publish","format-standard","has-post-thumbnail","hentry","category-roznosci"],"_links":{"self":[{"href":"https:\/\/fleschmazowsza.com.pl\/index.php?rest_route=\/wp\/v2\/posts\/1845","targetHints":{"allow":["GET"]}}],"collection":[{"href":"https:\/\/fleschmazowsza.com.pl\/index.php?rest_route=\/wp\/v2\/posts"}],"about":[{"href":"https:\/\/fleschmazowsza.com.pl\/index.php?rest_route=\/wp\/v2\/types\/post"}],"author":[{"embeddable":true,"href":"https:\/\/fleschmazowsza.com.pl\/index.php?rest_route=\/wp\/v2\/users\/2"}],"replies":[{"embeddable":true,"href":"https:\/\/fleschmazowsza.com.pl\/index.php?rest_route=%2Fwp%2Fv2%2Fcomments&post=1845"}],"version-history":[{"count":2,"href":"https:\/\/fleschmazowsza.com.pl\/index.php?rest_route=\/wp\/v2\/posts\/1845\/revisions"}],"predecessor-version":[{"id":1848,"href":"https:\/\/fleschmazowsza.com.pl\/index.php?rest_route=\/wp\/v2\/posts\/1845\/revisions\/1848"}],"wp:featuredmedia":[{"embeddable":true,"href":"https:\/\/fleschmazowsza.com.pl\/index.php?rest_route=\/wp\/v2\/media\/1846"}],"wp:attachment":[{"href":"https:\/\/fleschmazowsza.com.pl\/index.php?rest_route=%2Fwp%2Fv2%2Fmedia&parent=1845"}],"wp:term":[{"taxonomy":"category","embeddable":true,"href":"https:\/\/fleschmazowsza.com.pl\/index.php?rest_route=%2Fwp%2Fv2%2Fcategories&post=1845"},{"taxonomy":"post_tag","embeddable":true,"href":"https:\/\/fleschmazowsza.com.pl\/index.php?rest_route=%2Fwp%2Fv2%2Ftags&post=1845"}],"curies":[{"name":"wp","href":"https:\/\/api.w.org\/{rel}","templated":true}]}}