{"id":1842,"date":"2017-10-02T14:14:56","date_gmt":"2017-10-02T13:14:56","guid":{"rendered":"http:\/\/fleschmazowsza.com.pl\/?p=1842"},"modified":"2017-10-02T14:14:56","modified_gmt":"2017-10-02T13:14:56","slug":"felicja-witkowska-milanowianka-fotografka-kronikarka-miasta","status":"publish","type":"post","link":"https:\/\/fleschmazowsza.com.pl\/?p=1842","title":{"rendered":"Felicja Witkowska \u2013 milanowianka, fotografka, kronikarka miasta"},"content":{"rendered":"<p><strong>Inicjatorem wydarzenia by\u0142o Stowarzyszenie \u201eMilanowianki\u201d, dzia\u0142aj\u0105ce na rzecz przywracania pami\u0119ci ciekawych kobiet, kt\u00f3rych \u017cycie i praca zawodowa zwi\u0105zane by\u0142y z histori\u0105 miasta.<\/strong><\/p>\n<p>W\u015br\u00f3d zaproszonych go\u015bci znalaz\u0142 si\u0119 syn Felicji Witkowskiej, kt\u00f3ry podzieli\u0142 si\u0119 ze s\u0142uchaczami wspomnieniami na temat \u201emimowolnej emancypantki\u201d, jak\u0105 sta\u0142a si\u0119 jego matka w czasach, gdy zawodowe paranie si\u0119 fotografi\u0105 w\u015br\u00f3d kobiet nie by\u0142o cz\u0119stym zjawiskiem.<\/p>\n<p>Ten w\u0105tek rozwini\u0119ty zosta\u0142 podczas wyst\u0105pienia przedstawicielki Fundacji \u201ePrzestrze\u0144 Kobiet\u201d. Na przyk\u0142adzie dawnych, pi\u0119knych zdj\u0119\u0107 z zasob\u00f3w internetowego Archiwum Historii Kobiet, opowiedzia\u0142a ona o historii zak\u0142ad\u00f3w fotograficznych prowadzonych na prze\u0142omie XIX\/XXw. w \u00f3wczesnej Polsce \u2013 w owych czasach kobiety pracowa\u0142y w nich g\u0142\u00f3wnie jako retuszerki i kopistki. Niewielki procent zak\u0142ad\u00f3w fotograficznych prowadzony by\u0142 samodzielnie przez kobiety, z regu\u0142y wtedy, gdy dziedziczy\u0142y zak\u0142ad po zmar\u0142ym ojcu lub m\u0119\u017cu.<\/p>\n<p>Na tym tle wida\u0107, \u017ce milanowski zak\u0142ad \u201eFoto Witkowska\u201d prowadzony od lat 20-tych do 50-tych XX w. by\u0142 nietuzinkowym zjawiskiem. Warto podkre\u015bli\u0107, \u017ce dzia\u0142alno\u015b\u0107 fotokronikarska Felicji Witkowskiej zosta\u0142a uhonorowana przez miasto \u2013 jedna z milanowskich ulic zosta\u0142a nazwana jej imieniem.<\/p>\n<p style=\"text-align: right;\">Tekst i foto:<\/p>\n<p style=\"text-align: right;\"><strong>Sylwia Pa\u0144k\u00f3w<\/strong><\/p>\n","protected":false},"excerpt":{"rendered":"<p>Inicjatorem wydarzenia by\u0142o Stowarzyszenie \u201eMilanowianki\u201d, dzia\u0142aj\u0105ce na rzecz przywracania pami\u0119ci ciekawych kobiet, kt\u00f3rych \u017cycie i praca zawodowa zwi\u0105zane by\u0142y z histori\u0105 miasta. W\u015br\u00f3d zaproszonych go\u015bci znalaz\u0142 si\u0119 syn Felicji Witkowskiej, kt\u00f3ry podzieli\u0142 si\u0119 ze s\u0142uchaczami wspomnieniami na temat \u201emimowolnej emancypantki\u201d, jak\u0105 sta\u0142a si\u0119 jego matka w czasach, gdy zawodowe paranie si\u0119 fotografi\u0105 w\u015br\u00f3d kobiet nie [&hellip;]<\/p>\n","protected":false},"author":2,"featured_media":1843,"comment_status":"closed","ping_status":"open","sticky":false,"template":"","format":"standard","meta":{"footnotes":""},"categories":[9,6,8],"tags":[],"class_list":["post-1842","post","type-post","status-publish","format-standard","has-post-thumbnail","hentry","category-edukacja","category-kultura","category-roznosci"],"_links":{"self":[{"href":"https:\/\/fleschmazowsza.com.pl\/index.php?rest_route=\/wp\/v2\/posts\/1842","targetHints":{"allow":["GET"]}}],"collection":[{"href":"https:\/\/fleschmazowsza.com.pl\/index.php?rest_route=\/wp\/v2\/posts"}],"about":[{"href":"https:\/\/fleschmazowsza.com.pl\/index.php?rest_route=\/wp\/v2\/types\/post"}],"author":[{"embeddable":true,"href":"https:\/\/fleschmazowsza.com.pl\/index.php?rest_route=\/wp\/v2\/users\/2"}],"replies":[{"embeddable":true,"href":"https:\/\/fleschmazowsza.com.pl\/index.php?rest_route=%2Fwp%2Fv2%2Fcomments&post=1842"}],"version-history":[{"count":1,"href":"https:\/\/fleschmazowsza.com.pl\/index.php?rest_route=\/wp\/v2\/posts\/1842\/revisions"}],"predecessor-version":[{"id":1844,"href":"https:\/\/fleschmazowsza.com.pl\/index.php?rest_route=\/wp\/v2\/posts\/1842\/revisions\/1844"}],"wp:featuredmedia":[{"embeddable":true,"href":"https:\/\/fleschmazowsza.com.pl\/index.php?rest_route=\/wp\/v2\/media\/1843"}],"wp:attachment":[{"href":"https:\/\/fleschmazowsza.com.pl\/index.php?rest_route=%2Fwp%2Fv2%2Fmedia&parent=1842"}],"wp:term":[{"taxonomy":"category","embeddable":true,"href":"https:\/\/fleschmazowsza.com.pl\/index.php?rest_route=%2Fwp%2Fv2%2Fcategories&post=1842"},{"taxonomy":"post_tag","embeddable":true,"href":"https:\/\/fleschmazowsza.com.pl\/index.php?rest_route=%2Fwp%2Fv2%2Ftags&post=1842"}],"curies":[{"name":"wp","href":"https:\/\/api.w.org\/{rel}","templated":true}]}}