{"id":1831,"date":"2017-09-29T14:21:15","date_gmt":"2017-09-29T13:21:15","guid":{"rendered":"http:\/\/fleschmazowsza.com.pl\/?p=1831"},"modified":"2017-09-29T14:21:15","modified_gmt":"2017-09-29T13:21:15","slug":"nowe-lotnisko-juz-w-2027","status":"publish","type":"post","link":"https:\/\/fleschmazowsza.com.pl\/?p=1831","title":{"rendered":"Nowe lotnisko ju\u017c w 2027!"},"content":{"rendered":"<p><strong>Znamy oficjalne deklaracje polskiego rz\u0105du. Port lotniczy \u201eSolidarno\u015b\u0107\u201d ma powsta\u0107 w miejscowo\u015bci Stanis\u0142aw\u00f3w w gminie Baran\u00f3w. Pierwszy samolot ma odlecie\u0107 z Centralnego Portu Lotniczego w po\u0142owie 2027 r.<\/strong><\/p>\n<p>Centralny Port Lotniczy (CPL) to inwestycja, kt\u00f3ra ma by\u0107 odpowiedzi\u0105 na stale rosn\u0105cy rynek przewo\u017anik\u00f3w samolotowych. Wed\u0142ug wylicze\u0144 i prognoz ekspert\u00f3w z Urz\u0119du Lotnictwa Cywilnego w 2030 roku rynek lotniczy w Polsce b\u0119dzie blisko dwukrotnie wi\u0119kszy ni\u017c obecnie.<\/p>\n<p>Rodzi to problem przepustowo\u015bci g\u0142\u00f3wnych lotnisk w kraju, w tym mi\u0119dzy innymi warszawskiego Ok\u0119cia, kt\u00f3re wed\u0142ug wska\u017anik\u00f3w do 2035 roku ma obs\u0142ugiwa\u0107 ponad 22 miliony pasa\u017cer\u00f3w rocznie.<\/p>\n<p>W styczniu ubieg\u0142ego roku Rafa\u0142 Milczarski, prezes LOTu, podkre\u015bla\u0142, \u017ce przekroczenie tej granicy b\u0119dzie oznacza\u0107 dla Lotniska Chopina konieczno\u015b\u0107 zmniejszenia operacji, poniewa\u017c po prostu zabraknie na nim miejsca do obs\u0142ugi pasa\u017cer\u00f3w.<\/p>\n<p style=\"text-align: center;\"><strong>Plany pojawi\u0142y si\u0119 ju\u017c dawno<\/strong><\/p>\n<p>Pomys\u0142 budowy CPL nie jest niczym nowym.<\/p>\n<p>Pierwsze plany stworzenia wielkiego portu lotniczego pojawi\u0142y si\u0119 ju\u017c 30-lat temu, jednak w\u00f3wczas projekt okaza\u0142 si\u0119 zbyt ambitny jak na \u00f3wczesne realia komunistycznej Polski. Za rz\u0105d\u00f3w koalicji PO-PSL planowano powr\u00f3t do \u015bmia\u0142ych plan\u00f3w budowy lotniska. Jednak przede wszystkim z uwagi na wysokie koszty nie spotka\u0142 si\u0119 z aprobat\u0105 \u00f3wczesnego rz\u0105du.<\/p>\n<p>Teraz wydaje si\u0119, \u017ce projekt jest na dobrej drodze realizacji. Podczas trwaj\u0105cych w tym roku konsultacji eksperci rozwa\u017cali dwie lokalizacje portu lotniczego \u2013 Baran\u00f3w lub Mszczon\u00f3w.<\/p>\n<p>W drugiej po\u0142owie wrze\u015bnia, na konferencji prasowej premier Beata Szyd\u0142o i pe\u0142nomocnik rz\u0105du Miko\u0142aj Wild oficjalnie og\u0142osili, \u017ce rekomendowan\u0105 lokalizacj\u0105 nowego lotniska jest miejscowo\u015b\u0107 Stanis\u0142aw\u00f3w, w gminie Baran\u00f3w.<\/p>\n<p style=\"text-align: center;\"><strong>Lotnisko w Baranowie<\/strong><\/p>\n<p>Lotnisko mia\u0142oby nosi\u0107 nazw\u0119 port lotniczy \u201eSolidarno\u015bci\u201d. Zgodnie z za\u0142o\u017ceniami, pierwsze samoloty b\u0119d\u0105 mog\u0142y wystartowa\u0107 z pasa ju\u017c za oko\u0142o 10 lat. Tyle w\u0142a\u015bnie ma zaj\u0105\u0107 budowa nie tylko lotniska, ale r\u00f3wnie\u017c potrzebnej magistrali kolejowej.<\/p>\n<p>Czy to dobra wiadomo\u015b\u0107 dla mieszka\u0144c\u00f3w gminy? Zdania s\u0105 podzielone.<\/p>\n<p>&#8211; Inwestycja to na pewno szansa na rozw\u00f3j gminy. Rzadko si\u0119 zdarza aby na terenie jednej gminy zrealizowano projekt za 30 mld z\u0142 \u2013 m\u00f3wi w\u00f3jt gminy Baran\u00f3w, Andrzej Kolek. \u2013 Jednak jeste\u015bmy te\u017c \u015bwiadomi zagro\u017ce\u0144. Mowa m.in. o ha\u0142asie i o konieczno\u015bci pozyskania grunt\u00f3w. Wed\u0142ug otrzymanych przez nas informacji, do 2019 roku maj\u0105 potrwa\u0107 prace planistyczne. Potem maj\u0105 ruszy\u0107 wyw\u0142aszczenia oraz prace budowlane. Dodatkowo inwestycj\u0119 ma u\u0142atwi\u0107 specustawa. Dzi\u0119ki niej pozyskanie grunt\u00f3w b\u0119dzie \u0142atwiejsze \u2013 dodaje samorz\u0105dowiec.<\/p>\n<p style=\"text-align: right;\"><strong>Kinga Rochalska<\/strong><\/p>\n<p style=\"text-align: right;\">Fot. <strong><em>www.flickr.com<\/em><\/strong><\/p>\n","protected":false},"excerpt":{"rendered":"<p>Znamy oficjalne deklaracje polskiego rz\u0105du. Port lotniczy \u201eSolidarno\u015b\u0107\u201d ma powsta\u0107 w miejscowo\u015bci Stanis\u0142aw\u00f3w w gminie Baran\u00f3w. Pierwszy samolot ma odlecie\u0107 z Centralnego Portu Lotniczego w po\u0142owie 2027 r. Centralny Port Lotniczy (CPL) to inwestycja, kt\u00f3ra ma by\u0107 odpowiedzi\u0105 na stale rosn\u0105cy rynek przewo\u017anik\u00f3w samolotowych. Wed\u0142ug wylicze\u0144 i prognoz ekspert\u00f3w z Urz\u0119du Lotnictwa Cywilnego w 2030 [&hellip;]<\/p>\n","protected":false},"author":2,"featured_media":1833,"comment_status":"closed","ping_status":"open","sticky":false,"template":"","format":"standard","meta":{"footnotes":""},"categories":[8,5],"tags":[],"class_list":["post-1831","post","type-post","status-publish","format-standard","has-post-thumbnail","hentry","category-roznosci","category-wiadomosci"],"_links":{"self":[{"href":"https:\/\/fleschmazowsza.com.pl\/index.php?rest_route=\/wp\/v2\/posts\/1831","targetHints":{"allow":["GET"]}}],"collection":[{"href":"https:\/\/fleschmazowsza.com.pl\/index.php?rest_route=\/wp\/v2\/posts"}],"about":[{"href":"https:\/\/fleschmazowsza.com.pl\/index.php?rest_route=\/wp\/v2\/types\/post"}],"author":[{"embeddable":true,"href":"https:\/\/fleschmazowsza.com.pl\/index.php?rest_route=\/wp\/v2\/users\/2"}],"replies":[{"embeddable":true,"href":"https:\/\/fleschmazowsza.com.pl\/index.php?rest_route=%2Fwp%2Fv2%2Fcomments&post=1831"}],"version-history":[{"count":1,"href":"https:\/\/fleschmazowsza.com.pl\/index.php?rest_route=\/wp\/v2\/posts\/1831\/revisions"}],"predecessor-version":[{"id":1834,"href":"https:\/\/fleschmazowsza.com.pl\/index.php?rest_route=\/wp\/v2\/posts\/1831\/revisions\/1834"}],"wp:featuredmedia":[{"embeddable":true,"href":"https:\/\/fleschmazowsza.com.pl\/index.php?rest_route=\/wp\/v2\/media\/1833"}],"wp:attachment":[{"href":"https:\/\/fleschmazowsza.com.pl\/index.php?rest_route=%2Fwp%2Fv2%2Fmedia&parent=1831"}],"wp:term":[{"taxonomy":"category","embeddable":true,"href":"https:\/\/fleschmazowsza.com.pl\/index.php?rest_route=%2Fwp%2Fv2%2Fcategories&post=1831"},{"taxonomy":"post_tag","embeddable":true,"href":"https:\/\/fleschmazowsza.com.pl\/index.php?rest_route=%2Fwp%2Fv2%2Ftags&post=1831"}],"curies":[{"name":"wp","href":"https:\/\/api.w.org\/{rel}","templated":true}]}}