{"id":1815,"date":"2017-09-20T14:34:01","date_gmt":"2017-09-20T13:34:01","guid":{"rendered":"http:\/\/fleschmazowsza.com.pl\/?p=1815"},"modified":"2017-09-20T14:34:01","modified_gmt":"2017-09-20T13:34:01","slug":"piesn-o-rolandzie-w-podkowie-lesnej-i-turczynku","status":"publish","type":"post","link":"https:\/\/fleschmazowsza.com.pl\/?p=1815","title":{"rendered":"\u201ePie\u015b\u0144 o Rolandzie\u201d \u2013 w Podkowie Le\u015bnej i Turczynku"},"content":{"rendered":"<p><strong>W Podkowie Le\u015bnej i Milan\u00f3wku odby\u0142y si\u0119 imprezy z okazji Europejskich Dni Dziedzictwa \u2013 inicjatywy, w kt\u00f3rej uczestnicz\u0105 wszystkie pa\u0144stwa cz\u0142onkowskie Unii Europejskiej, tak\u017ce od 2007 r. Polska.<\/strong><\/p>\n<p>EDD to najwa\u017cniejsze \u201e\u015bwi\u0119to zabytk\u00f3w\u201d w Europie, zak\u0142adaj\u0105ce bezp\u0142atne udost\u0119pnianie i zwiedzanie historycznych obiekt\u00f3w. Celem EDD jest ponadto edukacja historyczna \u2013 z jednej strony przypominanie dziedzictwa historycznego w jego r\u00f3\u017cnorodno\u015bci w poszczeg\u00f3lnych regionach i krajach, z drugiej za\u015b akcentowanie wsp\u00f3lnych korzeni historycznych Europy.<\/p>\n<p>W t\u0105 koncepcj\u0119 doskonale wpisa\u0142 si\u0119 spektakl teatralny oparty na \u201ePie\u015bni o Rolandzie\u201d, jaki dane nam by\u0142o ujrze\u0107 w dw\u00f3ch ods\u0142onach.<\/p>\n<p>Tym, kt\u00f3rzy nie wiedz\u0105 lub nie pami\u0119taj\u0105, warto przypomnie\u0107 &#8211; \u201ePie\u015b\u0144 o Rolandzie\u201d to najs\u0142awniejszy epos rycerski powsta\u0142y we wczesnym \u015bredniowieczu, kt\u00f3ry opiewa legendarne czyny i \u015bmier\u0107 na polu walki Rolanda, jednego z rycerzy Karola Wielkiego. A czasy karoli\u0144skie to w\u0142a\u015bnie ten moment w historii Europy, gdy po raz pierwszy pojawi\u0142o si\u0119 okre\u015blenie \u201eEuropenses\u201d \u2013 Europejczycy.<\/p>\n<p>Widowisko przygotowane zosta\u0142o przez po\u0142\u0105czone si\u0142y dw\u00f3ch lokalnych teatr\u00f3w amatorskich: Stowarzyszenia \u201eT-Art\u201d z Milan\u00f3wka oraz Nieformalnej Grupy Teatralnej \u201eMi\u0119dzy S\u0142owami\u201d z Podkowy Le\u015bnej. Trupom teatralnym towarzyszy\u0142a Dru\u017cyna Najemna \u201eUtlagar Hirde\u201d, specjalizuj\u0105ca si\u0119 w rekonstrukcjach historycznych i bitewnych z okresu wczesnego \u015bredniowiecza.<\/p>\n<p>Intencj\u0105 tw\u00f3rc\u00f3w spektaklu by\u0142a taka interpretacja dzie\u0142a literackiego, kt\u00f3ra po\u0142\u0105czy histori\u0119 ze wsp\u00f3\u0142czesno\u015bci\u0105. Dlatego te\u017c \u015bredniowieczny, heroiczny z ducha tekst \u201ePie\u015bni o Rolandzie\u201d, czytany przez lektor\u00f3w, zderzony zosta\u0142 z emocjami, jaki wywo\u0142uje w dzisiejszych widzach obraz kl\u0119ski i \u015bmierci na polu walki.<\/p>\n<p>Niew\u0105tpliwym walorem widowiska by\u0142a pomys\u0142owo zaprojektowana scena plenerowa. Obie ods\u0142ony spektaklu odby\u0142y si\u0119 o godz. 20-tej, na tle budynk\u00f3w roz\u015bwietlonych \u015bwiat\u0142ami \u2013 w sobot\u0119 w Parku Miejskim przy Pa\u0142acyku Kasyno w Podkowie oraz w niedziel\u0119 w scenerii parku i dawnego szpitala w Turczynku.<\/p>\n<p>Warto zwr\u00f3ci\u0107 uwag\u0119, \u017ce w zwi\u0105zku z plenerowym charakterem imprezy, heroizmem i po\u015bwi\u0119ceniem chyba nie mniejszym ni\u017c Roland wykazali si\u0119 aktorzy \u2013 w niedzielny wiecz\u00f3r ca\u0142y spektakl przysz\u0142o im gra\u0107 w ulewnym deszczu. Tym bardziej ogromne brawa dla nich.<\/p>\n<p style=\"text-align: right;\">Tekst i foto:<\/p>\n<p style=\"text-align: right;\"><strong>Sylwia Pa\u0144k\u00f3w<\/strong><\/p>\n","protected":false},"excerpt":{"rendered":"<p>W Podkowie Le\u015bnej i Milan\u00f3wku odby\u0142y si\u0119 imprezy z okazji Europejskich Dni Dziedzictwa \u2013 inicjatywy, w kt\u00f3rej uczestnicz\u0105 wszystkie pa\u0144stwa cz\u0142onkowskie Unii Europejskiej, tak\u017ce od 2007 r. Polska. EDD to najwa\u017cniejsze \u201e\u015bwi\u0119to zabytk\u00f3w\u201d w Europie, zak\u0142adaj\u0105ce bezp\u0142atne udost\u0119pnianie i zwiedzanie historycznych obiekt\u00f3w. Celem EDD jest ponadto edukacja historyczna \u2013 z jednej strony przypominanie dziedzictwa historycznego [&hellip;]<\/p>\n","protected":false},"author":2,"featured_media":1816,"comment_status":"closed","ping_status":"open","sticky":false,"template":"","format":"standard","meta":{"footnotes":""},"categories":[6,8],"tags":[],"class_list":["post-1815","post","type-post","status-publish","format-standard","has-post-thumbnail","hentry","category-kultura","category-roznosci"],"_links":{"self":[{"href":"https:\/\/fleschmazowsza.com.pl\/index.php?rest_route=\/wp\/v2\/posts\/1815","targetHints":{"allow":["GET"]}}],"collection":[{"href":"https:\/\/fleschmazowsza.com.pl\/index.php?rest_route=\/wp\/v2\/posts"}],"about":[{"href":"https:\/\/fleschmazowsza.com.pl\/index.php?rest_route=\/wp\/v2\/types\/post"}],"author":[{"embeddable":true,"href":"https:\/\/fleschmazowsza.com.pl\/index.php?rest_route=\/wp\/v2\/users\/2"}],"replies":[{"embeddable":true,"href":"https:\/\/fleschmazowsza.com.pl\/index.php?rest_route=%2Fwp%2Fv2%2Fcomments&post=1815"}],"version-history":[{"count":1,"href":"https:\/\/fleschmazowsza.com.pl\/index.php?rest_route=\/wp\/v2\/posts\/1815\/revisions"}],"predecessor-version":[{"id":1817,"href":"https:\/\/fleschmazowsza.com.pl\/index.php?rest_route=\/wp\/v2\/posts\/1815\/revisions\/1817"}],"wp:featuredmedia":[{"embeddable":true,"href":"https:\/\/fleschmazowsza.com.pl\/index.php?rest_route=\/wp\/v2\/media\/1816"}],"wp:attachment":[{"href":"https:\/\/fleschmazowsza.com.pl\/index.php?rest_route=%2Fwp%2Fv2%2Fmedia&parent=1815"}],"wp:term":[{"taxonomy":"category","embeddable":true,"href":"https:\/\/fleschmazowsza.com.pl\/index.php?rest_route=%2Fwp%2Fv2%2Fcategories&post=1815"},{"taxonomy":"post_tag","embeddable":true,"href":"https:\/\/fleschmazowsza.com.pl\/index.php?rest_route=%2Fwp%2Fv2%2Ftags&post=1815"}],"curies":[{"name":"wp","href":"https:\/\/api.w.org\/{rel}","templated":true}]}}