{"id":1801,"date":"2017-09-19T12:33:37","date_gmt":"2017-09-19T11:33:37","guid":{"rendered":"http:\/\/fleschmazowsza.com.pl\/?p=1801"},"modified":"2017-09-19T12:33:37","modified_gmt":"2017-09-19T11:33:37","slug":"pozycja-godna-uwagi","status":"publish","type":"post","link":"https:\/\/fleschmazowsza.com.pl\/?p=1801","title":{"rendered":"Pozycja godna uwagi"},"content":{"rendered":"<p><strong>P\u00f3j\u015bcie do przedszkola wi\u0105\u017ce si\u0119 cz\u0119sto z ogromnym stresem. Zar\u00f3wno dla dzieci jak i ich rodzic\u00f3w. Naprzeciw temu problemowi wychodzi Katarzyna Kania \u2013 Str\u00f3\u017cewska, grodziski pedagog oraz terapeuta ze swoj\u0105 ksi\u0105\u017ck\u0105 pt.,: \u201eNawet koza bia\u0142og\u0142owa do przedszkola p\u00f3j\u015b\u0107 gotowa\u201d.<\/strong><\/p>\n<p>Adaptacja przedszkolna dla jednych jest przys\u0142owiow\u0105 bu\u0142k\u0105 z mas\u0142em, a dla niekt\u00f3rych stanowi nie lada wyzwanie. Autorami ksi\u0105\u017cki s\u0105 tw\u00f3rcy przedszkola Burczybas, wi\u0119c mo\u017cecie by\u0107 pewni, \u017ce ludzie kt\u00f3rzy na co dzie\u0144 pracuj\u0105 z dzie\u0107mi wiedz\u0105 najlepiej jak wygl\u0105da ca\u0142y proces adaptacyjny i jak si\u0119 do niego przygotowa\u0107.<\/p>\n<p>Nie jest to jednak typowy poradnik, wype\u0142niony po brzegi fotografiami dzieci bawi\u0105cych si\u0119 w przedszkolu z wyklepanymi na pami\u0119\u0107 poradami. Jest to kawa\u0142 literatury opisuj\u0105cej ostatnie miesi\u0105ce przed przedszkolnym debiutem.<\/p>\n<p>Bohaterem powie\u015bci jest Sta\u015b, ma\u0142y ch\u0142opiec, kt\u00f3ry sp\u0119dza wakacje na wsi u babci Lusi i dziadka Antka. S\u0105 to jego ostatnie wakacje przed p\u00f3j\u015bciem do przedszkola. Ch\u0142opiec beztrosko sp\u0119dza czas w otoczeniu rodziny i wiejskich zwierz\u0105t. Z jednej strony cieszy si\u0119 z p\u00f3j\u015bcia do nowego miejsca, ale z drugiej obawia si\u0119 czy da sobie tam rad\u0119.<\/p>\n<p>Sta\u015b ma te\u017c starsz\u0105 siostr\u0119 Marysie, kt\u00f3ra wprowadza go w \u015bwiat przedszkola opowiadaj\u0105c mu, \u017ce pozna tam mn\u00f3stwo ciekawych koleg\u00f3w i kole\u017canek, a przemi\u0142e panie, kt\u00f3re tam pracuj\u0105 nie pozwol\u0105 mu si\u0119 tam ani nudzi\u0107 ani smuci\u0107.<\/p>\n<p>Ksi\u0105\u017cka Katarzyny Kani \u2013 Str\u00f3\u017cewskiej to wspania\u0142a opowie\u015b\u0107 nie tylko o przedszkolu, ale tak\u017ce o wspania\u0142ych wakacjach na wsi. Autorka po\u015bwi\u0119ci\u0142a mn\u00f3stwo miejsca w swojej ksi\u0105\u017cce opisom zwierz\u0105t, ich zwyczajom, a tak\u017ce obowi\u0105zkom, jakie maj\u0105 ludzie je hoduj\u0105cy. Tego typu pozycje cz\u0119sto epatuj\u0105 nadmiernym dydaktyzmem lub je\u015bli odbiorcami s\u0105 w\u0142a\u015bnie dzieci \u2013 s\u0105 napisane zbyt banalnie. Tutaj jednak narratorem jest dziecko, co pozwala lepiej wczu\u0107 si\u0119 w histori\u0119. Ksi\u0105\u017cka zawiera tak\u017ce poradnik dla rodzic\u00f3w, z kt\u00f3rego mo\u017cna si\u0119 dowiedzie\u0107 np. jak oswoi\u0107 l\u0119k przed przedszkolem.<\/p>\n<p>Ksi\u0105\u017cka od 1 grudnia dost\u0119pna jest pod adresem <a href=\"http:\/\/www.coryllus.pl\">www.coryllus.pl<\/a>, a jej koszt to 32 z\u0142. Wszystkich gor\u0105co zach\u0119camy do przeczytania. To naprawd\u0119 godna uwagi pozycja.<\/p>\n<p style=\"text-align: right;\"><strong>AJ<\/strong><\/p>\n","protected":false},"excerpt":{"rendered":"<p>P\u00f3j\u015bcie do przedszkola wi\u0105\u017ce si\u0119 cz\u0119sto z ogromnym stresem. Zar\u00f3wno dla dzieci jak i ich rodzic\u00f3w. Naprzeciw temu problemowi wychodzi Katarzyna Kania \u2013 Str\u00f3\u017cewska, grodziski pedagog oraz terapeuta ze swoj\u0105 ksi\u0105\u017ck\u0105 pt.,: \u201eNawet koza bia\u0142og\u0142owa do przedszkola p\u00f3j\u015b\u0107 gotowa\u201d. Adaptacja przedszkolna dla jednych jest przys\u0142owiow\u0105 bu\u0142k\u0105 z mas\u0142em, a dla niekt\u00f3rych stanowi nie lada wyzwanie. [&hellip;]<\/p>\n","protected":false},"author":2,"featured_media":1802,"comment_status":"closed","ping_status":"open","sticky":false,"template":"","format":"standard","meta":{"footnotes":""},"categories":[9,5],"tags":[],"class_list":["post-1801","post","type-post","status-publish","format-standard","has-post-thumbnail","hentry","category-edukacja","category-wiadomosci"],"_links":{"self":[{"href":"https:\/\/fleschmazowsza.com.pl\/index.php?rest_route=\/wp\/v2\/posts\/1801","targetHints":{"allow":["GET"]}}],"collection":[{"href":"https:\/\/fleschmazowsza.com.pl\/index.php?rest_route=\/wp\/v2\/posts"}],"about":[{"href":"https:\/\/fleschmazowsza.com.pl\/index.php?rest_route=\/wp\/v2\/types\/post"}],"author":[{"embeddable":true,"href":"https:\/\/fleschmazowsza.com.pl\/index.php?rest_route=\/wp\/v2\/users\/2"}],"replies":[{"embeddable":true,"href":"https:\/\/fleschmazowsza.com.pl\/index.php?rest_route=%2Fwp%2Fv2%2Fcomments&post=1801"}],"version-history":[{"count":1,"href":"https:\/\/fleschmazowsza.com.pl\/index.php?rest_route=\/wp\/v2\/posts\/1801\/revisions"}],"predecessor-version":[{"id":1803,"href":"https:\/\/fleschmazowsza.com.pl\/index.php?rest_route=\/wp\/v2\/posts\/1801\/revisions\/1803"}],"wp:featuredmedia":[{"embeddable":true,"href":"https:\/\/fleschmazowsza.com.pl\/index.php?rest_route=\/wp\/v2\/media\/1802"}],"wp:attachment":[{"href":"https:\/\/fleschmazowsza.com.pl\/index.php?rest_route=%2Fwp%2Fv2%2Fmedia&parent=1801"}],"wp:term":[{"taxonomy":"category","embeddable":true,"href":"https:\/\/fleschmazowsza.com.pl\/index.php?rest_route=%2Fwp%2Fv2%2Fcategories&post=1801"},{"taxonomy":"post_tag","embeddable":true,"href":"https:\/\/fleschmazowsza.com.pl\/index.php?rest_route=%2Fwp%2Fv2%2Ftags&post=1801"}],"curies":[{"name":"wp","href":"https:\/\/api.w.org\/{rel}","templated":true}]}}