{"id":1754,"date":"2017-09-15T14:14:06","date_gmt":"2017-09-15T13:14:06","guid":{"rendered":"http:\/\/fleschmazowsza.com.pl\/?p=1754"},"modified":"2017-09-15T14:14:06","modified_gmt":"2017-09-15T13:14:06","slug":"w-klimacie-retro","status":"publish","type":"post","link":"https:\/\/fleschmazowsza.com.pl\/?p=1754","title":{"rendered":"W klimacie retro"},"content":{"rendered":"<p><strong>Tegoroczny dzie\u0144 Milan\u00f3wka, kt\u00f3ry odby\u0142 si\u0119 w sobot\u0119 9 wrze\u015bnia, mia\u0142 nieco odmienn\u0105 formu\u0142\u0119 ni\u017c w latach poprzednich.<\/strong><\/p>\n<p>Has\u0142o przewodnie: \u201eLata dwudzieste, lata trzydzieste\u201d nie by\u0142 pustym sloganem. Sporo os\u00f3b pojawi\u0142o si\u0119 w strojach z epoki. Panie w d\u0142ugich sukniach, panowie w tu\u017curkach, melonikach, by\u0142 bodaj i kto\u015b we fraku i cylindrze.<\/p>\n<p>Tak\u017ce niekt\u00f3re stragany nawi\u0105zywa\u0142y wystrojem do pocz\u0105tk\u00f3w ubieg\u0142ego wieku. By\u0142 ogr\u00f3d Boles\u0142awa Prusa, istnia\u0142a mo\u017cliwo\u015b\u0107 poznania techniki robienia fotografii sprzed oko\u0142o stu lat. Roksana Szlaska przygotowa\u0142a rewi\u0119 mody retro. Muzycznie gra\u0142a swinguj\u0105ca Warszawska Orkiestra Sentymentalna a imprez\u0119 zako\u0144czy\u0142a pota\u0144c\u00f3wka retro prowadzona przez DJ Wik\u0119 i DJ Fogga w ramach XIV Og\u00f3lnopolskiego Festiwalu Retro im. Mieczys\u0142awa Fogga.<\/p>\n<p>Niew\u0105tpliwie najwi\u0119ksz\u0105 atrakcj\u0105 by\u0142 wyst\u0119p grupy Mocarta, kt\u00f3ry \u015bci\u0105gn\u0105\u0142 prawdziwe t\u0142umy mieszka\u0144c\u00f3w. Chocia\u017c, mo\u017cliwe, \u017ce by\u0142o to nieco mylne wra\u017cenie. W nowej lokalizacji: zbieg ulic Krakowskiej i Ko\u015bciuszki jest troch\u0119 mniej miejsca ni\u017c na stadionie miejskim.<\/p>\n<p>W ka\u017cdym razie tegoroczne \u015bwi\u0119to miasta stanowi\u0142o sp\u00f3jny i przemy\u015blany program.<\/p>\n<p style=\"text-align: right;\"><strong>(kf),<\/strong><\/p>\n<p style=\"text-align: right;\">Fot.<em><strong> MCK<\/strong><\/em><\/p>\n","protected":false},"excerpt":{"rendered":"<p>Tegoroczny dzie\u0144 Milan\u00f3wka, kt\u00f3ry odby\u0142 si\u0119 w sobot\u0119 9 wrze\u015bnia, mia\u0142 nieco odmienn\u0105 formu\u0142\u0119 ni\u017c w latach poprzednich. Has\u0142o przewodnie: \u201eLata dwudzieste, lata trzydzieste\u201d nie by\u0142 pustym sloganem. Sporo os\u00f3b pojawi\u0142o si\u0119 w strojach z epoki. Panie w d\u0142ugich sukniach, panowie w tu\u017curkach, melonikach, by\u0142 bodaj i kto\u015b we fraku i cylindrze. Tak\u017ce niekt\u00f3re stragany [&hellip;]<\/p>\n","protected":false},"author":2,"featured_media":1756,"comment_status":"closed","ping_status":"open","sticky":false,"template":"","format":"standard","meta":{"footnotes":""},"categories":[6,5],"tags":[],"class_list":["post-1754","post","type-post","status-publish","format-standard","has-post-thumbnail","hentry","category-kultura","category-wiadomosci"],"_links":{"self":[{"href":"https:\/\/fleschmazowsza.com.pl\/index.php?rest_route=\/wp\/v2\/posts\/1754","targetHints":{"allow":["GET"]}}],"collection":[{"href":"https:\/\/fleschmazowsza.com.pl\/index.php?rest_route=\/wp\/v2\/posts"}],"about":[{"href":"https:\/\/fleschmazowsza.com.pl\/index.php?rest_route=\/wp\/v2\/types\/post"}],"author":[{"embeddable":true,"href":"https:\/\/fleschmazowsza.com.pl\/index.php?rest_route=\/wp\/v2\/users\/2"}],"replies":[{"embeddable":true,"href":"https:\/\/fleschmazowsza.com.pl\/index.php?rest_route=%2Fwp%2Fv2%2Fcomments&post=1754"}],"version-history":[{"count":1,"href":"https:\/\/fleschmazowsza.com.pl\/index.php?rest_route=\/wp\/v2\/posts\/1754\/revisions"}],"predecessor-version":[{"id":1757,"href":"https:\/\/fleschmazowsza.com.pl\/index.php?rest_route=\/wp\/v2\/posts\/1754\/revisions\/1757"}],"wp:featuredmedia":[{"embeddable":true,"href":"https:\/\/fleschmazowsza.com.pl\/index.php?rest_route=\/wp\/v2\/media\/1756"}],"wp:attachment":[{"href":"https:\/\/fleschmazowsza.com.pl\/index.php?rest_route=%2Fwp%2Fv2%2Fmedia&parent=1754"}],"wp:term":[{"taxonomy":"category","embeddable":true,"href":"https:\/\/fleschmazowsza.com.pl\/index.php?rest_route=%2Fwp%2Fv2%2Fcategories&post=1754"},{"taxonomy":"post_tag","embeddable":true,"href":"https:\/\/fleschmazowsza.com.pl\/index.php?rest_route=%2Fwp%2Fv2%2Ftags&post=1754"}],"curies":[{"name":"wp","href":"https:\/\/api.w.org\/{rel}","templated":true}]}}