{"id":175,"date":"2016-10-20T14:22:00","date_gmt":"2016-10-20T13:22:00","guid":{"rendered":"http:\/\/fleschmazowsza.com.pl\/?p=175"},"modified":"2016-10-20T14:22:00","modified_gmt":"2016-10-20T13:22:00","slug":"dojazdy-plany-taborowe-kolei-mazowieckich","status":"publish","type":"post","link":"https:\/\/fleschmazowsza.com.pl\/?p=175","title":{"rendered":"DOJAZDY. Plany taborowe Kolei Mazowieckich"},"content":{"rendered":"<p><strong>Mazowiecki przewo\u017anik samorz\u0105dowy planuje do 2022 r. zakup 71 sztuk elektrycznych zespo\u0142\u00f3w trakcyjnych. Obecnie przygotowywana jest procedura zam\u00f3wienia publicznego.<\/strong><\/p>\n<p>Codzienne funkcjonowanie milion\u00f3w Mazowszan bez pasa\u017cerskiego transportu kolejowego by\u0142oby praktycznie niemo\u017cliwe. Maj\u0105c na uwadze sta\u0142\u0105 popraw\u0119 jako\u015bci realizowanych przewoz\u00f3w pasa\u017cerskich Koleje Mazowieckie przygotowuj\u0105 zakup 6 ezt (elektrycznych zespo\u0142\u00f3w trakcyjnych) jako zam\u00f3wienie podstawowe oraz 65 ezt w opcji.<\/p>\n<p>Sp\u00f3\u0142ka planuje zakup pojazd\u00f3w z wykorzystaniem \u015brodk\u00f3w unijnych z perspektywy na lata 2014 &#8211; 2020.<\/p>\n<p>&#8211; Chcemy, by podr\u00f3\u017c naszymi poci\u0105gami by\u0142a na jak najwy\u017cszym poziomie. To dlatego od lat, przy ogromnym wsparciu naszego w\u0142a\u015bciciela &#8211; Samorz\u0105du Wojew\u00f3dztwa Mazowieckiego &#8211; oraz dzi\u0119ki efektywnemu wykorzystaniu \u015brodk\u00f3w unijnych realizujemy kolejne inwestycje. Kupujemy nowoczesne pojazdy oraz modernizujemy te, kt\u00f3re obecnie posiadamy. Nasze starania o wysoki standard us\u0142ug ka\u017cdego roku maj\u0105 odzwierciedlenie w wysokich wynikach przewozowych \u2013 zapewnia Artur Radwan, prezes zarz\u0105du Kolei Mazowieckich.<\/p>\n<p>Do 2022 r. Koleje Mazowieckie planuj\u0105 zakup \u0142\u0105cznie 71 sztuk nowego taboru, w tym:<\/p>\n<ul>\n<li>6 sztuk nowych pi\u0119ciocz\u0142onowych ezt,<\/li>\n<li>10 sztuk nowych dwucz\u0142onowych ezt,<\/li>\n<li>55 sztuk nowych pi\u0119ciocz\u0142onowych ezt.<\/li>\n<\/ul>\n<p>&#8211; Mam nadziej\u0119, \u017ce te nowe poci\u0105gi szybko trafi\u0105 na nasz\u0105 lini\u0119. W ostatnim czasie powr\u00f3t z Warszawy do Grodziska to koszmar. W zasadzie nie ma dnia, \u017ceby jaki\u015b sk\u0142ad si\u0119 nie popsu\u0142 \u2013 m\u00f3wi pan Mariusz z Grodziska Maz. doje\u017cd\u017caj\u0105cy do pracy w stolicy.<\/p>\n<p>Zarz\u0105d Kolei Mazowieckich zapewnia, \u017ce s\u0105 one pod wzgl\u0119dem nowoczesnego taboru niekwestionowanym liderem w\u015br\u00f3d przewo\u017anik\u00f3w regionalnych.<\/p>\n<p>&#8211; Nie zamierzamy tej pozycji odda\u0107, dlatego systematycznie powi\u0119kszamy nasz park taborowy o nowe pojazdy. Nie inaczej b\u0119dzie w przysz\u0142ych latach \u2013 zapowiada Czes\u0142aw Sulima, cz\u0142onek zarz\u0105du, dyrektor eksploatacyjny Kolei Mazowieckich.<\/p>\n<p style=\"text-align: right;\"><strong>(mg)<\/strong><\/p>\n","protected":false},"excerpt":{"rendered":"<p>Mazowiecki przewo\u017anik samorz\u0105dowy planuje do 2022 r. zakup 71 sztuk elektrycznych zespo\u0142\u00f3w trakcyjnych. Obecnie przygotowywana jest procedura zam\u00f3wienia publicznego. Codzienne funkcjonowanie milion\u00f3w Mazowszan bez pasa\u017cerskiego transportu kolejowego by\u0142oby praktycznie niemo\u017cliwe. Maj\u0105c na uwadze sta\u0142\u0105 popraw\u0119 jako\u015bci realizowanych przewoz\u00f3w pasa\u017cerskich Koleje Mazowieckie przygotowuj\u0105 zakup 6 ezt (elektrycznych zespo\u0142\u00f3w trakcyjnych) jako zam\u00f3wienie podstawowe oraz 65 ezt w [&hellip;]<\/p>\n","protected":false},"author":2,"featured_media":176,"comment_status":"closed","ping_status":"open","sticky":false,"template":"","format":"standard","meta":{"footnotes":""},"categories":[5],"tags":[],"class_list":["post-175","post","type-post","status-publish","format-standard","has-post-thumbnail","hentry","category-wiadomosci"],"_links":{"self":[{"href":"https:\/\/fleschmazowsza.com.pl\/index.php?rest_route=\/wp\/v2\/posts\/175","targetHints":{"allow":["GET"]}}],"collection":[{"href":"https:\/\/fleschmazowsza.com.pl\/index.php?rest_route=\/wp\/v2\/posts"}],"about":[{"href":"https:\/\/fleschmazowsza.com.pl\/index.php?rest_route=\/wp\/v2\/types\/post"}],"author":[{"embeddable":true,"href":"https:\/\/fleschmazowsza.com.pl\/index.php?rest_route=\/wp\/v2\/users\/2"}],"replies":[{"embeddable":true,"href":"https:\/\/fleschmazowsza.com.pl\/index.php?rest_route=%2Fwp%2Fv2%2Fcomments&post=175"}],"version-history":[{"count":1,"href":"https:\/\/fleschmazowsza.com.pl\/index.php?rest_route=\/wp\/v2\/posts\/175\/revisions"}],"predecessor-version":[{"id":177,"href":"https:\/\/fleschmazowsza.com.pl\/index.php?rest_route=\/wp\/v2\/posts\/175\/revisions\/177"}],"wp:featuredmedia":[{"embeddable":true,"href":"https:\/\/fleschmazowsza.com.pl\/index.php?rest_route=\/wp\/v2\/media\/176"}],"wp:attachment":[{"href":"https:\/\/fleschmazowsza.com.pl\/index.php?rest_route=%2Fwp%2Fv2%2Fmedia&parent=175"}],"wp:term":[{"taxonomy":"category","embeddable":true,"href":"https:\/\/fleschmazowsza.com.pl\/index.php?rest_route=%2Fwp%2Fv2%2Fcategories&post=175"},{"taxonomy":"post_tag","embeddable":true,"href":"https:\/\/fleschmazowsza.com.pl\/index.php?rest_route=%2Fwp%2Fv2%2Ftags&post=175"}],"curies":[{"name":"wp","href":"https:\/\/api.w.org\/{rel}","templated":true}]}}