{"id":1748,"date":"2017-09-15T14:07:28","date_gmt":"2017-09-15T13:07:28","guid":{"rendered":"http:\/\/fleschmazowsza.com.pl\/?p=1748"},"modified":"2017-09-15T14:07:28","modified_gmt":"2017-09-15T13:07:28","slug":"muniek-staszczyk-dezerter-i-karnawal-wenecki","status":"publish","type":"post","link":"https:\/\/fleschmazowsza.com.pl\/?p=1748","title":{"rendered":"Muniek Staszczyk, Dezerter i Karnawa\u0142 Wenecki"},"content":{"rendered":"<p><strong>Tegoroczne Dni Brwinowa obfitowa\u0142y w wyj\u0105tkowe atrakcje. W sobot\u0119 i niedziel\u0119, 9 i 10 wrze\u015bnia, odby\u0142y si\u0119 zar\u00f3wno uroczysto\u015bci patriotyczne, jak i imprezy sportowe, muzyczne i artystyczne.<\/strong><\/p>\n<p>Punktem wyj\u015bcia dla obchod\u00f3w Dni Brwinowa jest rocznica wydarzenia historycznego \u2013 Bitwy pod Brwinowem podczas kampanii wrze\u015bniowej w 1939r. Aby j\u0105 upami\u0119tni\u0107, poczty sztandarowe i zaproszeni go\u015bcie po uroczystej mszy niedzielnej zebrali si\u0119 przy pomniku po\u015bwi\u0119conym \u017co\u0142nierzom 36 pu\u0142ku piechoty Legii Akademickiej. Weterani i kombatanci, wojskowi, przedstawiciele w\u0142adz samorz\u0105dowych, plac\u00f3wek kulturalnych i o\u015bwiatowych oraz lokalnych stowarzysze\u0144 z\u0142o\u017cyli kwiaty.<\/p>\n<p style=\"text-align: center;\"><strong>Kocha\u0107 ojczyzn\u0119<\/strong><\/p>\n<p>Jako motto i g\u0142\u00f3wne przes\u0142anie uroczysto\u015bci, zar\u00f3wno Burmistrz Gminy Brwin\u00f3w, jak i Starosta Powiatu Pruszkowskiego przywo\u0142ali s\u0142owa piosenki zespo\u0142u T.Love, kt\u00f3re mieszka\u0144cy miasta mieli okazj\u0119 us\u0142ysze\u0107 poprzedzaj\u0105cego wieczoru na sobotnim koncercie: \u201eOjczyzn\u0119 kocha\u0107 trzeba i szanowa\u0107, nie depta\u0107 flagi i nie plu\u0107 na god\u0142o\u201d.<\/p>\n<p>Korzystaj\u0105c z okazji burmistrz Arkadiusz Kosi\u0144ski podzi\u0119kowa\u0142 wszystkim przedstawicielom s\u0142u\u017cb mundurowych w mie\u015bcie: stra\u017cakom, policjantom i stra\u017cnikom miejskim za prac\u0119 na rzecz bezpiecze\u0144stwa miasta. Na koniec zaprosi\u0142 ch\u0119tnych do Fotoplastikonu, w kt\u00f3rym ogl\u0105da\u0107 mo\u017cna zdj\u0119cia ulic i ludzi dawnego Brwinowa.<\/p>\n<p style=\"text-align: center;\"><strong>Sportowy wymiar i kultura alternatywna<\/strong><\/p>\n<p>Obchody Dni Brwinowa mia\u0142y r\u00f3wnie\u017c wymiar sportowy. W sobot\u0119 odby\u0142 si\u0119 mecz klub\u00f3w pi\u0142karskich z Brwinowa i Teresina oraz Zawody Si\u0142aczy, zorganizowane przez Towarzystwo Gimnastyczne \u201eSok\u00f3\u0142\u201d.<\/p>\n<p>Dla zwiedzaj\u0105cych otworzono nowopowsta\u0142\u0105 hal\u0119 sportow\u0105 przy Szkole Podstawowej nr 1 \u2013 budynek najnowszej generacji, zbudowany w technologii pasywnej, o bardzo wysokiej energooszcz\u0119dno\u015bci, kt\u00f3r\u0105 zawdzi\u0119cza wykorzystaniu naturalnych \u017ar\u00f3de\u0142 energii.<\/p>\n<p>Z kolei niedzielne popo\u0142udnie przebiega\u0142o pod has\u0142em kultury alternatywnej. Mo\u017cna by\u0142o obejrze\u0107 ekspozycj\u0119 rysunk\u00f3w satyrycznych autorstwa Ryszarda Lynxa \u0141obosa \u2013 eksploruj\u0105cych w\u0105tek wolno\u015bci i niezale\u017cno\u015bci jednostki. Dzieci uczestniczy\u0142y w warsztatach artzinowych \u2013 pod okiem instruktorek uczy\u0142y si\u0119 niekomercyjnego wytwarzania, w konwencji \u201eZr\u00f3b to Sam\u201d, ma\u0142ych form introligatorskich: notes\u00f3w i zszywanych ksi\u0105\u017ceczek.<\/p>\n<p>Swoje stoisko otworzy\u0142o arcyciekawe pismo brwinowskiego \u201eOKej-a\u201d &#8211; \u201eQltywator\u201d. Ambitne w formie i tre\u015bci teksty w nim zamieszczane osnute s\u0105 wok\u00f3\u0142 ma\u0142ych spraw codziennej rzeczywisto\u015bci naszych miasteczek.<\/p>\n<p style=\"text-align: center;\"><strong>Klasycznie i punkrockowo<\/strong><\/p>\n<p>Niekwestionowan\u0105 gwiazd\u0105 niedzielnego wieczoru by\u0142 \u201eDezerter\u201d \u2013 koncert kultowego punkrockowego zespo\u0142u mia\u0142, o dziwo, wielopokoleniow\u0105 publiczno\u015b\u0107. Energetyczna muzyka i zaanga\u017cowane teksty by\u0142y, zgodnie z deklaracj\u0105 organizatora imprezy czyli \u201eOkej-a\u201d, zapowiedzi\u0105 kolejnych off-kulturowych koncert\u00f3w w przysz\u0142ych sezonach.<\/p>\n<p>Zwie\u0144czeniem dwudniowego imprezowania w Brwinowie by\u0142 \u201eKarnawa\u0142 Wenecki\u201d \u2013 niesamowity, czarodziejski spektakl w nocnej scenerii Parku Miejskiego. O godzinie 22.00, na plenerowej scenie zaaran\u017cowanej bezpo\u015brednio na trawie przy Pa\u0142acu Wierusz \u2013 Kowalskich, mieli\u015bmy okazj\u0119 ujrze\u0107 niezwyk\u0142e, wystylizowane widowisko, do z\u0142udzenia przypominaj\u0105ce XVIII-wieczne inscenizacje teatralno-operowe. D\u017awi\u0119ki klasycznej muzyki barokowej, zjawiskowe z\u0142ote i czerwone kostiumy, weneckie maski karnawa\u0142owe, ta\u0144ce postaci na szczud\u0142ach i wszystko to w ciemno\u015bci roz\u015bwietlonej reflektorami \u2013 wra\u017cenia artystyczne, jakich dostarczy\u0142 widzom Teatr \u201eGry i Ludzie\u201d, by\u0142y niezapomniane. To by\u0142a Sztuka przez du\u017ce \u201eS\u201d.<\/p>\n<p style=\"text-align: right;\"><strong>Sylwia Pa\u0144k\u00f3w<\/strong><\/p>\n<p style=\"text-align: right;\">fot. <em><strong>U. G. Brwin\u00f3w<\/strong><\/em><\/p>\n<p style=\"text-align: right;\">\n","protected":false},"excerpt":{"rendered":"<p>Tegoroczne Dni Brwinowa obfitowa\u0142y w wyj\u0105tkowe atrakcje. W sobot\u0119 i niedziel\u0119, 9 i 10 wrze\u015bnia, odby\u0142y si\u0119 zar\u00f3wno uroczysto\u015bci patriotyczne, jak i imprezy sportowe, muzyczne i artystyczne. Punktem wyj\u015bcia dla obchod\u00f3w Dni Brwinowa jest rocznica wydarzenia historycznego \u2013 Bitwy pod Brwinowem podczas kampanii wrze\u015bniowej w 1939r. Aby j\u0105 upami\u0119tni\u0107, poczty sztandarowe i zaproszeni go\u015bcie po [&hellip;]<\/p>\n","protected":false},"author":2,"featured_media":1749,"comment_status":"closed","ping_status":"open","sticky":false,"template":"","format":"standard","meta":{"footnotes":""},"categories":[6],"tags":[],"class_list":["post-1748","post","type-post","status-publish","format-standard","has-post-thumbnail","hentry","category-kultura"],"_links":{"self":[{"href":"https:\/\/fleschmazowsza.com.pl\/index.php?rest_route=\/wp\/v2\/posts\/1748","targetHints":{"allow":["GET"]}}],"collection":[{"href":"https:\/\/fleschmazowsza.com.pl\/index.php?rest_route=\/wp\/v2\/posts"}],"about":[{"href":"https:\/\/fleschmazowsza.com.pl\/index.php?rest_route=\/wp\/v2\/types\/post"}],"author":[{"embeddable":true,"href":"https:\/\/fleschmazowsza.com.pl\/index.php?rest_route=\/wp\/v2\/users\/2"}],"replies":[{"embeddable":true,"href":"https:\/\/fleschmazowsza.com.pl\/index.php?rest_route=%2Fwp%2Fv2%2Fcomments&post=1748"}],"version-history":[{"count":1,"href":"https:\/\/fleschmazowsza.com.pl\/index.php?rest_route=\/wp\/v2\/posts\/1748\/revisions"}],"predecessor-version":[{"id":1750,"href":"https:\/\/fleschmazowsza.com.pl\/index.php?rest_route=\/wp\/v2\/posts\/1748\/revisions\/1750"}],"wp:featuredmedia":[{"embeddable":true,"href":"https:\/\/fleschmazowsza.com.pl\/index.php?rest_route=\/wp\/v2\/media\/1749"}],"wp:attachment":[{"href":"https:\/\/fleschmazowsza.com.pl\/index.php?rest_route=%2Fwp%2Fv2%2Fmedia&parent=1748"}],"wp:term":[{"taxonomy":"category","embeddable":true,"href":"https:\/\/fleschmazowsza.com.pl\/index.php?rest_route=%2Fwp%2Fv2%2Fcategories&post=1748"},{"taxonomy":"post_tag","embeddable":true,"href":"https:\/\/fleschmazowsza.com.pl\/index.php?rest_route=%2Fwp%2Fv2%2Ftags&post=1748"}],"curies":[{"name":"wp","href":"https:\/\/api.w.org\/{rel}","templated":true}]}}