{"id":1742,"date":"2017-09-15T13:54:29","date_gmt":"2017-09-15T12:54:29","guid":{"rendered":"http:\/\/fleschmazowsza.com.pl\/?p=1742"},"modified":"2017-09-15T13:54:29","modified_gmt":"2017-09-15T12:54:29","slug":"trwa-procedura-odwolania-dyrektora-biblioteki-publicznej-w-ursusie","status":"publish","type":"post","link":"https:\/\/fleschmazowsza.com.pl\/?p=1742","title":{"rendered":"Trwa procedura odwo\u0142ania dyrektora Biblioteki Publicznej w Ursusie"},"content":{"rendered":"<p><strong>Po informacjach prasowych na temat nieprawid\u0142owo\u015bci jakie mia\u0142y miejsce w Bibliotece Publicznej w Ursusie wobec dyrektora plac\u00f3wki wszcz\u0119to procedur\u0119 odwo\u0142awcz\u0105.<\/strong><\/p>\n<p>Przypomnijmy: \u015bledztwo nadzoruje Prokuratura Rejonowa na Ochocie. Dyrektor biblioteki i jego zast\u0119pczyni us\u0142yszeli siedem zarzut\u00f3w. W latach 2010 \u2013 2016 mieli wsp\u00f3lnie wy\u0142udzi\u0107 z podleg\u0142ej im biblioteki ok. 190 tys. z\u0142, pos\u0142uguj\u0105c si\u0119 \u201enierzetelnymi\u201d dokumentami w rozliczaniu pieni\u0119dzy w ramach projekt\u00f3w unijnych. Do zatrzymania dosz\u0142o 18 kwietnia br.<\/p>\n<p>Mechanizm polega\u0142 na zawieraniu um\u00f3w na fikcyjne us\u0142ugi z zaprzyja\u017anionymi i spokrewnionymi osobami b\u0105d\u017a na zawieraniu dodatkowych um\u00f3w na rzekome us\u0142ugi \u015bwiadczone w ramach normalnego stosunku pracy. Czasem towarzyszy\u0142o temu podw\u00f3jne ksi\u0119gowanie wydatk\u00f3w.<\/p>\n<p>Przyk\u0142adowo kupowano ksi\u0105\u017cki i rozliczano zakup r\u00f3wnocze\u015bnie z bud\u017cetu biblioteki i z programu unijnego. Stan inwentarza si\u0119 zgadza\u0142, ale powstawa\u0142a nadwy\u017cka kasowa. Wygenerowan\u0105 nadwy\u017ck\u0119 wyprowadzano na podstawie fikcyjnej umowy.<\/p>\n<p>Jak poda\u0142 portal \u201eUrsus wiadomo\u015bci\u201d oficjalny profil Urz\u0119du Dzielnicy Ursus m.st. Warszawy poinformowa\u0142, \u017ce \u201eProcedura odwo\u0142ania dyrektora Biblioteki Publicznej w Ursusie zosta\u0142a wdro\u017cona bezpo\u015brednio po otrzymaniu oficjalnej informacji z Prokuratury Rejonowej Warszawa \u2013 Ochota o stawianych dyrektorowi i jego zast\u0119pcy zarzutach. Zarz\u0105d Dzielnicy wyst\u0105pi\u0142 do Prezydenta (warszawy \u2013 przyp. Red.) o przeprowadzenie kontroli finans\u00f3w plac\u00f3wki; kontrola jest w trakcie. (\u2026) Urz\u0105d Dzielnicy Ursus wyst\u0105pi\u0142 do zwi\u0105zk\u00f3w zawodowych oraz stowarzysze\u0144 bran\u017cowych dzia\u0142aj\u0105cych na terenie Warszawy w celu uzyskania opinii w sprawie zasadno\u015bci odwo\u0142ania dyrektora biblioteki w Ursusie. W zwi\u0105zku ze zwolnieniem lekarskim dyrektora zosta\u0142a wyznaczona pracowniczka biblioteki do wykonywania czynno\u015bci dyrektora. Jednocze\u015bnie trwa\u0142y rozmowy z kandydatami, kt\u00f3rym zgodnie z ustaw\u0105 mo\u017cna by by\u0142o powierzy\u0107 kierowanie bibliotek\u0105 do czasu przeprowadzenia konkursu. Zarz\u0105d dwukrotnie wyst\u0105pi\u0142 do Prezydenta m.st. Warszawy o wyznaczenie kandydata na to stanowisko. Osoba taka zosta\u0142a ju\u017c wy\u0142oniona i obecnie trwa procedura w przedmiocie wydania przez Prezydenta m.st. Warszawy stosownych Zarz\u0105dze\u0144 &#8211; o odwo\u0142aniu obecnego dyrektora biblioteki i powo\u0142aniu osoby, kt\u00f3ra czasowo b\u0119dzie kierowa\u0142a jednostk\u0105 kultury. Mamy nadziej\u0119, \u017ce procedura zako\u0144czy si\u0119 do ko\u0144ca bie\u017c\u0105cego miesi\u0105ca, o czym niezw\u0142ocznie poinformujemy.\u201d<\/p>\n<p style=\"text-align: right;\">Oprac. <strong>(mg)<\/strong><\/p>\n","protected":false},"excerpt":{"rendered":"<p>Po informacjach prasowych na temat nieprawid\u0142owo\u015bci jakie mia\u0142y miejsce w Bibliotece Publicznej w Ursusie wobec dyrektora plac\u00f3wki wszcz\u0119to procedur\u0119 odwo\u0142awcz\u0105. Przypomnijmy: \u015bledztwo nadzoruje Prokuratura Rejonowa na Ochocie. Dyrektor biblioteki i jego zast\u0119pczyni us\u0142yszeli siedem zarzut\u00f3w. W latach 2010 \u2013 2016 mieli wsp\u00f3lnie wy\u0142udzi\u0107 z podleg\u0142ej im biblioteki ok. 190 tys. z\u0142, pos\u0142uguj\u0105c si\u0119 \u201enierzetelnymi\u201d dokumentami [&hellip;]<\/p>\n","protected":false},"author":2,"featured_media":1743,"comment_status":"closed","ping_status":"open","sticky":false,"template":"","format":"standard","meta":{"footnotes":""},"categories":[5],"tags":[],"class_list":["post-1742","post","type-post","status-publish","format-standard","has-post-thumbnail","hentry","category-wiadomosci"],"_links":{"self":[{"href":"https:\/\/fleschmazowsza.com.pl\/index.php?rest_route=\/wp\/v2\/posts\/1742","targetHints":{"allow":["GET"]}}],"collection":[{"href":"https:\/\/fleschmazowsza.com.pl\/index.php?rest_route=\/wp\/v2\/posts"}],"about":[{"href":"https:\/\/fleschmazowsza.com.pl\/index.php?rest_route=\/wp\/v2\/types\/post"}],"author":[{"embeddable":true,"href":"https:\/\/fleschmazowsza.com.pl\/index.php?rest_route=\/wp\/v2\/users\/2"}],"replies":[{"embeddable":true,"href":"https:\/\/fleschmazowsza.com.pl\/index.php?rest_route=%2Fwp%2Fv2%2Fcomments&post=1742"}],"version-history":[{"count":1,"href":"https:\/\/fleschmazowsza.com.pl\/index.php?rest_route=\/wp\/v2\/posts\/1742\/revisions"}],"predecessor-version":[{"id":1744,"href":"https:\/\/fleschmazowsza.com.pl\/index.php?rest_route=\/wp\/v2\/posts\/1742\/revisions\/1744"}],"wp:featuredmedia":[{"embeddable":true,"href":"https:\/\/fleschmazowsza.com.pl\/index.php?rest_route=\/wp\/v2\/media\/1743"}],"wp:attachment":[{"href":"https:\/\/fleschmazowsza.com.pl\/index.php?rest_route=%2Fwp%2Fv2%2Fmedia&parent=1742"}],"wp:term":[{"taxonomy":"category","embeddable":true,"href":"https:\/\/fleschmazowsza.com.pl\/index.php?rest_route=%2Fwp%2Fv2%2Fcategories&post=1742"},{"taxonomy":"post_tag","embeddable":true,"href":"https:\/\/fleschmazowsza.com.pl\/index.php?rest_route=%2Fwp%2Fv2%2Ftags&post=1742"}],"curies":[{"name":"wp","href":"https:\/\/api.w.org\/{rel}","templated":true}]}}