{"id":1734,"date":"2017-09-12T15:05:19","date_gmt":"2017-09-12T14:05:19","guid":{"rendered":"http:\/\/fleschmazowsza.com.pl\/?p=1734"},"modified":"2017-09-12T15:05:19","modified_gmt":"2017-09-12T14:05:19","slug":"pruszkow-drogowcy-szykuja-sie-do-remontu-wiaduktu-w-ciagu-ul-poznanskiej","status":"publish","type":"post","link":"https:\/\/fleschmazowsza.com.pl\/?p=1734","title":{"rendered":"PRUSZK\u00d3W. Drogowcy szykuj\u0105 si\u0119 do remontu wiaduktu w ci\u0105gu ul. Pozna\u0144skiej"},"content":{"rendered":"<p><strong>Kierowcy musz\u0105 przygotowa\u0107 si\u0119 na kolejne utrudnia drogowe w Pruszkowie. Jak informuje Mazowiecki Zarz\u0105d Dr\u00f3g Wojew\u00f3dzkich, od po\u0142owy wrze\u015bnia do ko\u0144ca pa\u017adziernika br. planowane jest przeprowadzenie remontu wiaduktu w ci\u0105gu ul. Pozna\u0144skiej.<\/strong><\/p>\n<p>O z\u0142ym stanie technicznym pruszkowskiego wiaduktu m\u00f3wi si\u0119 ju\u017c od dawna. Konstrukcja przeprawy stwarza zagro\u017cenie dla u\u017cytkownik\u00f3w ruchu drogowego, dlatego remont wiaduktu sta\u0142 si\u0119 jednym z priorytet\u00f3w Mazowieckiego Zarz\u0105du Dr\u00f3g Wojew\u00f3dzkich.<\/p>\n<p>Planowane w tym roku prace remontowe obj\u0105\u0107 maj\u0105 przede wszystkim umocnienie przycz\u00f3\u0142k\u00f3w na wiadukcie p\u0142ytami a\u017curowymi, napraw\u0119 prz\u0119se\u0142 na wiadukcie oraz wykonanie zabezpiecze\u0144 przeciwpora\u017ceniowych.<\/p>\n<p>Czy to oznacza, \u017ce przeprawa zostanie ca\u0142kowicie wy\u0142\u0105czona z ruchu?<\/p>\n<p>-W trakcie remontu ograniczenia w ruchu b\u0119d\u0105 uzale\u017cnione od prowadzanych rob\u00f3t. Jednak na czas remontu obiekt nie zostanie wy\u0142\u0105czony z ruchu \u2013 zaznacza Monika Burdon, rzecznik prasowy Mazowieckiego Zarz\u0105du Dr\u00f3g Wojew\u00f3dzkich. \u2013 Prace remontowe potrwa\u0107 maj\u0105 od po\u0142owy wrze\u015bnia do ko\u0144ca pa\u017adziernika tego roku \u2013 dodaje.<\/p>\n<p style=\"text-align: right;\">Tekst i foto:<\/p>\n<p style=\"text-align: right;\"><strong>Kinga Rochalska<\/strong><\/p>\n","protected":false},"excerpt":{"rendered":"<p>Kierowcy musz\u0105 przygotowa\u0107 si\u0119 na kolejne utrudnia drogowe w Pruszkowie. Jak informuje Mazowiecki Zarz\u0105d Dr\u00f3g Wojew\u00f3dzkich, od po\u0142owy wrze\u015bnia do ko\u0144ca pa\u017adziernika br. planowane jest przeprowadzenie remontu wiaduktu w ci\u0105gu ul. Pozna\u0144skiej. O z\u0142ym stanie technicznym pruszkowskiego wiaduktu m\u00f3wi si\u0119 ju\u017c od dawna. Konstrukcja przeprawy stwarza zagro\u017cenie dla u\u017cytkownik\u00f3w ruchu drogowego, dlatego remont wiaduktu sta\u0142 [&hellip;]<\/p>\n","protected":false},"author":2,"featured_media":1735,"comment_status":"closed","ping_status":"open","sticky":false,"template":"","format":"standard","meta":{"footnotes":""},"categories":[5],"tags":[],"class_list":["post-1734","post","type-post","status-publish","format-standard","has-post-thumbnail","hentry","category-wiadomosci"],"_links":{"self":[{"href":"https:\/\/fleschmazowsza.com.pl\/index.php?rest_route=\/wp\/v2\/posts\/1734","targetHints":{"allow":["GET"]}}],"collection":[{"href":"https:\/\/fleschmazowsza.com.pl\/index.php?rest_route=\/wp\/v2\/posts"}],"about":[{"href":"https:\/\/fleschmazowsza.com.pl\/index.php?rest_route=\/wp\/v2\/types\/post"}],"author":[{"embeddable":true,"href":"https:\/\/fleschmazowsza.com.pl\/index.php?rest_route=\/wp\/v2\/users\/2"}],"replies":[{"embeddable":true,"href":"https:\/\/fleschmazowsza.com.pl\/index.php?rest_route=%2Fwp%2Fv2%2Fcomments&post=1734"}],"version-history":[{"count":1,"href":"https:\/\/fleschmazowsza.com.pl\/index.php?rest_route=\/wp\/v2\/posts\/1734\/revisions"}],"predecessor-version":[{"id":1736,"href":"https:\/\/fleschmazowsza.com.pl\/index.php?rest_route=\/wp\/v2\/posts\/1734\/revisions\/1736"}],"wp:featuredmedia":[{"embeddable":true,"href":"https:\/\/fleschmazowsza.com.pl\/index.php?rest_route=\/wp\/v2\/media\/1735"}],"wp:attachment":[{"href":"https:\/\/fleschmazowsza.com.pl\/index.php?rest_route=%2Fwp%2Fv2%2Fmedia&parent=1734"}],"wp:term":[{"taxonomy":"category","embeddable":true,"href":"https:\/\/fleschmazowsza.com.pl\/index.php?rest_route=%2Fwp%2Fv2%2Fcategories&post=1734"},{"taxonomy":"post_tag","embeddable":true,"href":"https:\/\/fleschmazowsza.com.pl\/index.php?rest_route=%2Fwp%2Fv2%2Ftags&post=1734"}],"curies":[{"name":"wp","href":"https:\/\/api.w.org\/{rel}","templated":true}]}}