{"id":1725,"date":"2017-09-12T14:54:39","date_gmt":"2017-09-12T13:54:39","guid":{"rendered":"http:\/\/fleschmazowsza.com.pl\/?p=1725"},"modified":"2017-09-12T14:54:39","modified_gmt":"2017-09-12T13:54:39","slug":"pruszkow-mieszkancy-skonsultuja-strefe-platnego-parkowania","status":"publish","type":"post","link":"https:\/\/fleschmazowsza.com.pl\/?p=1725","title":{"rendered":"PRUSZK\u00d3W. Mieszka\u0144cy skonsultuj\u0105 stref\u0119 p\u0142atnego parkowania"},"content":{"rendered":"<p><strong>O strefie p\u0142atnego parkowania w Pruszkowie m\u00f3wi si\u0119 ju\u017c od dawna. Wydawa\u0142oby si\u0119, \u017ce w\u0142adze miasta zrezygnowa\u0142y z tego pomys\u0142u. Okazuje si\u0119 jednak, \u017ce temat powraca, a zarz\u0105d powiatu pruszkowskiego planuje przeprowadzi\u0107 w tej sprawie konsultacje spo\u0142eczne.<\/strong><\/p>\n<p>Idea uruchomienia strefy p\u0142atnego parkowania niestrze\u017conego w Pruszkowie zrodzi\u0142a si\u0119 ju\u017c kilka lat temu. G\u0142\u00f3wnym zadaniem p\u0142atnej strefy by\u0142oby zwi\u0119kszenie rotacji na miejscach postojowych i tym samym u\u0142atwienie dost\u0119pu do sklep\u00f3w, punkt\u00f3w us\u0142ugowych, urz\u0119d\u00f3w oraz przychodni.<\/p>\n<p style=\"text-align: center;\"><strong>Strefa p\u0142atnego parkowania<\/strong><\/p>\n<p>Przypomnijmy, \u017ce strefa sk\u0142ada\u0107 mia\u0142aby si\u0119 z trzech r\u00f3\u017cnych podstref: A, B i C. W podstrefach A i C parkowanie by\u0142oby p\u0142atne od poniedzia\u0142ku do pi\u0105tku w godz. 8.00\u201318.00, a w strefie B \u2013 we wtorki i pi\u0105tki w godz. 6.00\u201313.00. Poza tymi godzinami oraz w dni ustawowo wolne od pracy parkowanie mia\u0142oby by\u0107 bezp\u0142atne.<br \/>\nPodstrefa A obj\u0105\u0107 mia\u0142aby ulice w centrum miasta: Kraszewskiego, Ko\u015bciuszki, Sienkiewicza, Chopina, Lipow\u0105 (od Al. Armii Krajowej do ul. Kopernika), Potulickiego, Nieca\u0142\u0105, Drzyma\u0142y, Radnych, Niepodleg\u0142o\u015bci, Ko\u015bcieln\u0105, Sprawiedliwo\u015bci, Berenta, Hubala, Kopernika, Prusa (od ul. Powsta\u0144c\u00f3w do ul. Miry Zimi\u0144skiej-Sygiety\u0144skiej), O\u0142\u00f3wkow\u0105 (od ul. Sienkiewicza do ul. Mokrej) i Ewy.<br \/>\nPodstrefa B obj\u0105\u0107 mia\u0142aby ulice: Komorowsk\u0105 (od ul. Gordzia\u0142kowskiego do ul. Ceramicznej), Ceramiczn\u0105 (od ul. Komorowskiej do ul. Prusa) i Targow\u0105, za\u015b strefa C \u2013 parking wzd\u0142u\u017c tor\u00f3w Warszawskiej Kolei Dojazdowej (od ul. Ewy do gara\u017cy).<br \/>\nMimo dalekosi\u0119\u017cnych plan\u00f3w, do tej pory projekt nie wszed\u0142 w \u017cycie. Sprawdzili\u015bmy, czy w\u0142adze miasta zrezygnowa\u0142y z pomys\u0142u wprowadzenia strefy p\u0142atnego parkowania.<\/p>\n<p style=\"text-align: center;\"><strong>We wrze\u015bniu konsultacje spo\u0142eczne<\/strong><\/p>\n<p>Okazuje si\u0119, \u017ce prace nad stref\u0105 wstrzymuj\u0105 uzgodnienia pomi\u0119dzy w\u0142adzami miasta a starostwem powiatowym, w kt\u00f3rego zarz\u0105dzie jest wi\u0119kszo\u015b\u0107 wa\u017cnych dr\u00f3g znajduj\u0105cych si\u0119 w centrum Pruszkowa m.in. Al. Niepodleg\u0142o\u015bci, ul. Boles\u0142awa Prusa, ul. Sienkiewicza.<br \/>\n&#8211; Projekt jest przygotowany, natomiast mamy blokad\u0119 ze strony starostwa. Od pocz\u0105tku kadencji nie uzyskali\u015bmy odpowiedzi i zgody na wprowadzenie p\u0142atnych stref parkowania na drogach powiatowych \u2013 m\u00f3wi Andrzej Kurzela, wiceprezydent Pruszkowa.<br \/>\nCo na to w\u0142adze starostwa?<br \/>\n&#8211; Jestem przeciwny wprowadzaniu takiego rozwi\u0105zania czemu niejednokrotnie dawa\u0142em ju\u017c wyraz. Oczekuj\u0105c, \u017ce wobec op\u0142at parkingowych mieszka\u0144cy zdecyduj\u0105 si\u0119 zrezygnowa\u0107 z w\u0142asnych samochod\u00f3w nale\u017ca\u0142oby zapewni\u0107 im odpowiednio rozwini\u0119t\u0105 komunikacj\u0119 zbiorow\u0105. Jej obecny stan w mojej ocenie jest niewystarczaj\u0105cy do pe\u0142nienia roli alternatywy dla przemieszczania si\u0119 autem \u2013 m\u00f3wi Maksym Go\u0142o\u015b, starosta pruszkowski. \u2013 Niemniej jednak nale\u017cy pami\u0119ta\u0107, \u017ce ostateczn\u0105 decyzj\u0119 w sprawie podejmie kolegialnie zarz\u0105d powiatu. Zarz\u0105d na wrzesie\u0144 tego roku zaplanowa\u0142 przeprowadzenie konsultacji spo\u0142ecznych na ten temat \u2013 dodaje Maksym Go\u0142o\u015b.<\/p>\n<p style=\"text-align: right;\">Tekst i foto:<br \/>\n<strong> Kinga Rochalska<\/strong><\/p>\n","protected":false},"excerpt":{"rendered":"<p>O strefie p\u0142atnego parkowania w Pruszkowie m\u00f3wi si\u0119 ju\u017c od dawna. Wydawa\u0142oby si\u0119, \u017ce w\u0142adze miasta zrezygnowa\u0142y z tego pomys\u0142u. Okazuje si\u0119 jednak, \u017ce temat powraca, a zarz\u0105d powiatu pruszkowskiego planuje przeprowadzi\u0107 w tej sprawie konsultacje spo\u0142eczne. Idea uruchomienia strefy p\u0142atnego parkowania niestrze\u017conego w Pruszkowie zrodzi\u0142a si\u0119 ju\u017c kilka lat temu. G\u0142\u00f3wnym zadaniem p\u0142atnej strefy [&hellip;]<\/p>\n","protected":false},"author":2,"featured_media":1726,"comment_status":"closed","ping_status":"open","sticky":false,"template":"","format":"standard","meta":{"footnotes":""},"categories":[5],"tags":[],"class_list":["post-1725","post","type-post","status-publish","format-standard","has-post-thumbnail","hentry","category-wiadomosci"],"_links":{"self":[{"href":"https:\/\/fleschmazowsza.com.pl\/index.php?rest_route=\/wp\/v2\/posts\/1725","targetHints":{"allow":["GET"]}}],"collection":[{"href":"https:\/\/fleschmazowsza.com.pl\/index.php?rest_route=\/wp\/v2\/posts"}],"about":[{"href":"https:\/\/fleschmazowsza.com.pl\/index.php?rest_route=\/wp\/v2\/types\/post"}],"author":[{"embeddable":true,"href":"https:\/\/fleschmazowsza.com.pl\/index.php?rest_route=\/wp\/v2\/users\/2"}],"replies":[{"embeddable":true,"href":"https:\/\/fleschmazowsza.com.pl\/index.php?rest_route=%2Fwp%2Fv2%2Fcomments&post=1725"}],"version-history":[{"count":1,"href":"https:\/\/fleschmazowsza.com.pl\/index.php?rest_route=\/wp\/v2\/posts\/1725\/revisions"}],"predecessor-version":[{"id":1727,"href":"https:\/\/fleschmazowsza.com.pl\/index.php?rest_route=\/wp\/v2\/posts\/1725\/revisions\/1727"}],"wp:featuredmedia":[{"embeddable":true,"href":"https:\/\/fleschmazowsza.com.pl\/index.php?rest_route=\/wp\/v2\/media\/1726"}],"wp:attachment":[{"href":"https:\/\/fleschmazowsza.com.pl\/index.php?rest_route=%2Fwp%2Fv2%2Fmedia&parent=1725"}],"wp:term":[{"taxonomy":"category","embeddable":true,"href":"https:\/\/fleschmazowsza.com.pl\/index.php?rest_route=%2Fwp%2Fv2%2Fcategories&post=1725"},{"taxonomy":"post_tag","embeddable":true,"href":"https:\/\/fleschmazowsza.com.pl\/index.php?rest_route=%2Fwp%2Fv2%2Ftags&post=1725"}],"curies":[{"name":"wp","href":"https:\/\/api.w.org\/{rel}","templated":true}]}}