{"id":1715,"date":"2017-09-07T14:29:25","date_gmt":"2017-09-07T13:29:25","guid":{"rendered":"http:\/\/fleschmazowsza.com.pl\/?p=1715"},"modified":"2017-09-07T14:29:25","modified_gmt":"2017-09-07T13:29:25","slug":"lata-20-lata-30","status":"publish","type":"post","link":"https:\/\/fleschmazowsza.com.pl\/?p=1715","title":{"rendered":"Lata 20, lata 30"},"content":{"rendered":"<p><strong>Ju\u017c 9 wrze\u015bnia Milan\u00f3wek po raz kolejny przeniesie si\u0119 do lat 20. i 30. W owym klimacie organizatorzy imprezy przygotowali dla mieszka\u0144c\u00f3w miasta mn\u00f3stwo atrakcji i niespodzianek, a mi\u0119dzy innymi wyst\u0119p znanej i ch\u0119tnie ogl\u0105danej Grupy Mocarta.<\/strong><\/p>\n<p>\u2013 \u015awi\u0119to Miasta Milan\u00f3wka to inicjatywa, maj\u0105ca na celu integracj\u0119 spo\u0142eczno\u015bci lokalnej i pokazanie wsp\u00f3\u0142czesnego potencja\u0142u miasta. Dwudziestolecie mi\u0119dzywojenne to dla Milan\u00f3wka okres pozytywnych zmian i rozwoju spo\u0142eczno-kulturalnego. Wracamy do tej atmosfery by pokaza\u0107 korzenie miasta i przypomnie\u0107 mieszka\u0144com klimat tamtych lat \u2013 m\u00f3wi\u0105 organizatorzy. Impreza odb\u0119dzie si\u0119 w samym centrum miasta na ulicy Krakowskiej, a tak\u017ce na kortach tenisowych w Milan\u00f3wku.<\/p>\n<p>Tak jak w poprzednich latach program wydarze\u0144 nawi\u0105zuje do lat 20. i 30. W tym roku klimat retro zostanie nieco od\u015bwie\u017cony o nowoczesn\u0105 technologi\u0119, mianowicie w mie\u015bcie pojawi si\u0119 telebim, na kt\u00f3rym organizatorzy b\u0119d\u0105 wy\u015bwietla\u0107 ciekawostki zwi\u0105zane z miastem. W\u015br\u00f3d licznych atrakcji b\u0119dziemy mogli zobaczy\u0107 kataryniarza, szczudlarzy, rowerowe riksze oraz wspaniale przebranych w klimacie dwudziestolecia mieszka\u0144c\u00f3w Milan\u00f3wka.<\/p>\n<p>Imprez\u0119 wzbogaca\u0107 b\u0119d\u0105 rozmaite warsztaty i pokazy. Podczas wydarzenia odb\u0119dzie si\u0119 Swing Spacer, pokaz mody z okresu mi\u0119dzywojennego oraz wyb\u00f3r jednego z najlepszych produkt\u00f3w lokalnych miasta Milan\u00f3wka. G\u0142\u00f3wn\u0105 atrakcj\u0105 sobotniego programu (9 wrze\u015bnia) b\u0119dzie znana i lubiana Grupa Mocarta, ale tak\u017ce wyst\u0119p Orkiestry Sentymentalnej, kt\u00f3ra zaprezentuje \u201eSzlagier Warszawy\u201d.<\/p>\n<p>\u2013 Wiecz\u00f3r zako\u0144czymy pota\u0144c\u00f3wk\u0105 prowadzon\u0105 przez DJ-a Wika oraz Micha\u0142a Fogga, prawnuka Mieczys\u0142awa Fogga \u2013 opowiadaj\u0105 organizatorzy z Milanowskiego Centrum Kultury.<\/p>\n<p style=\"text-align: right;\"><strong>Anna Jaskulska<\/strong><\/p>\n<p style=\"text-align: center;\"><strong>Program:<\/strong><br \/>\n14:00 Uroczyste rozpocz\u0119cie \u015awi\u0119ta Miasta Milan\u00f3wka<br \/>\n14:00 Piosenki z lat 20\/30 w wykonaniu uczestnik\u00f3w zaj\u0119\u0107 wokalnych Dariusza Biernackiego w MCK<br \/>\nOd 14:00 warsztaty modowe na stoisku \u201eModystka i stylistka\u201d, miasteczko warsztatowe i animacje dla dzieci<br \/>\n15:00 Spacer swingowy ulic\u0105 Ko\u015bciuszki<br \/>\n16:00 SPOTKANIE AUTORSKIE z Agnieszk\u0105 Fitkau-Perepeczko<br \/>\n16:40 Rewia mody w re\u017cyserii Roksany Szlaskiej<br \/>\n17:00 Koncert Warszawskiej Orkiestry Sentymentalnej<br \/>\n19:00 Gwiazda wieczoru: Grupa MoCarta &#8211; wyst\u0119p muzyczno-kabaretowy<br \/>\n20:30 Pota\u0144c\u00f3wka z Dj Wik\u0105 &amp; Dj Foggiem (w ramach XIV Og\u00f3lnopolskiego Festiwalu Piosenki Retro im. Mieczys\u0142awa Fogga).<br \/>\nW trakcie \u015awi\u0119ta zapraszamy do klimatycznych kawiarenek, ogrodu Boles\u0142awa Prusa, miasteczka warsztatowego dla dzieci &#8211; gry i zabawy, przeja\u017cd\u017cki doro\u017ck\u0105, zrobienia okoliczno\u015bciowego makija\u017cu, a tak\u017ce na warsztaty fotograficzne &#8211; cyjanotypie, prezentacja fotografii w XIX wiecznej technice oleju i sprz\u0119tu, kiermasz z dawnych lat, rozstrzygni\u0119cie konkursu na Milanowski Produkt Lokalny.<br \/>\nSzczeg\u00f3\u0142y na stronach: www.mckmilanowek.pl i www.milanowek.pl<\/p>\n","protected":false},"excerpt":{"rendered":"<p>Ju\u017c 9 wrze\u015bnia Milan\u00f3wek po raz kolejny przeniesie si\u0119 do lat 20. i 30. W owym klimacie organizatorzy imprezy przygotowali dla mieszka\u0144c\u00f3w miasta mn\u00f3stwo atrakcji i niespodzianek, a mi\u0119dzy innymi wyst\u0119p znanej i ch\u0119tnie ogl\u0105danej Grupy Mocarta. \u2013 \u015awi\u0119to Miasta Milan\u00f3wka to inicjatywa, maj\u0105ca na celu integracj\u0119 spo\u0142eczno\u015bci lokalnej i pokazanie wsp\u00f3\u0142czesnego potencja\u0142u miasta. Dwudziestolecie [&hellip;]<\/p>\n","protected":false},"author":2,"featured_media":1717,"comment_status":"closed","ping_status":"open","sticky":false,"template":"","format":"standard","meta":{"footnotes":""},"categories":[6,8],"tags":[],"class_list":["post-1715","post","type-post","status-publish","format-standard","has-post-thumbnail","hentry","category-kultura","category-roznosci"],"_links":{"self":[{"href":"https:\/\/fleschmazowsza.com.pl\/index.php?rest_route=\/wp\/v2\/posts\/1715","targetHints":{"allow":["GET"]}}],"collection":[{"href":"https:\/\/fleschmazowsza.com.pl\/index.php?rest_route=\/wp\/v2\/posts"}],"about":[{"href":"https:\/\/fleschmazowsza.com.pl\/index.php?rest_route=\/wp\/v2\/types\/post"}],"author":[{"embeddable":true,"href":"https:\/\/fleschmazowsza.com.pl\/index.php?rest_route=\/wp\/v2\/users\/2"}],"replies":[{"embeddable":true,"href":"https:\/\/fleschmazowsza.com.pl\/index.php?rest_route=%2Fwp%2Fv2%2Fcomments&post=1715"}],"version-history":[{"count":2,"href":"https:\/\/fleschmazowsza.com.pl\/index.php?rest_route=\/wp\/v2\/posts\/1715\/revisions"}],"predecessor-version":[{"id":1719,"href":"https:\/\/fleschmazowsza.com.pl\/index.php?rest_route=\/wp\/v2\/posts\/1715\/revisions\/1719"}],"wp:featuredmedia":[{"embeddable":true,"href":"https:\/\/fleschmazowsza.com.pl\/index.php?rest_route=\/wp\/v2\/media\/1717"}],"wp:attachment":[{"href":"https:\/\/fleschmazowsza.com.pl\/index.php?rest_route=%2Fwp%2Fv2%2Fmedia&parent=1715"}],"wp:term":[{"taxonomy":"category","embeddable":true,"href":"https:\/\/fleschmazowsza.com.pl\/index.php?rest_route=%2Fwp%2Fv2%2Fcategories&post=1715"},{"taxonomy":"post_tag","embeddable":true,"href":"https:\/\/fleschmazowsza.com.pl\/index.php?rest_route=%2Fwp%2Fv2%2Ftags&post=1715"}],"curies":[{"name":"wp","href":"https:\/\/api.w.org\/{rel}","templated":true}]}}