{"id":1706,"date":"2017-09-07T14:17:36","date_gmt":"2017-09-07T13:17:36","guid":{"rendered":"http:\/\/fleschmazowsza.com.pl\/?p=1706"},"modified":"2017-09-07T14:17:36","modified_gmt":"2017-09-07T13:17:36","slug":"nadarzyn-swietlica-w-parolach-otwarta","status":"publish","type":"post","link":"https:\/\/fleschmazowsza.com.pl\/?p=1706","title":{"rendered":"NADARZYN. \u015awietlica w Parolach otwarta"},"content":{"rendered":"<p><strong>W ostatni\u0105 niedziel\u0119 sierpnia zgodnie z zapowiedziami zosta\u0142a otwarta \u015bwietlica w Parolach. Uroczysto\u015b\u0107 rozpocz\u0119\u0142a si\u0119 o godzinie 15.00. Pojawili si\u0119 na niej samorz\u0105dowcy wraz z w\u00f3jtem, duchowni a tak\u017ce mieszka\u0144cy Gminy Nadarzyn.<\/strong><\/p>\n<p>Otwarcie rozpocz\u0119\u0142o si\u0119 od kr\u00f3tkich przem\u00f3wie\u0144 samorz\u0105dowc\u00f3w, a tak\u017ce historii powstania Parol. Nast\u0119pnie zosta\u0142 przedstawiony rys historycznych powstania \u015bwietlicy. Osoby zaanga\u017cowane w jej budow\u0119 otrzyma\u0142y r\u00f3wnie\u017c pami\u0105tkowe tabliczki, a nast\u0119pnie nast\u0105pi\u0142o tradycyjne przeci\u0119cie wst\u0119gi i po\u015bwi\u0119cenie obiektu.<\/p>\n<p>Gdy \u015bwietlica by\u0142a ju\u017c oficjalnie otwarta, mieszka\u0144cy mogli zwiedza\u0107 pomieszczenia, posili\u0107 si\u0119 przygotowanym posi\u0142kiem, a tak\u017ce pos\u0142ucha\u0107 afryka\u0144skiej muzyki granej przez zesp\u00f3\u0142 Moribaya. Na dzieci czeka\u0142o wiele atrakcji m.in. dmucha\u0144ce, malowanie buziek, warsztaty ceramiczne, gigantyczne ba\u0144ki i wiele innych.<\/p>\n<p>Budow\u0119 \u015bwietlicy rozpocz\u0119to na pocz\u0105tku 2016 roku. Jej powierzchnia u\u017cytkowa to prawie 1000 m2 (989,92), a opr\u00f3cz niej na terenie dzia\u0142ki powsta\u0142o jeszcze boisko do gry w pi\u0142k\u0119 no\u017cn\u0105 z nawierzchni\u0105 z trawy syntetycznej oraz plac zabaw, si\u0142ownia zewn\u0119trzna i boisko do koszyk\u00f3wki. Inwestycja kosztowa\u0142a 2 963 652,27 z\u0142 plus 100 000 wyposa\u017cenie.<\/p>\n<p style=\"text-align: right;\">Tekst i foto:<\/p>\n<p style=\"text-align: right;\"><strong>Ewelina Wielgat<\/strong><\/p>\n","protected":false},"excerpt":{"rendered":"<p>W ostatni\u0105 niedziel\u0119 sierpnia zgodnie z zapowiedziami zosta\u0142a otwarta \u015bwietlica w Parolach. Uroczysto\u015b\u0107 rozpocz\u0119\u0142a si\u0119 o godzinie 15.00. Pojawili si\u0119 na niej samorz\u0105dowcy wraz z w\u00f3jtem, duchowni a tak\u017ce mieszka\u0144cy Gminy Nadarzyn. Otwarcie rozpocz\u0119\u0142o si\u0119 od kr\u00f3tkich przem\u00f3wie\u0144 samorz\u0105dowc\u00f3w, a tak\u017ce historii powstania Parol. Nast\u0119pnie zosta\u0142 przedstawiony rys historycznych powstania \u015bwietlicy. Osoby zaanga\u017cowane w jej [&hellip;]<\/p>\n","protected":false},"author":2,"featured_media":1707,"comment_status":"closed","ping_status":"open","sticky":false,"template":"","format":"standard","meta":{"footnotes":""},"categories":[6,8],"tags":[],"class_list":["post-1706","post","type-post","status-publish","format-standard","has-post-thumbnail","hentry","category-kultura","category-roznosci"],"_links":{"self":[{"href":"https:\/\/fleschmazowsza.com.pl\/index.php?rest_route=\/wp\/v2\/posts\/1706","targetHints":{"allow":["GET"]}}],"collection":[{"href":"https:\/\/fleschmazowsza.com.pl\/index.php?rest_route=\/wp\/v2\/posts"}],"about":[{"href":"https:\/\/fleschmazowsza.com.pl\/index.php?rest_route=\/wp\/v2\/types\/post"}],"author":[{"embeddable":true,"href":"https:\/\/fleschmazowsza.com.pl\/index.php?rest_route=\/wp\/v2\/users\/2"}],"replies":[{"embeddable":true,"href":"https:\/\/fleschmazowsza.com.pl\/index.php?rest_route=%2Fwp%2Fv2%2Fcomments&post=1706"}],"version-history":[{"count":1,"href":"https:\/\/fleschmazowsza.com.pl\/index.php?rest_route=\/wp\/v2\/posts\/1706\/revisions"}],"predecessor-version":[{"id":1708,"href":"https:\/\/fleschmazowsza.com.pl\/index.php?rest_route=\/wp\/v2\/posts\/1706\/revisions\/1708"}],"wp:featuredmedia":[{"embeddable":true,"href":"https:\/\/fleschmazowsza.com.pl\/index.php?rest_route=\/wp\/v2\/media\/1707"}],"wp:attachment":[{"href":"https:\/\/fleschmazowsza.com.pl\/index.php?rest_route=%2Fwp%2Fv2%2Fmedia&parent=1706"}],"wp:term":[{"taxonomy":"category","embeddable":true,"href":"https:\/\/fleschmazowsza.com.pl\/index.php?rest_route=%2Fwp%2Fv2%2Fcategories&post=1706"},{"taxonomy":"post_tag","embeddable":true,"href":"https:\/\/fleschmazowsza.com.pl\/index.php?rest_route=%2Fwp%2Fv2%2Ftags&post=1706"}],"curies":[{"name":"wp","href":"https:\/\/api.w.org\/{rel}","templated":true}]}}