{"id":1665,"date":"2017-08-10T12:36:06","date_gmt":"2017-08-10T11:36:06","guid":{"rendered":"http:\/\/fleschmazowsza.com.pl\/?p=1665"},"modified":"2017-08-10T12:36:06","modified_gmt":"2017-08-10T11:36:06","slug":"moc-wrazen-z-letnim-kinem","status":"publish","type":"post","link":"https:\/\/fleschmazowsza.com.pl\/?p=1665","title":{"rendered":"Moc wra\u017ce\u0144 z letnim kinem!"},"content":{"rendered":"<p><strong>Niezapomniana atmosfera, parkowa sceneria i \u015bwietny film! To wszystko czeka na Was podczas letnich projekcji.<\/strong><\/p>\n<p>Kina w plenerze ciesz\u0105 si\u0119 ogromn\u0105 popularno\u015bci\u0105. Zatem nic dziwnego, \u017ce co raz wi\u0119cej miast i gmin chce serwowa\u0107 swoim mieszka\u0144com tego typu rozrywk\u0119. Z tego powodu \u017byrard\u00f3w, Grodzisk Mazowiecki, Pruszk\u00f3w oraz Ursus przygotowa\u0142y dla Was moc filmowych wra\u017ce\u0144, a my postanowili\u015bmy sprawdzi\u0107 co dla nas szykuj\u0105.<\/p>\n<p style=\"text-align: center;\"><strong>\u017byrard\u00f3w<\/strong><\/p>\n<p>W \u017byrardowie w ka\u017cd\u0105 wakacyjn\u0105 sobot\u0119 b\u0119dzie mo\u017cna obejrze\u0107 ciekawy film na \u015bwie\u017cym powietrzu. Do tej pory produkcje jakie pojawi\u0142y si\u0119 na letnim telebimie to \u201eKick Ass\u201d,\u201eIdol\u201d \u201eJuno\u201d i \u201eLove, Rosie\u201d.<\/p>\n<p>Kino plenerowe w \u017byrardowie tradycyjnie odbywa\u0107 si\u0119 b\u0119dzie na placu Jana Paw\u0142a II \u2013w lipcu o godzinie 21.30, a w sierpniu o godzinie 21.00. Ekranizacje jakie jeszcze b\u0119dziecie mogli tam obejrze\u0107 w nadchodz\u0105ce letnie wieczory to: 5.08 (\u201eTranscendencja\u201d), 12.08 (\u201eSpiritedAway: W krainie Bog\u00f3w\u201d), 19.08 (\u201eSlumdog: Milioner z ulicy\u201d), a tak\u017ce 26.08 (\u201eGra Endera\u201d).<\/p>\n<p style=\"text-align: center;\"><strong>Grodzisk Mazowiecki<\/strong><\/p>\n<p>Tegoroczne letnie kino w Grodzisku Mazowieckim odb\u0119dzie si\u0119 na Stawach Walczewskiego. Na razie zaplanowane zosta\u0142y dwie projekcje filmowe. Pierwszy pokaz odby\u0142 si\u0119 22 lipca o godzinie 22. Pokazany zosta\u0142 w\u00f3wczas film dokumentalny \u201eThe Rolling Stones Ol\u00e9Ol\u00e9Ol\u00e9!\u201d.<\/p>\n<p>Opowiada o trasie koncertowej kultowego zespo\u0142u The Rolling Stones, kt\u00f3ra odby\u0142a si\u0119 w 2016 roku i podbi\u0142a serca fan\u00f3w Ameryki Po\u0142udniowej. Podr\u00f3\u017c pe\u0142na emocji wype\u0142niona po brzegi rockandrollem i najbardziej wielbionymi utworami Stone\u2019s\u00f3w. Zwie\u0144czeniem ca\u0142ej trasy jest historyczny wyst\u0119p grupy w Hawanie, w kt\u00f3rym udzia\u0142 wzi\u0119\u0142o 1 200 000 os\u00f3b!<\/p>\n<p>Kolejny seans za\u015b odb\u0119dzie si\u0119 13 sierpnia o godzinie 21.00, gdzie go\u015bcie na ekranie b\u0119d\u0105 mogli zobaczy\u0107 francuski klasyk \u2013 \u201eRozumiemy si\u0119 bez s\u0142\u00f3w\u201d. Jest to komediodramat, kt\u00f3ry zar\u00f3wno doprowadzi Ci\u0119 do \u0142ez jak i rozbawi do rozpuku. Nie mo\u017cesz tego przegapi\u0107!<\/p>\n<p style=\"text-align: center;\"><strong>Pruszk\u00f3w<\/strong><\/p>\n<p>Sz\u00f3sta edycja letniego kina zawita\u0142a do Pruszkowa. Dziewi\u0119\u0107 wakacyjnych sob\u00f3t pod chmurk\u0105, malowniczy Park Potulickich i magiczna atmosfera! W sobot\u0119 29 lipca odby\u0142a si\u0119 pi\u0105ta ju\u017c projekcja kina plenerowego. Nast\u0119pna sesja zaplanowana zosta\u0142a na 5.08 (\u201eFuria\u201d), 12.08 (\u201eX- Men:Apocalypse\u201d), 19.08 (\u201eCo Ty wiesz o swoim dziadku?\u201d), a tak\u017ce 26.08 (\u201eSicario\u201d). Ka\u017cdy pokaz odbywa\u0107 si\u0119 b\u0119dzie zawsze o godzinie 20.30!<\/p>\n<p style=\"text-align: center;\"><strong>Warszawa Ursus<\/strong><\/p>\n<p>Letnia Stolica Kina zawita\u0142a r\u00f3wnie\u017c do Parku Czechowickiego w Ursusie. Seanse odbywa\u0107 si\u0119 b\u0119d\u0105 w ka\u017cdy pi\u0105tek, a\u017c do ko\u0144ca wakacji \u2013 w lipcu o godz. 21.45, w sierpniu za\u015b o godz. 21.15. Pierwszy pokaz odby\u0142 si\u0119 7 lipca, zaprezentowany zosta\u0142 film \u201eCzekolada\u201d. Projekcja przyci\u0105gn\u0119\u0142a do siebie t\u0142umy mieszka\u0144c\u00f3w Ursusa i okolic. Najbli\u017cszy seans odb\u0119dzie si\u0119 ju\u017c w pi\u0105tek 04.08 (\u201eA w\u0142a\u015bnie, \u017ce tak!\u201d), 11.08 (\u201ePo\u0142\u00f3w szcz\u0119\u015bcia w Jemenie\u201d) i 18.08 (\u201eCiekawy przypadek Benjamina Buttona\u201d).<\/p>\n<p><strong>Nie przegapcie!<\/strong><\/p>\n<p>Nad g\u0142ow\u0105 bezchmurne niebo, na ekranie ulubieni aktorzy, w r\u0119ku \u015bwie\u017cy popcorn, czego chcie\u0107 wi\u0119cej? Kino letnie to wspania\u0142a forma rozrywki dla tych, kt\u00f3rzy w wakacje pozostaj\u0105 w mie\u015bcie. Wst\u0119p na wszystkie seanse plenerowe jest wolny. Wystarczy zabra\u0107 ze sob\u0105 ciep\u0142y koc, szeroki u\u015bmiech, rodzin\u0119, znajomych i cieszy\u0107 si\u0119 filmem pod chmurk\u0105.<\/p>\n<p>Gor\u0105co zapraszamy w imieniu wszystkich miast i gmin!<\/p>\n<p style=\"text-align: right;\"><strong>Anna Jaskulska<\/strong><\/p>\n<p style=\"text-align: right;\">Fot. <strong><em>ze strony Pruszkowskie Kino Letnie<\/em><\/strong><\/p>\n","protected":false},"excerpt":{"rendered":"<p>Niezapomniana atmosfera, parkowa sceneria i \u015bwietny film! To wszystko czeka na Was podczas letnich projekcji. Kina w plenerze ciesz\u0105 si\u0119 ogromn\u0105 popularno\u015bci\u0105. Zatem nic dziwnego, \u017ce co raz wi\u0119cej miast i gmin chce serwowa\u0107 swoim mieszka\u0144com tego typu rozrywk\u0119. Z tego powodu \u017byrard\u00f3w, Grodzisk Mazowiecki, Pruszk\u00f3w oraz Ursus przygotowa\u0142y dla Was moc filmowych wra\u017ce\u0144, a [&hellip;]<\/p>\n","protected":false},"author":2,"featured_media":1666,"comment_status":"closed","ping_status":"open","sticky":false,"template":"","format":"standard","meta":{"footnotes":""},"categories":[6],"tags":[],"class_list":["post-1665","post","type-post","status-publish","format-standard","has-post-thumbnail","hentry","category-kultura"],"_links":{"self":[{"href":"https:\/\/fleschmazowsza.com.pl\/index.php?rest_route=\/wp\/v2\/posts\/1665","targetHints":{"allow":["GET"]}}],"collection":[{"href":"https:\/\/fleschmazowsza.com.pl\/index.php?rest_route=\/wp\/v2\/posts"}],"about":[{"href":"https:\/\/fleschmazowsza.com.pl\/index.php?rest_route=\/wp\/v2\/types\/post"}],"author":[{"embeddable":true,"href":"https:\/\/fleschmazowsza.com.pl\/index.php?rest_route=\/wp\/v2\/users\/2"}],"replies":[{"embeddable":true,"href":"https:\/\/fleschmazowsza.com.pl\/index.php?rest_route=%2Fwp%2Fv2%2Fcomments&post=1665"}],"version-history":[{"count":1,"href":"https:\/\/fleschmazowsza.com.pl\/index.php?rest_route=\/wp\/v2\/posts\/1665\/revisions"}],"predecessor-version":[{"id":1667,"href":"https:\/\/fleschmazowsza.com.pl\/index.php?rest_route=\/wp\/v2\/posts\/1665\/revisions\/1667"}],"wp:featuredmedia":[{"embeddable":true,"href":"https:\/\/fleschmazowsza.com.pl\/index.php?rest_route=\/wp\/v2\/media\/1666"}],"wp:attachment":[{"href":"https:\/\/fleschmazowsza.com.pl\/index.php?rest_route=%2Fwp%2Fv2%2Fmedia&parent=1665"}],"wp:term":[{"taxonomy":"category","embeddable":true,"href":"https:\/\/fleschmazowsza.com.pl\/index.php?rest_route=%2Fwp%2Fv2%2Fcategories&post=1665"},{"taxonomy":"post_tag","embeddable":true,"href":"https:\/\/fleschmazowsza.com.pl\/index.php?rest_route=%2Fwp%2Fv2%2Ftags&post=1665"}],"curies":[{"name":"wp","href":"https:\/\/api.w.org\/{rel}","templated":true}]}}