{"id":1662,"date":"2017-08-10T12:10:19","date_gmt":"2017-08-10T11:10:19","guid":{"rendered":"http:\/\/fleschmazowsza.com.pl\/?p=1662"},"modified":"2017-08-10T12:30:10","modified_gmt":"2017-08-10T11:30:10","slug":"nadarzyn-prawie-6-mln-zl-na-odnawialne-zrodla-energii","status":"publish","type":"post","link":"https:\/\/fleschmazowsza.com.pl\/?p=1662","title":{"rendered":"NADARZYN. Prawie 6 mln z\u0142 na odnawialne \u017ar\u00f3d\u0142a energii"},"content":{"rendered":"<p>Mazowsze ma zagwarantowane ponad 8 mld z\u0142 unijnego wsparcia w ramach Regionalnego Programu Operacyjnego Wojew\u00f3dztwa Mazowieckiego 2014-2020, skierowanego g\u0142\u00f3wnie do biznesu, administracji,\u00a0sektora naukowego i\u00a0organizacji pozarz\u0105dowych. Prawie 6 mln z\u0142 trafi do gminy Nadarzyn na wykorzystanie odnawialnych \u017ar\u00f3de\u0142 energii w indywidualnych budynkach mieszkalnych<\/p>\n<p>Za wydatkowanie \u015brodk\u00f3w odpowiada Mazowiecka Jednostka Wdra\u017cania Program\u00f3w Unijnych oraz Wojew\u00f3dzki Urz\u0105d Pracy. Maksymalne dofinansowanie wynosi 80 proc. warto\u015bci projektu. Na 2017 r. zaplanowano ponad 40 konkurs\u00f3w na przesz\u0142o 1,1 mld z\u0142.<\/p>\n<p style=\"text-align: center;\"><strong>Wi\u0119ksza efektywno\u015b\u0107 energetyczna<\/strong><\/p>\n<p>Kolejne miliony z UE na inwestycje w popraw\u0119 efektywno\u015bci energetycznej. Do gminy Nadarzyn trafi prawie 6 mln z\u0142 z przeznaczeniem na wykorzystanie odnawialnych \u017ar\u00f3de\u0142 energii w domach. Gmina Mszczon\u00f3w ponad 2,8 mln z\u0142 z funduszy zainwestuje w termomodernizacj\u0119 budynk\u00f3w u\u017cyteczno\u015bci publicznej.<\/p>\n<p>Na ten sam cel Zielonka przeznaczy ze \u015brodk\u00f3w unijnych blisko 1,2 mln z\u0142, gmina Pokrzywnica ponad 400 tys. z\u0142, a do gminy Ko\u0142biel trafi ponad 280 tys. z\u0142 wsparcia. Decyzj\u0105 zarz\u0105du wojew\u00f3dztwa mazowieckiego projekty otrzymaj\u0105 \u0142\u0105cznie dofinansowanie w wysoko\u015bci ponad 10,6 mln z\u0142 w ramach Regionalnego Programu Operacyjnego dla Mazowsza w latach 2014-2020.<\/p>\n<p style=\"text-align: center;\"><strong>OZE w gminie Nadarzyn<\/strong><\/p>\n<p>Dobre wie\u015bci dla mieszka\u0144c\u00f3w gminy Nadarzyn. Dzi\u0119ki blisko 6 mln z\u0142 wsparcia ze \u015brodk\u00f3w unijnych do ko\u0144ca tego roku w indywidualnych budynkach mieszkalnych zamontowane zostan\u0105 instalacje: powietrznych pomp ciep\u0142a, kolektor\u00f3w s\u0142onecznych oraz paneli fotowoltaicznych. Zakres inwestycji obejmie: wykonanie dokumentacji projektowej dla ka\u017cdego budynku, zakup i dostaw\u0119 urz\u0105dze\u0144 oraz wykonanie kompletnych instalacji.<\/p>\n<p>Realizacja inwestycji zmniejszy koszty ponoszone w zwi\u0105zku z zakupem energii pochodz\u0105cej z konwencjonalnych \u017ar\u00f3de\u0142 energii takich jak w\u0119giel kamienny czy drewno oraz zmniejszy emisj\u0119 szkodliwych substancji do \u015brodowiska.<\/p>\n<p>Partnerami w projekcie s\u0105: Parafia Rzymskokatolicka p.w. \u015aw. Micha\u0142a Archanio\u0142a w M\u0142ochowie, Dom Zakonny Zgromadzenia Si\u00f3str Franciszkanek Rodziny Maryi w Kostowcu oraz Parafia Rzymskokatolicka p.w. Naj\u015bwi\u0119tszej Maryi Panny Wspomo\u017cenia Wiernych w\u00a0Kostowcu.<\/p>\n<p style=\"text-align: center;\"><em>Tytu\u0142 projektu: OZE W GMINIE NADARZYN<\/em><\/p>\n<p style=\"text-align: center;\"><em>Beneficjent: Gmina Nadarzyn<\/em><\/p>\n<p style=\"text-align: center;\"><em>Ca\u0142kowita warto\u015b\u0107 projektu: 7 494 650,00 z\u0142<\/em><\/p>\n<p style=\"text-align: center;\"><em>Kwota dofinansowania: 5 995 720,00 z\u0142<\/em><\/p>\n<p style=\"text-align: center;\"><em>Dzia\u0142anie:.4.1 Odnawialne \u017ar\u00f3d\u0142a energii (OZE)<\/em><\/p>\n<p style=\"text-align: center;\"><em>O RPO WM 2014-2020<\/em><\/p>\n<p style=\"text-align: right;\">Oprac. <strong>(mg)<\/strong><\/p>\n","protected":false},"excerpt":{"rendered":"<p>Mazowsze ma zagwarantowane ponad 8 mld z\u0142 unijnego wsparcia w ramach Regionalnego Programu Operacyjnego Wojew\u00f3dztwa Mazowieckiego 2014-2020, skierowanego g\u0142\u00f3wnie do biznesu, administracji,\u00a0sektora naukowego i\u00a0organizacji pozarz\u0105dowych. Prawie 6 mln z\u0142 trafi do gminy Nadarzyn na wykorzystanie odnawialnych \u017ar\u00f3de\u0142 energii w indywidualnych budynkach mieszkalnych Za wydatkowanie \u015brodk\u00f3w odpowiada Mazowiecka Jednostka Wdra\u017cania Program\u00f3w Unijnych oraz Wojew\u00f3dzki Urz\u0105d Pracy. [&hellip;]<\/p>\n","protected":false},"author":2,"featured_media":1663,"comment_status":"closed","ping_status":"open","sticky":false,"template":"","format":"standard","meta":{"footnotes":""},"categories":[8,5],"tags":[],"class_list":["post-1662","post","type-post","status-publish","format-standard","has-post-thumbnail","hentry","category-roznosci","category-wiadomosci"],"_links":{"self":[{"href":"https:\/\/fleschmazowsza.com.pl\/index.php?rest_route=\/wp\/v2\/posts\/1662","targetHints":{"allow":["GET"]}}],"collection":[{"href":"https:\/\/fleschmazowsza.com.pl\/index.php?rest_route=\/wp\/v2\/posts"}],"about":[{"href":"https:\/\/fleschmazowsza.com.pl\/index.php?rest_route=\/wp\/v2\/types\/post"}],"author":[{"embeddable":true,"href":"https:\/\/fleschmazowsza.com.pl\/index.php?rest_route=\/wp\/v2\/users\/2"}],"replies":[{"embeddable":true,"href":"https:\/\/fleschmazowsza.com.pl\/index.php?rest_route=%2Fwp%2Fv2%2Fcomments&post=1662"}],"version-history":[{"count":1,"href":"https:\/\/fleschmazowsza.com.pl\/index.php?rest_route=\/wp\/v2\/posts\/1662\/revisions"}],"predecessor-version":[{"id":1664,"href":"https:\/\/fleschmazowsza.com.pl\/index.php?rest_route=\/wp\/v2\/posts\/1662\/revisions\/1664"}],"wp:featuredmedia":[{"embeddable":true,"href":"https:\/\/fleschmazowsza.com.pl\/index.php?rest_route=\/wp\/v2\/media\/1663"}],"wp:attachment":[{"href":"https:\/\/fleschmazowsza.com.pl\/index.php?rest_route=%2Fwp%2Fv2%2Fmedia&parent=1662"}],"wp:term":[{"taxonomy":"category","embeddable":true,"href":"https:\/\/fleschmazowsza.com.pl\/index.php?rest_route=%2Fwp%2Fv2%2Fcategories&post=1662"},{"taxonomy":"post_tag","embeddable":true,"href":"https:\/\/fleschmazowsza.com.pl\/index.php?rest_route=%2Fwp%2Fv2%2Ftags&post=1662"}],"curies":[{"name":"wp","href":"https:\/\/api.w.org\/{rel}","templated":true}]}}