{"id":1655,"date":"2017-08-10T11:56:37","date_gmt":"2017-08-10T10:56:37","guid":{"rendered":"http:\/\/fleschmazowsza.com.pl\/?p=1655"},"modified":"2017-08-10T11:56:37","modified_gmt":"2017-08-10T10:56:37","slug":"ursus-40-rocznica-przylaczenia-do-warszawy","status":"publish","type":"post","link":"https:\/\/fleschmazowsza.com.pl\/?p=1655","title":{"rendered":"URSUS. 40. rocznica przy\u0142\u0105czenia do Warszawy"},"content":{"rendered":"<p><strong>1 sierpnia 1977 roku rozporz\u0105dzeniem ministra administracji, gospodarki terenowej i ochrony \u015brodowiska Marii Milczarek miasto z nied\u017awiedziem w herbie znalaz\u0142o si\u0119 w granicach administracyjnych stolicy. Ursus jako miasto istnia\u0142 tylko 25 lat, zdegradowano go do roli osiedla w dzielnicy Ochota.<\/strong><\/p>\n<p>W\u0142\u0105czenie Ursusa do stolicy nie by\u0142o przypadkiem. Sta\u0142o si\u0119 to rok po g\u0142o\u015bnym prote\u015bcie robotnik\u00f3w fabryki traktor\u00f3w z 25 czerwca 1976 roku. Jednak proces przy\u0142\u0105czania Ursusa do Warszawy by\u0142 do\u015b\u0107 d\u0142ugi.<br \/>\nDopiero po p\u00f3\u0142tora roku zmieniono nazwy ulic, a tak\u017ce numeracj\u0119 dom\u00f3w, bo w stolicy ulice biegn\u0105ce r\u00f3wnolegle do Wis\u0142y, musia\u0142y mie\u0107 numeracj\u0119 z biegiem rzeki, a prostopad\u0142e do rzeki numeracje od Wis\u0142y.<br \/>\nZmieniono kod pocztowy z 05-810 na 02-495 oraz pierwsze dwie cyfry telefon\u00f3w z 52 na 62. Podmiejski autobus 210, jad\u0105cy z osiedla Nied\u017awiadek na p\u0119tl\u0119 przy Cmentarzu Wolskim, otrzyma\u0142 numer 194. Natomiast jesieni\u0105 1979 roku przed\u0142u\u017cono te\u017c nocn\u0105 lini\u0119 autobusow\u0105 605 do Ursusa.<br \/>\nJednak przy\u0142\u0105czenie Ursusa do Warszawy nie spowodowa\u0142o jego rozwoju, a degradacj\u0119. Nie tylko by\u0142 peryferiami stolicy, ale coraz wyra\u017aniej by\u0142o wida\u0107, \u017ce staje si\u0119 odleg\u0142ymi przedmie\u015bciami samej Ochoty.<br \/>\nW sierpniu 1979 roku \u2013 w drug\u0105 rocznic\u0119 w\u0142\u0105czenia Ursusa do Warszawy naczelnik dzielnicy Ochota Zbigniew Lippe powiedzia\u0142 w wywiadzie udzielonym dziennikarzowi \u201eG\u0142osu Ursusa\u201d: \u201eKiedy ogl\u0105damy Ursus poprzez osiedle Kolorowa, czy okolice dawnego placu 1000-lecia to wydaje si\u0119 on bardzo nowoczesnym i wielkomiejskim. Ale Ursus to r\u00f3wnie\u017c ulica Regulska oraz dawna Sosnowa i wiele im podobnych. Je\u015bli wi\u0119c spojrzymy na Ursus od tych zaniedbanych uliczek, dopiero wtedy widzimy jak wiele pozosta\u0142o do zrobienia\u201d.<br \/>\nDopiero pocz\u0105tek lat dziewi\u0119\u0107dziesi\u0105tych XX wieku zmieni\u0142 radykalnie sytuacj\u0119 Ursusa. 1 stycznia 1993 roku, decyzj\u0105 rz\u0105du Hanny Suchockiej, Ursus zosta\u0142 wy\u0142\u0105czony z Ochoty. W wyniku zmiany ustroju m.st. Warszawy dokonanej na mocy ustawy z dnia 25 marca 1994 roku Warszawa sta\u0142a si\u0119 zwi\u0105zkiem komunalnym 11 gmin, w kt\u00f3rego sk\u0142ad wchodzi\u0142a gmina Warszawa-Ursus.<br \/>\nNast\u0119pnie, na podstawie ustawy z dnia 15 marca2002 roku o ustroju miasta sto\u0142ecznego Warszawy stolica Rzeczypospolitej Polskiej miasto sto\u0142eczne Warszawa sta\u0142o si\u0119 gmin\u0105 maj\u0105c\u0105 status miasta na prawach powiatu, a Ursus jedn\u0105 z 18 dzielnic. Usamodzielnienie si\u0119 Ursusa zbieg\u0142o si\u0119 ze 100\u2013leciem istnienia fabryki Ursus. Dla Ursusa powia\u0142 lepszy wiatr.<\/p>\n<p style=\"text-align: right;\"><strong>EW<\/strong><\/p>\n","protected":false},"excerpt":{"rendered":"<p>1 sierpnia 1977 roku rozporz\u0105dzeniem ministra administracji, gospodarki terenowej i ochrony \u015brodowiska Marii Milczarek miasto z nied\u017awiedziem w herbie znalaz\u0142o si\u0119 w granicach administracyjnych stolicy. Ursus jako miasto istnia\u0142 tylko 25 lat, zdegradowano go do roli osiedla w dzielnicy Ochota. W\u0142\u0105czenie Ursusa do stolicy nie by\u0142o przypadkiem. Sta\u0142o si\u0119 to rok po g\u0142o\u015bnym prote\u015bcie robotnik\u00f3w [&hellip;]<\/p>\n","protected":false},"author":2,"featured_media":1656,"comment_status":"closed","ping_status":"open","sticky":false,"template":"","format":"standard","meta":{"footnotes":""},"categories":[9,8],"tags":[],"class_list":["post-1655","post","type-post","status-publish","format-standard","has-post-thumbnail","hentry","category-edukacja","category-roznosci"],"_links":{"self":[{"href":"https:\/\/fleschmazowsza.com.pl\/index.php?rest_route=\/wp\/v2\/posts\/1655","targetHints":{"allow":["GET"]}}],"collection":[{"href":"https:\/\/fleschmazowsza.com.pl\/index.php?rest_route=\/wp\/v2\/posts"}],"about":[{"href":"https:\/\/fleschmazowsza.com.pl\/index.php?rest_route=\/wp\/v2\/types\/post"}],"author":[{"embeddable":true,"href":"https:\/\/fleschmazowsza.com.pl\/index.php?rest_route=\/wp\/v2\/users\/2"}],"replies":[{"embeddable":true,"href":"https:\/\/fleschmazowsza.com.pl\/index.php?rest_route=%2Fwp%2Fv2%2Fcomments&post=1655"}],"version-history":[{"count":1,"href":"https:\/\/fleschmazowsza.com.pl\/index.php?rest_route=\/wp\/v2\/posts\/1655\/revisions"}],"predecessor-version":[{"id":1657,"href":"https:\/\/fleschmazowsza.com.pl\/index.php?rest_route=\/wp\/v2\/posts\/1655\/revisions\/1657"}],"wp:featuredmedia":[{"embeddable":true,"href":"https:\/\/fleschmazowsza.com.pl\/index.php?rest_route=\/wp\/v2\/media\/1656"}],"wp:attachment":[{"href":"https:\/\/fleschmazowsza.com.pl\/index.php?rest_route=%2Fwp%2Fv2%2Fmedia&parent=1655"}],"wp:term":[{"taxonomy":"category","embeddable":true,"href":"https:\/\/fleschmazowsza.com.pl\/index.php?rest_route=%2Fwp%2Fv2%2Fcategories&post=1655"},{"taxonomy":"post_tag","embeddable":true,"href":"https:\/\/fleschmazowsza.com.pl\/index.php?rest_route=%2Fwp%2Fv2%2Ftags&post=1655"}],"curies":[{"name":"wp","href":"https:\/\/api.w.org\/{rel}","templated":true}]}}