{"id":1630,"date":"2017-08-08T12:34:13","date_gmt":"2017-08-08T11:34:13","guid":{"rendered":"http:\/\/fleschmazowsza.com.pl\/?p=1630"},"modified":"2017-08-08T12:34:13","modified_gmt":"2017-08-08T11:34:13","slug":"mozna-juz-skladac-wnioski","status":"publish","type":"post","link":"https:\/\/fleschmazowsza.com.pl\/?p=1630","title":{"rendered":"Mo\u017cna ju\u017c sk\u0142ada\u0107 wnioski"},"content":{"rendered":"<p><strong>Od 1 sierpnia mo\u017cna sk\u0142ada\u0107 nowe wnioski w programie 500 plus. Sprawdzili\u015bmy komu przys\u0142uguje \u015bwiadczenie i jakie zmiany nast\u0105pi\u0142y w programie.<\/strong><\/p>\n<p>Program 500 plus skierowany jest do rodzic\u00f3w oraz opiekun\u00f3w dzieci do uko\u0144czenia przez nie 18. roku \u017cycia. Warunkiem otrzymania 500 z\u0142 miesi\u0119cznie jest posiadanie co najmniej dw\u00f3jki niepe\u0142noletnich dzieci.<\/p>\n<p style=\"text-align: center;\"><strong>Dla kogo program 500 plus?<\/strong><\/p>\n<p>\u015awiadczenie przys\u0142uguje na drugie i kolejne dziecko niezale\u017cenie od dochodu. Takie rodziny nie musz\u0105 dokumentowa\u0107 sytuacji finansowej, bowiem kryterium dochodowe nie ma znaczenia przy przyznaniu 500 z\u0142 na drugie i kolejne dzieci.<\/p>\n<p>W przypadku rodzin, kt\u00f3rych doch\u00f3d wynosi mniej ni\u017c 800 z\u0142 netto na osob\u0119 wsparcie przys\u0142uguje rodzicom lub opiekunom r\u00f3wnie\u017c na pierwsze dziecko nawet je\u015bli jest jedynakiem. Jednak takie rodziny musz\u0105 udokumentowa\u0107 swoj\u0105 sytuacj\u0119 finansow\u0105. Przy obliczaniu dochodu na osob\u0119 brane s\u0105 pod uwag\u0119 dzieci do 25. roku \u017cycia, kt\u00f3re pozostaj\u0105 na utrzymaniu rodzic\u00f3w.<\/p>\n<p>Wliczane s\u0105 tak\u017ce dzieci, kt\u00f3re uko\u0144czy\u0142y 25. rok \u017cycia, ale maj\u0105 orzeczenie o znacznym stopniu niepe\u0142nosprawno\u015bci, je\u017celi w zwi\u0105zku z t\u0105 niepe\u0142nosprawno\u015bci\u0105 przys\u0142uguje \u015bwiadczenie piel\u0119gnacyjne lub specjalny zasi\u0142ek opieku\u0144czy albo zasi\u0142ek dla opiekuna.<\/p>\n<p style=\"text-align: center;\"><strong>Zmiany w programie<\/strong><\/p>\n<p>Od 1 pa\u017adziernika br. w\u0142adze zapowiadaj\u0105 drobne zmiany w programie, kt\u00f3re maj\u0105 wyeliminowa\u0107 nadu\u017cycia wskazane podczas kontroli prowadzonej przez resort rodziny.<\/p>\n<p>Zmiany dotycz\u0105 m.in. os\u00f3b, kt\u00f3re osi\u0105gaj\u0105 przychody rozliczane zrycza\u0142towanymi formami, czyli kart\u0105 podatkow\u0105, czy rycza\u0142tem ewidencjonowanym. Takie osoby b\u0119d\u0105 musia\u0142y do\u0142\u0105czy\u0107 do wniosku za\u015bwiadczenie z urz\u0119du skarbowego.<\/p>\n<p>Zmiany dotycz\u0105 tak\u017ce fikcyjnego rozwi\u0105zywania um\u00f3w o prac\u0119 przez beneficjent\u00f3w. Od pa\u017adziernika, je\u017celi umowa z pracodawc\u0105 zostanie rozwi\u0105zana, a p\u00f3\u017aniej te same strony podpisz\u0105 kolejn\u0105, \u015bwiadczenie wychowawcze na pierwsze dziecko b\u0119dzie mo\u017cna otrzyma\u0107 dopiero po trzech miesi\u0105cach. Inna wa\u017cna zmiana dotyczy os\u00f3b, kt\u00f3re deklaruj\u0105, \u017ce samotnie wychowuj\u0105 dzieci. Takie osoby, aby otrzyma\u0107 \u015bwiadczenie 500 plus, b\u0119d\u0105 musia\u0142y mie\u0107 zas\u0105dzone alimenty.<\/p>\n<p>&#8211; Wa\u017cne, \u017ce te osoby samotne, kt\u00f3re nie maj\u0105 zas\u0105dzonych aliment\u00f3w z r\u00f3\u017cnych powod\u00f3w, powinny jak najszybciej p\u00f3j\u015b\u0107 do s\u0105du z\u0142o\u017cy\u0107 wniosek o pow\u00f3dztwo alimentacyjne i bardzo wa\u017cne jest, \u017ceby przy tym wniosku z\u0142o\u017cy\u0142y r\u00f3wnie\u017c wniosek o zabezpieczenie pow\u00f3dztwa. W\u00f3wczas w terminie do 30 dni s\u0105d takie zabezpieczenie wydaje. I to ju\u017c b\u0119dzie wystarczaj\u0105ce do otrzymania \u015bwiadczenia z programu \u201eRodzina 500 plus\u201d \u2013 wyja\u015bnia Olgierd Podg\u00f3rski z Ministerstwa Rodziny, Pracy i Polityki Spo\u0142ecznej.<\/p>\n<p style=\"text-align: center;\"><strong>Nowe wnioski<\/strong><\/p>\n<p>Dotychczas z\u0142o\u017cone wnioski w programie 500 plus obowi\u0105zuj\u0105 do 30 wrze\u015bnia br. Dlatego, aby otrzyma\u0107 500 z\u0142 od 1 pa\u017adziernika br., rodzice b\u0119d\u0105 musieli z\u0142o\u017cy\u0107 nowy wniosek. Dokumenty na nowy okres rozliczeniowy, obowi\u0105zuj\u0105cy od pa\u017adziernika tego roku do ko\u0144ca wrze\u015bnia 2018 r., b\u0119d\u0105 przyjmowane od 1 sierpnia br. do 30 wrze\u015bnia br.<\/p>\n<p>Jak zapowiada resort rodziny, osobom kt\u00f3re z\u0142o\u017c\u0105 wniosek do 30 sierpnia br. przyznanie i wyp\u0142acone zostanie \u015bwiadczenie do 31 pa\u017adziernika br. Je\u017celi za\u015b wniosek zostanie z\u0142o\u017cony we wrze\u015bniu, wyp\u0142ata nast\u0105pi nie p\u00f3\u017aniej ni\u017c do 30 listopada br., z wyr\u00f3wnaniem za pa\u017adziernik i listopad.<\/p>\n<p>Wszystkie potrzebne formularze zainteresowani znajd\u0105 bezpo\u015brednio w gminach. Co wi\u0119cej, wnioski b\u0119dzie mo\u017cna z\u0142o\u017cy\u0107 on-line poprzez ministerialny Portal Informacyjno-Us\u0142ugowy Emp@tia, bankowo\u015b\u0107 elektroniczn\u0105, PUE ZUS \u2013 Platform\u0119 Us\u0142ug Elektronicznych ZUS oraz ePUAP \u2013 elektroniczn\u0105 Platform\u0119 Us\u0142ug Administracji Publicznej.<\/p>\n<p style=\"text-align: right;\"><strong>Kinga Rochalska<\/strong><\/p>\n","protected":false},"excerpt":{"rendered":"<p>Od 1 sierpnia mo\u017cna sk\u0142ada\u0107 nowe wnioski w programie 500 plus. Sprawdzili\u015bmy komu przys\u0142uguje \u015bwiadczenie i jakie zmiany nast\u0105pi\u0142y w programie. Program 500 plus skierowany jest do rodzic\u00f3w oraz opiekun\u00f3w dzieci do uko\u0144czenia przez nie 18. roku \u017cycia. Warunkiem otrzymania 500 z\u0142 miesi\u0119cznie jest posiadanie co najmniej dw\u00f3jki niepe\u0142noletnich dzieci. Dla kogo program 500 plus? [&hellip;]<\/p>\n","protected":false},"author":2,"featured_media":1631,"comment_status":"closed","ping_status":"open","sticky":false,"template":"","format":"standard","meta":{"footnotes":""},"categories":[1],"tags":[],"class_list":["post-1630","post","type-post","status-publish","format-standard","has-post-thumbnail","hentry","category-uncategorized"],"_links":{"self":[{"href":"https:\/\/fleschmazowsza.com.pl\/index.php?rest_route=\/wp\/v2\/posts\/1630","targetHints":{"allow":["GET"]}}],"collection":[{"href":"https:\/\/fleschmazowsza.com.pl\/index.php?rest_route=\/wp\/v2\/posts"}],"about":[{"href":"https:\/\/fleschmazowsza.com.pl\/index.php?rest_route=\/wp\/v2\/types\/post"}],"author":[{"embeddable":true,"href":"https:\/\/fleschmazowsza.com.pl\/index.php?rest_route=\/wp\/v2\/users\/2"}],"replies":[{"embeddable":true,"href":"https:\/\/fleschmazowsza.com.pl\/index.php?rest_route=%2Fwp%2Fv2%2Fcomments&post=1630"}],"version-history":[{"count":1,"href":"https:\/\/fleschmazowsza.com.pl\/index.php?rest_route=\/wp\/v2\/posts\/1630\/revisions"}],"predecessor-version":[{"id":1632,"href":"https:\/\/fleschmazowsza.com.pl\/index.php?rest_route=\/wp\/v2\/posts\/1630\/revisions\/1632"}],"wp:featuredmedia":[{"embeddable":true,"href":"https:\/\/fleschmazowsza.com.pl\/index.php?rest_route=\/wp\/v2\/media\/1631"}],"wp:attachment":[{"href":"https:\/\/fleschmazowsza.com.pl\/index.php?rest_route=%2Fwp%2Fv2%2Fmedia&parent=1630"}],"wp:term":[{"taxonomy":"category","embeddable":true,"href":"https:\/\/fleschmazowsza.com.pl\/index.php?rest_route=%2Fwp%2Fv2%2Fcategories&post=1630"},{"taxonomy":"post_tag","embeddable":true,"href":"https:\/\/fleschmazowsza.com.pl\/index.php?rest_route=%2Fwp%2Fv2%2Ftags&post=1630"}],"curies":[{"name":"wp","href":"https:\/\/api.w.org\/{rel}","templated":true}]}}