{"id":1622,"date":"2017-08-08T12:11:20","date_gmt":"2017-08-08T11:11:20","guid":{"rendered":"http:\/\/fleschmazowsza.com.pl\/?p=1622"},"modified":"2017-08-08T12:11:20","modified_gmt":"2017-08-08T11:11:20","slug":"armagedon-potrwa-do-konca-listopada","status":"publish","type":"post","link":"https:\/\/fleschmazowsza.com.pl\/?p=1622","title":{"rendered":"Armagedon potrwa do ko\u0144ca listopada"},"content":{"rendered":"<p><strong><div id=\"envira-gallery-wrap-1623\" class=\"envira-gallery-wrap envira-gallery-theme-base envira-lightbox-theme-base\" itemscope itemtype=\"https:\/\/schema.org\/ImageGallery\"><div data-row-height=\"150\" data-gallery-theme=\"normal\" id=\"envira-gallery-1623\" class=\"envira-gallery-public envira-gallery-justified-public envira-gallery-0-columns envira-clear enviratope envira-gallery-css-animations\" data-envira-columns=\"0\"><div id=\"envira-gallery-item-1624\" class=\"envira-gallery-item enviratope-item envira-gallery-item-1 envira-lazy-load\" style=\"padding-left: 5px; padding-bottom: 10px; padding-right: 5px;\"  itemscope itemtype=\"https:\/\/schema.org\/ImageObject\"><div class=\"envira-gallery-item-inner\"><div class=\"envira-gallery-position-overlay  envira-gallery-top-left\"><\/div><div class=\"envira-gallery-position-overlay  envira-gallery-top-right\"><\/div><div class=\"envira-gallery-position-overlay  envira-gallery-bottom-left\"><\/div><div class=\"envira-gallery-position-overlay  envira-gallery-bottom-right\"><\/div><a href=\"http:\/\/fleschmazowsza.com.pl\/wp-content\/uploads\/2017\/08\/w\u0105skiegard\u0142o1.jpg\" class=\"envira-gallery-1623 envira-gallery-link\" rel=\"enviragallery1623\" title=\"w\u0105skiegard\u0142o1\" data-envira-caption=\"w\u0105skiegard\u0142o1\" data-envira-retina=\"\" data-thumbnail=\"\"  itemprop=\"contentUrl\"><img decoding=\"async\" id=\"envira-gallery-image-1624\" class=\"envira-gallery-image envira-gallery-image-1 envira-normal envira-lazy\" data-envira-index=\"1\" src=\"https:\/\/fleschmazowsza.com.pl\/wp-content\/uploads\/2017\/08\/w\u0105skiegard\u0142o1-685x1024-640x480.jpg\" data-envira-src=\"https:\/\/fleschmazowsza.com.pl\/wp-content\/uploads\/2017\/08\/w\u0105skiegard\u0142o1-685x1024-640x480.jpg\" data-envira-gallery-id=\"1623\" data-envira-item-id=\"1624\" data-envira-caption=\"w\u0105skiegard\u0142o1\" alt=\"\" title=\"w\u0105skiegard\u0142o1\"  itemprop=\"thumbnailUrl\" data-envira-srcset=\"https:\/\/fleschmazowsza.com.pl\/wp-content\/uploads\/2017\/08\/w\u0105skiegard\u0142o1-685x1024-640x480.jpg 400w,https:\/\/fleschmazowsza.com.pl\/wp-content\/uploads\/2017\/08\/w\u0105skiegard\u0142o1-685x1024-640x480.jpg 2x\" data-envira-width=\"201\" data-envira-height=\"300\" srcset=\"data:image\/gif;base64,R0lGODlhAQABAIAAAP\/\/\/\/\/\/\/yH5BAEKAAEALAAAAAABAAEAAAICTAEAOw==\" data-safe-src=\"data:image\/gif;base64,R0lGODlhAQABAIAAAP\/\/\/\/\/\/\/yH5BAEKAAEALAAAAAABAAEAAAICTAEAOw==\" \/><\/a><\/div><\/div><div id=\"envira-gallery-item-1625\" class=\"envira-gallery-item enviratope-item envira-gallery-item-2 envira-lazy-load\" style=\"padding-left: 5px; padding-bottom: 10px; padding-right: 5px;\"  itemscope itemtype=\"https:\/\/schema.org\/ImageObject\"><div class=\"envira-gallery-item-inner\"><div class=\"envira-gallery-position-overlay  envira-gallery-top-left\"><\/div><div class=\"envira-gallery-position-overlay  envira-gallery-top-right\"><\/div><div class=\"envira-gallery-position-overlay  envira-gallery-bottom-left\"><\/div><div class=\"envira-gallery-position-overlay  envira-gallery-bottom-right\"><\/div><a href=\"http:\/\/fleschmazowsza.com.pl\/wp-content\/uploads\/2017\/08\/w\u0105skiegard\u0142o3.jpg\" class=\"envira-gallery-1623 envira-gallery-link\" rel=\"enviragallery1623\" title=\"w\u0105skiegard\u0142o3\" data-envira-caption=\"w\u0105skiegard\u0142o3\" data-envira-retina=\"\" data-thumbnail=\"\"  itemprop=\"contentUrl\"><img decoding=\"async\" id=\"envira-gallery-image-1625\" class=\"envira-gallery-image envira-gallery-image-2 envira-normal envira-lazy\" data-envira-index=\"2\" src=\"https:\/\/fleschmazowsza.com.pl\/wp-content\/uploads\/2017\/08\/w\u0105skiegard\u0142o3-1024x685-640x480.jpg\" data-envira-src=\"https:\/\/fleschmazowsza.com.pl\/wp-content\/uploads\/2017\/08\/w\u0105skiegard\u0142o3-1024x685-640x480.jpg\" data-envira-gallery-id=\"1623\" data-envira-item-id=\"1625\" data-envira-caption=\"w\u0105skiegard\u0142o3\" alt=\"\" title=\"w\u0105skiegard\u0142o3\"  itemprop=\"thumbnailUrl\" data-envira-srcset=\"https:\/\/fleschmazowsza.com.pl\/wp-content\/uploads\/2017\/08\/w\u0105skiegard\u0142o3-1024x685-640x480.jpg 400w,https:\/\/fleschmazowsza.com.pl\/wp-content\/uploads\/2017\/08\/w\u0105skiegard\u0142o3-1024x685-640x480.jpg 2x\" data-envira-width=\"300\" data-envira-height=\"201\" srcset=\"data:image\/gif;base64,R0lGODlhAQABAIAAAP\/\/\/\/\/\/\/yH5BAEKAAEALAAAAAABAAEAAAICTAEAOw==\" data-safe-src=\"data:image\/gif;base64,R0lGODlhAQABAIAAAP\/\/\/\/\/\/\/yH5BAEKAAEALAAAAAABAAEAAAICTAEAOw==\" \/><\/a><\/div><\/div><div id=\"envira-gallery-item-1626\" class=\"envira-gallery-item enviratope-item envira-gallery-item-3 envira-lazy-load\" style=\"padding-left: 5px; padding-bottom: 10px; padding-right: 5px;\"  itemscope itemtype=\"https:\/\/schema.org\/ImageObject\"><div class=\"envira-gallery-item-inner\"><div class=\"envira-gallery-position-overlay  envira-gallery-top-left\"><\/div><div class=\"envira-gallery-position-overlay  envira-gallery-top-right\"><\/div><div class=\"envira-gallery-position-overlay  envira-gallery-bottom-left\"><\/div><div class=\"envira-gallery-position-overlay  envira-gallery-bottom-right\"><\/div><a href=\"http:\/\/fleschmazowsza.com.pl\/wp-content\/uploads\/2017\/08\/w\u0105skiegard\u0142o4.jpg\" class=\"envira-gallery-1623 envira-gallery-link\" rel=\"enviragallery1623\" title=\"w\u0105skiegard\u0142o4\" data-envira-caption=\"w\u0105skiegard\u0142o4\" data-envira-retina=\"\" data-thumbnail=\"\"  itemprop=\"contentUrl\"><img decoding=\"async\" id=\"envira-gallery-image-1626\" class=\"envira-gallery-image envira-gallery-image-3 envira-normal envira-lazy\" data-envira-index=\"3\" src=\"https:\/\/fleschmazowsza.com.pl\/wp-content\/uploads\/2017\/08\/w\u0105skiegard\u0142o4-1024x685-640x480.jpg\" data-envira-src=\"https:\/\/fleschmazowsza.com.pl\/wp-content\/uploads\/2017\/08\/w\u0105skiegard\u0142o4-1024x685-640x480.jpg\" data-envira-gallery-id=\"1623\" data-envira-item-id=\"1626\" data-envira-caption=\"w\u0105skiegard\u0142o4\" alt=\"\" title=\"w\u0105skiegard\u0142o4\"  itemprop=\"thumbnailUrl\" data-envira-srcset=\"https:\/\/fleschmazowsza.com.pl\/wp-content\/uploads\/2017\/08\/w\u0105skiegard\u0142o4-1024x685-640x480.jpg 400w,https:\/\/fleschmazowsza.com.pl\/wp-content\/uploads\/2017\/08\/w\u0105skiegard\u0142o4-1024x685-640x480.jpg 2x\" data-envira-width=\"300\" data-envira-height=\"201\" srcset=\"data:image\/gif;base64,R0lGODlhAQABAIAAAP\/\/\/\/\/\/\/yH5BAEKAAEALAAAAAABAAEAAAICTAEAOw==\" data-safe-src=\"data:image\/gif;base64,R0lGODlhAQABAIAAAP\/\/\/\/\/\/\/yH5BAEKAAEALAAAAAABAAEAAAICTAEAOw==\" \/><\/a><\/div><\/div><div id=\"envira-gallery-item-1627\" class=\"envira-gallery-item enviratope-item envira-gallery-item-4 envira-lazy-load\" style=\"padding-left: 5px; padding-bottom: 10px; padding-right: 5px;\"  itemscope itemtype=\"https:\/\/schema.org\/ImageObject\"><div class=\"envira-gallery-item-inner\"><div class=\"envira-gallery-position-overlay  envira-gallery-top-left\"><\/div><div class=\"envira-gallery-position-overlay  envira-gallery-top-right\"><\/div><div class=\"envira-gallery-position-overlay  envira-gallery-bottom-left\"><\/div><div class=\"envira-gallery-position-overlay  envira-gallery-bottom-right\"><\/div><a href=\"http:\/\/fleschmazowsza.com.pl\/wp-content\/uploads\/2017\/08\/w\u0105skiegard\u0142o5.jpg\" class=\"envira-gallery-1623 envira-gallery-link\" rel=\"enviragallery1623\" title=\"w\u0105skiegard\u0142o5\" data-envira-caption=\"w\u0105skiegard\u0142o5\" data-envira-retina=\"\" data-thumbnail=\"\"  itemprop=\"contentUrl\"><img decoding=\"async\" id=\"envira-gallery-image-1627\" class=\"envira-gallery-image envira-gallery-image-4 envira-normal envira-lazy\" data-envira-index=\"4\" src=\"https:\/\/fleschmazowsza.com.pl\/wp-content\/uploads\/2017\/08\/w\u0105skiegard\u0142o5-1024x685-640x480.jpg\" data-envira-src=\"https:\/\/fleschmazowsza.com.pl\/wp-content\/uploads\/2017\/08\/w\u0105skiegard\u0142o5-1024x685-640x480.jpg\" data-envira-gallery-id=\"1623\" data-envira-item-id=\"1627\" data-envira-caption=\"w\u0105skiegard\u0142o5\" alt=\"\" title=\"w\u0105skiegard\u0142o5\"  itemprop=\"thumbnailUrl\" data-envira-srcset=\"https:\/\/fleschmazowsza.com.pl\/wp-content\/uploads\/2017\/08\/w\u0105skiegard\u0142o5-1024x685-640x480.jpg 400w,https:\/\/fleschmazowsza.com.pl\/wp-content\/uploads\/2017\/08\/w\u0105skiegard\u0142o5-1024x685-640x480.jpg 2x\" data-envira-width=\"300\" data-envira-height=\"201\" srcset=\"data:image\/gif;base64,R0lGODlhAQABAIAAAP\/\/\/\/\/\/\/yH5BAEKAAEALAAAAAABAAEAAAICTAEAOw==\" data-safe-src=\"data:image\/gif;base64,R0lGODlhAQABAIAAAP\/\/\/\/\/\/\/yH5BAEKAAEALAAAAAABAAEAAAICTAEAOw==\" \/><\/a><\/div><\/div><\/div><\/div><noscript><img decoding=\"async\" src=\"https:\/\/fleschmazowsza.com.pl\/wp-content\/uploads\/2017\/08\/w\u0105skiegard\u0142o1.jpg\" alt=\"\" \/><img decoding=\"async\" src=\"https:\/\/fleschmazowsza.com.pl\/wp-content\/uploads\/2017\/08\/w\u0105skiegard\u0142o3.jpg\" alt=\"\" \/><img decoding=\"async\" src=\"https:\/\/fleschmazowsza.com.pl\/wp-content\/uploads\/2017\/08\/w\u0105skiegard\u0142o4.jpg\" alt=\"\" \/><img decoding=\"async\" src=\"https:\/\/fleschmazowsza.com.pl\/wp-content\/uploads\/2017\/08\/w\u0105skiegard\u0142o5.jpg\" alt=\"\" \/><\/noscript>Prace zwi\u0105zane z poszerzeniem 800-metrowego odcinka Alei Jerozolimskich przed wjazdem do Pruszkowa mia\u0142y potrwa\u0107 do ko\u0144ca sierpnia 2017 r. Niestety ju\u017c dzi\u015b wiadomo, \u017ce modernizacja przed\u0142u\u017cy si\u0119 o dodatkowe trzy miesi\u0105ce.<\/strong><\/p>\n<p>Poszerzenie \u201ew\u0105skiego gard\u0142a\u201d na drodze wojew\u00f3dzkiej nr 719 przed wjazdem do Pruszkowa by\u0142o jednym z najd\u0142u\u017cej wyczekiwanych przedsi\u0119wzi\u0119\u0107 drogowych w powiecie. W ko\u0144cu uda\u0142o si\u0119 uzyska\u0107 wszystkie wymagane zgody. Roboty ruszy\u0142y na pocz\u0105tku listopada ubieg\u0142ego roku.<\/p>\n<p>W\u00f3wczas w\u0142adze Pruszkowa by\u0142y dobrej my\u015bli. W\u0142odarze spodziewali si\u0119, \u017ce najwi\u0119ksze utrudnienia w ruchu potrwaj\u0105 do kwietnia br., a 31 sierpnia br. inwestycja b\u0119dzie gotowa. Taki termin firma Strabag dosta\u0142a od Mazowieckiego Zarz\u0105du Dr\u00f3g Wojew\u00f3dzkich. Wszystko po to, by parali\u017c komunikacyjny nie na\u0142o\u017cy\u0142 si\u0119 na planowany na wrzesie\u0144 pocz\u0105tek remontu linii kolejowej.<\/p>\n<p style=\"text-align: center;\"><strong>Trzy miesi\u0105ce op\u00f3\u017anienia<\/strong><\/p>\n<p>Niestety wszystko wskazuje na to, \u017ce firma Strabag nie dotrzyma planowanego terminu oddania inwestycji. Jak wyja\u015bnia Mazowiecki Zarz\u0105d Dr\u00f3g Wojew\u00f3dzkich, op\u00f3\u017anienie spowodowane jest konieczno\u015bci\u0105 wykonania dodatkowej (znacznie wi\u0119kszej ni\u017c zak\u0142ada\u0142 to projekt) wymiany grunt\u00f3w nieno\u015bnych. Podyktowane by\u0142o to konieczno\u015bci\u0105 doprowadzenia pod\u0142o\u017ca rodzimego pod nowo zaprojektowanym uk\u0142adem drogowym do odpowiedniej no\u015bno\u015bci.<\/p>\n<p>Kolejnym powodem przesuni\u0119cia terminu zako\u0144czenia prac by\u0142a konieczno\u015b\u0107 wykonania dokumentacji zamiennej w bran\u017cy teletechnicznej. By\u0142o to konieczne ze wzgl\u0119du na napotkane w terenie kolizje z infrastruktur\u0105 podziemn\u0105, wysoki poziom w\u00f3d gruntowych oraz nowo wybudowany budynek Centrum Dziedzictwa Kulturowego i brak mo\u017cliwo\u015bci wykonania kanalizacji teletechnicznej zgodnie z dokumentacj\u0105 projektow\u0105.<\/p>\n<p>Dodatkowo w okresie pomi\u0119dzy opracowaniem dokumentacji projektowej w zakresie przebudowy kabli teletechnicznych a stanem obecnym, zmianie uleg\u0142a ilo\u015b\u0107 kabli \u015bwiat\u0142owodowych oraz miedzianych, kt\u00f3re nale\u017cy uwzgl\u0119dni\u0107 podczas przebudowy.<\/p>\n<p style=\"text-align: center;\"><strong>Organizacja ruchu bez du\u017cych zmian<\/strong><\/p>\n<p>Wszystko wskazuje jednak na to, \u017ce cz\u0119\u015bciowo modernizacja zako\u0144czy si\u0119 jeszcze w sierpniu.<\/p>\n<p>&#8211; Wykonawca podtrzymuje, \u017ce od dnia 15.08.2017 r. w stron\u0119 Warszawy przejezdne b\u0119d\u0105 dwa pasy ruchu, natomiast w stron\u0119 Pruszkowa jeden pas \u2013 jezdnia po\u0142udniowa. Natomiast od 15.10.2017 r. przejezdne b\u0119d\u0105 po dwa pasy w obu kierunkach wraz ze skrzy\u017cowaniem \u2013 m\u00f3wi Monika Burdon, Rzecznik Prasowy Mazowieckiego Zarz\u0105du Dr\u00f3g Wojew\u00f3dzkich. \u2013 Zako\u0144czenie wszystkich rob\u00f3t przewidziane jest na dzie\u0144 30.11.2017 r. \u2013 dodaje.<\/p>\n<p>Jednak zanim Aleje Jerozolimskie zostan\u0105 udost\u0119pnione kierowcom szykuj\u0105 si\u0119 dodatkowe utrudnienia \u2013 wy\u0142\u0105czenie z ruchu skrzy\u017cowania DW719 i ul. Bohater\u00f3w Warszawy.<\/p>\n<p>\u2013 Prace na szcz\u0119\u015bcie maj\u0105 potrwa\u0107 zaledwie pi\u0119\u0107 dni. Od 10 do 15 sierpnia \u2013 m\u00f3wi Andrzej Kurzela, wiceprezydent Pruszkowa.<\/p>\n<p>Jak b\u0119dzie wygl\u0105da\u0142a organizacja ruchu podczas remontu? Mazowiecki Zarz\u0105d Dr\u00f3g Wojew\u00f3dzkich informuje, \u017ce objazdy nie ulegn\u0105 zmianie w stosunku do stanu obecnego. Jedynie podczas przebudowy skrzy\u017cowania mo\u017cliwe b\u0119d\u0105 czasowe utrudnienia w postaci zw\u0119\u017ce\u0144 jezdni.<\/p>\n<p>&#8211; Dok\u0142adny schemat prowadzenia prac zostanie podany po uzgodnieniu i zatwierdzeniu projektu czasowej organizacji przez wykonawc\u0119 \u2013 informuje Monika Burdon.<\/p>\n<p style=\"text-align: right;\">Tekst i foto:<\/p>\n<p style=\"text-align: right;\"><strong>Kinga Rochalska<\/strong><\/p>\n","protected":false},"excerpt":{"rendered":"<p>Prace zwi\u0105zane z poszerzeniem 800-metrowego odcinka Alei Jerozolimskich przed wjazdem do Pruszkowa mia\u0142y potrwa\u0107 do ko\u0144ca sierpnia 2017 r. Niestety ju\u017c dzi\u015b wiadomo, \u017ce modernizacja przed\u0142u\u017cy si\u0119 o dodatkowe trzy miesi\u0105ce. Poszerzenie \u201ew\u0105skiego gard\u0142a\u201d na drodze wojew\u00f3dzkiej nr 719 przed wjazdem do Pruszkowa by\u0142o jednym z najd\u0142u\u017cej wyczekiwanych przedsi\u0119wzi\u0119\u0107 drogowych w powiecie. W ko\u0144cu uda\u0142o [&hellip;]<\/p>\n","protected":false},"author":2,"featured_media":1628,"comment_status":"closed","ping_status":"open","sticky":false,"template":"","format":"standard","meta":{"footnotes":""},"categories":[5],"tags":[],"class_list":["post-1622","post","type-post","status-publish","format-standard","has-post-thumbnail","hentry","category-wiadomosci"],"_links":{"self":[{"href":"https:\/\/fleschmazowsza.com.pl\/index.php?rest_route=\/wp\/v2\/posts\/1622","targetHints":{"allow":["GET"]}}],"collection":[{"href":"https:\/\/fleschmazowsza.com.pl\/index.php?rest_route=\/wp\/v2\/posts"}],"about":[{"href":"https:\/\/fleschmazowsza.com.pl\/index.php?rest_route=\/wp\/v2\/types\/post"}],"author":[{"embeddable":true,"href":"https:\/\/fleschmazowsza.com.pl\/index.php?rest_route=\/wp\/v2\/users\/2"}],"replies":[{"embeddable":true,"href":"https:\/\/fleschmazowsza.com.pl\/index.php?rest_route=%2Fwp%2Fv2%2Fcomments&post=1622"}],"version-history":[{"count":1,"href":"https:\/\/fleschmazowsza.com.pl\/index.php?rest_route=\/wp\/v2\/posts\/1622\/revisions"}],"predecessor-version":[{"id":1629,"href":"https:\/\/fleschmazowsza.com.pl\/index.php?rest_route=\/wp\/v2\/posts\/1622\/revisions\/1629"}],"wp:featuredmedia":[{"embeddable":true,"href":"https:\/\/fleschmazowsza.com.pl\/index.php?rest_route=\/wp\/v2\/media\/1628"}],"wp:attachment":[{"href":"https:\/\/fleschmazowsza.com.pl\/index.php?rest_route=%2Fwp%2Fv2%2Fmedia&parent=1622"}],"wp:term":[{"taxonomy":"category","embeddable":true,"href":"https:\/\/fleschmazowsza.com.pl\/index.php?rest_route=%2Fwp%2Fv2%2Fcategories&post=1622"},{"taxonomy":"post_tag","embeddable":true,"href":"https:\/\/fleschmazowsza.com.pl\/index.php?rest_route=%2Fwp%2Fv2%2Ftags&post=1622"}],"curies":[{"name":"wp","href":"https:\/\/api.w.org\/{rel}","templated":true}]}}