{"id":1538,"date":"2017-07-10T14:42:51","date_gmt":"2017-07-10T13:42:51","guid":{"rendered":"http:\/\/fleschmazowsza.com.pl\/?p=1538"},"modified":"2017-07-10T14:42:51","modified_gmt":"2017-07-10T13:42:51","slug":"przystanek-historia-zawita-do-pruszkowa","status":"publish","type":"post","link":"https:\/\/fleschmazowsza.com.pl\/?p=1538","title":{"rendered":"Przystanek Historia zawita do Pruszkowa"},"content":{"rendered":"<p><strong>16 lipca Muzeum Dulag 121 i warszawski oddzia\u0142 Instytutu Pami\u0119ci Narodowej zapraszaj\u0105 na pierwsze w Pruszkowie spotkanie z cyklu \u201ePrzystanek Historia w Muzeum Dulag 121\u201d. W ramach spotkania w Muzeum Dulag 121 (ul. 3 Maja 8A, Pruszk\u00f3w) w godz. 11.00, 12.10, 13.20 oraz 14.30 odb\u0119d\u0105 si\u0119 bezp\u0142atne pokazy filmu \u201eJaster. Tajemnica Hela\u201d. Dokument przedstawia histori\u0119 \u017co\u0142nierza Armii Krajowej, kt\u00f3rego skomplikowane i tragiczne losy wojenne do dzi\u015b stanowi\u0105 niewyja\u015bnion\u0105 do ko\u0144ca zagadk\u0119.<\/strong><\/p>\n<p>\u201eJaster. Tajemnica Hela\u201d to film dokumentalny opowiadaj\u0105cy histori\u0119 \u017co\u0142nierza Armii Krajowej, Stanis\u0142awa Jastera, <em>ps. Hel<\/em>, kt\u00f3ry na skutek nieszcz\u0119\u015bliwego, i nie do ko\u0144ca wyja\u015bnionego splotu okoliczno\u015bci, latem 1943 roku, zosta\u0142 pos\u0105dzony przez swoich towarzyszy broni o kolaboracj\u0119 z Niemcami. Ju\u017c w lipcu tego samego roku Jaster zosta\u0142 \u00a0stracony bez przeprowadzenia rzetelnej sprawy s\u0105dowej. Jego narzeczona Danuta Le\u015bniewska (p\u00f3\u017aniej S\u0142awi\u0144ska), pe\u0142ni\u0105ca w 1944-1945 \u00a0funkcj\u0119 sanitariuszki i t\u0142umaczki w obozie Dulag 121 w Pruszkowie, zrozpaczona po \u015bmierci Jastera, przechowywa\u0142a przez ca\u0142e swoje \u017cycie pami\u0105tki z nim zwi\u0105zane. Zachowa\u0142a si\u0119 przede wszystkim klisza z filmem, na kt\u00f3rej mo\u017cna zobaczy\u0107 ich wsp\u00f3lne, radosne chwile, kt\u00f3rymi cieszyli si\u0119 tu\u017c przed tragicznymi wydarzeniami. Danuta S\u0142awi\u0144ska nigdy nie dowiedzia\u0142a si\u0119, jak zgin\u0105\u0142 jej ukochany i gdzie zosta\u0142 pochowany. Film podejmuje r\u00f3wnie\u017c problem tego, jak ukazywano posta\u0107 Jastera ju\u017c po wojnie, kiedy to pojawia\u0142y si\u0119 ksi\u0105\u017cki, w kt\u00f3rych przedstawiano go jako zdrajc\u0119. Spotyka\u0142o si\u0119 to z g\u0142osami oburzenia. Takim oskar\u017ceniom sprzeciwi\u0142 si\u0119 m.in. wsp\u00f3\u0142uciekinier Jastera z obozu Auschwitz, Kazimierz Piechowski. Niestety nie uda\u0142o si\u0119 odnale\u017a\u0107 wojennych dokument\u00f3w procesowych, kt\u00f3re mog\u0142yby po\u015bmiertnie oczy\u015bci\u0107 Jastera z zarzut\u00f3w i przywr\u00f3ci\u0107 mu dobre imi\u0119. Z tego powodu pr\u00f3b\u0119 jego rehabilitacji podj\u0119li tw\u00f3rcy filmu.<\/p>\n<p>Film zosta\u0142 wyprodukowany w 2014 roku. Tw\u00f3rcami scenariusza i re\u017cyserami s\u0105 Ma\u0142gorzata Walczak<\/p>\n<p>i Marek Tomasz Paw\u0142owski. Czas trwania filmu: 59 minut. Serdecznie zapraszamy.<\/p>\n<p style=\"text-align: right;\"><strong>(a)<\/strong><\/p>\n","protected":false},"excerpt":{"rendered":"<p>16 lipca Muzeum Dulag 121 i warszawski oddzia\u0142 Instytutu Pami\u0119ci Narodowej zapraszaj\u0105 na pierwsze w Pruszkowie spotkanie z cyklu \u201ePrzystanek Historia w Muzeum Dulag 121\u201d. W ramach spotkania w Muzeum Dulag 121 (ul. 3 Maja 8A, Pruszk\u00f3w) w godz. 11.00, 12.10, 13.20 oraz 14.30 odb\u0119d\u0105 si\u0119 bezp\u0142atne pokazy filmu \u201eJaster. Tajemnica Hela\u201d. Dokument przedstawia histori\u0119 [&hellip;]<\/p>\n","protected":false},"author":2,"featured_media":1539,"comment_status":"closed","ping_status":"open","sticky":false,"template":"","format":"standard","meta":{"footnotes":""},"categories":[9,6],"tags":[],"class_list":["post-1538","post","type-post","status-publish","format-standard","has-post-thumbnail","hentry","category-edukacja","category-kultura"],"_links":{"self":[{"href":"https:\/\/fleschmazowsza.com.pl\/index.php?rest_route=\/wp\/v2\/posts\/1538","targetHints":{"allow":["GET"]}}],"collection":[{"href":"https:\/\/fleschmazowsza.com.pl\/index.php?rest_route=\/wp\/v2\/posts"}],"about":[{"href":"https:\/\/fleschmazowsza.com.pl\/index.php?rest_route=\/wp\/v2\/types\/post"}],"author":[{"embeddable":true,"href":"https:\/\/fleschmazowsza.com.pl\/index.php?rest_route=\/wp\/v2\/users\/2"}],"replies":[{"embeddable":true,"href":"https:\/\/fleschmazowsza.com.pl\/index.php?rest_route=%2Fwp%2Fv2%2Fcomments&post=1538"}],"version-history":[{"count":1,"href":"https:\/\/fleschmazowsza.com.pl\/index.php?rest_route=\/wp\/v2\/posts\/1538\/revisions"}],"predecessor-version":[{"id":1540,"href":"https:\/\/fleschmazowsza.com.pl\/index.php?rest_route=\/wp\/v2\/posts\/1538\/revisions\/1540"}],"wp:featuredmedia":[{"embeddable":true,"href":"https:\/\/fleschmazowsza.com.pl\/index.php?rest_route=\/wp\/v2\/media\/1539"}],"wp:attachment":[{"href":"https:\/\/fleschmazowsza.com.pl\/index.php?rest_route=%2Fwp%2Fv2%2Fmedia&parent=1538"}],"wp:term":[{"taxonomy":"category","embeddable":true,"href":"https:\/\/fleschmazowsza.com.pl\/index.php?rest_route=%2Fwp%2Fv2%2Fcategories&post=1538"},{"taxonomy":"post_tag","embeddable":true,"href":"https:\/\/fleschmazowsza.com.pl\/index.php?rest_route=%2Fwp%2Fv2%2Ftags&post=1538"}],"curies":[{"name":"wp","href":"https:\/\/api.w.org\/{rel}","templated":true}]}}