{"id":1529,"date":"2017-07-10T14:16:11","date_gmt":"2017-07-10T13:16:11","guid":{"rendered":"http:\/\/fleschmazowsza.com.pl\/?p=1529"},"modified":"2017-07-10T14:16:11","modified_gmt":"2017-07-10T13:16:11","slug":"zaklady-ursus-zostaly-zabytkiem","status":"publish","type":"post","link":"https:\/\/fleschmazowsza.com.pl\/?p=1529","title":{"rendered":"Zak\u0142ady Ursus zosta\u0142y zabytkiem"},"content":{"rendered":"<p><strong>Mazowiecki Wojew\u00f3dzki Konserwator Zabytk\u00f3w podpisa\u0142 decyzj\u0119 o wpisaniu do rejestru zabytk\u00f3w zespo\u0142u Zak\u0142ad\u00f3w Mechanicznych \u201eUrsus\u201d. Oznacza to, \u017ce zabytkowe hale nie mog\u0105 zosta\u0107 rozebrane z uwagi na zachowane warto\u015bci historyczne oraz artystyczne.<\/strong><\/p>\n<p>O skandalicznej rozbi\u00f3rce hal dawnej fabryki traktor\u00f3w \u201eUrsus\u201d informowali\u015bmy na \u0142amach naszej gazety kilka tygodni temu.<\/p>\n<p style=\"text-align: center;\"><strong>Rozbi\u00f3rka zabytkowych hal<\/strong><\/p>\n<p>&#8211; Zosta\u0142y elewacje frontowe obu hal (najcenniejsze), elewacja boczna jednej z nich, fragment korpusu hali zachodniej (odlewnia). Pozosta\u0142 nadal nietkni\u0119ty budynek dawnej modelarni oraz warsztaty z ty\u0142u dzia\u0142ki \u2013 informowa\u0142 w\u00f3wczas na Facebooku Sto\u0142eczny Konserwator Zabytk\u00f3w, Micha\u0142 Krasucki.<\/p>\n<p>Po zawiadomieniu organ\u00f3w o zdarzeniu, Powiatowy Inspektorat Nadzoru Budowlanego zg\u0142osi\u0142 do prokuratury spraw\u0119 niezgodnej z prawem rozbi\u00f3rki zabytkowych hal fabryki traktor\u00f3w w Ursusie. G\u0142\u00f3wnym podejrzanym w sprawie jest sp\u00f3\u0142ka CPD S.A., kt\u00f3ra kupi\u0142a od syndyka kilkadziesi\u0105t hektar\u00f3w terenu dawnej fabryki traktor\u00f3w na cele inwestycyjne. Sp\u00f3\u0142ka wyst\u0119powa\u0142a ju\u017c wcze\u015bniej do Powiatowego Inspektora Nadzoru Budowlanego o zgod\u0119 na rozbi\u00f3rk\u0119 zabytkowych hal. Organ jednak odm\u00f3wi\u0142. Nieoficjalnie wiadomo, \u017ce deweloper nie przyznaje si\u0119 do nielegalnej rozbi\u00f3rki hal, a przedstawiciele Sp\u00f3\u0142ki twierdz\u0105, \u017ce hale uleg\u0142y zawaleniu. Spraw\u0105 zajmuje si\u0119 prokuratura.<\/p>\n<p style=\"text-align: center;\"><strong>Awans do rejestru zabytk\u00f3w<\/strong><\/p>\n<p>W tym czasie mieszka\u0144cy Ursusa protestowali przeciwko wyburzaniu budynk\u00f3w pozosta\u0142ych po by\u0142ych Zak\u0142adach Mechanicznych \u201eUrsus\u201d. To tak\u017ce dzi\u0119ki ich staraniom, hale z gminnej ewidencji zabytk\u00f3w awansowa\u0142y do wojew\u00f3dzkiego rejestru zabytk\u00f3w, co znacznie skuteczniej chroni je przez wyburzeniem. Zgodnie bowiem z przepisami ustawy o ochronie zabytk\u00f3w, za zniszczenie lub uszkodzenie zabytku grozi kara grzywny, ograniczenia wolno\u015bci, a nawet pozbawienia wolno\u015bci do lat 5.<\/p>\n<p>&#8211; Zesp\u00f3\u0142 budowlany \u201eUrsus\u201d posiada warto\u015bci historyczne oraz artystyczne. Upami\u0119tnia on nieistniej\u0105ca fabryk\u0119 o wieloletniej historii, kt\u00f3ra \u2013 w okresie dwudziestolecia mi\u0119dzywojennego \u2013 zaopatrywa\u0142a Wojsko Polskie w niezb\u0119dny sprz\u0119t bojowy i transportowy, natomiast po wojnie wytwarza\u0142a g\u0142\u00f3wnie ci\u0105gniki rolnicze. Dzielnica Ursus zawdzi\u0119cza zak\u0142adom zar\u00f3wno nazw\u0119, jak i sw\u00f3j rozw\u00f3j \u2013 uzasadnia decyzj\u0119 Agnieszka \u017bukowska, Rzecznik Prasowy Mazowieckiego Wojew\u00f3dzkiego Konserwatora Zabytk\u00f3w.<\/p>\n<p style=\"text-align: right;\"><strong>Kinga Rochalska<\/strong><\/p>\n","protected":false},"excerpt":{"rendered":"<p>Mazowiecki Wojew\u00f3dzki Konserwator Zabytk\u00f3w podpisa\u0142 decyzj\u0119 o wpisaniu do rejestru zabytk\u00f3w zespo\u0142u Zak\u0142ad\u00f3w Mechanicznych \u201eUrsus\u201d. Oznacza to, \u017ce zabytkowe hale nie mog\u0105 zosta\u0107 rozebrane z uwagi na zachowane warto\u015bci historyczne oraz artystyczne. O skandalicznej rozbi\u00f3rce hal dawnej fabryki traktor\u00f3w \u201eUrsus\u201d informowali\u015bmy na \u0142amach naszej gazety kilka tygodni temu. Rozbi\u00f3rka zabytkowych hal &#8211; Zosta\u0142y elewacje frontowe [&hellip;]<\/p>\n","protected":false},"author":2,"featured_media":1530,"comment_status":"closed","ping_status":"open","sticky":false,"template":"","format":"standard","meta":{"footnotes":""},"categories":[8,5],"tags":[],"class_list":["post-1529","post","type-post","status-publish","format-standard","has-post-thumbnail","hentry","category-roznosci","category-wiadomosci"],"_links":{"self":[{"href":"https:\/\/fleschmazowsza.com.pl\/index.php?rest_route=\/wp\/v2\/posts\/1529","targetHints":{"allow":["GET"]}}],"collection":[{"href":"https:\/\/fleschmazowsza.com.pl\/index.php?rest_route=\/wp\/v2\/posts"}],"about":[{"href":"https:\/\/fleschmazowsza.com.pl\/index.php?rest_route=\/wp\/v2\/types\/post"}],"author":[{"embeddable":true,"href":"https:\/\/fleschmazowsza.com.pl\/index.php?rest_route=\/wp\/v2\/users\/2"}],"replies":[{"embeddable":true,"href":"https:\/\/fleschmazowsza.com.pl\/index.php?rest_route=%2Fwp%2Fv2%2Fcomments&post=1529"}],"version-history":[{"count":1,"href":"https:\/\/fleschmazowsza.com.pl\/index.php?rest_route=\/wp\/v2\/posts\/1529\/revisions"}],"predecessor-version":[{"id":1531,"href":"https:\/\/fleschmazowsza.com.pl\/index.php?rest_route=\/wp\/v2\/posts\/1529\/revisions\/1531"}],"wp:featuredmedia":[{"embeddable":true,"href":"https:\/\/fleschmazowsza.com.pl\/index.php?rest_route=\/wp\/v2\/media\/1530"}],"wp:attachment":[{"href":"https:\/\/fleschmazowsza.com.pl\/index.php?rest_route=%2Fwp%2Fv2%2Fmedia&parent=1529"}],"wp:term":[{"taxonomy":"category","embeddable":true,"href":"https:\/\/fleschmazowsza.com.pl\/index.php?rest_route=%2Fwp%2Fv2%2Fcategories&post=1529"},{"taxonomy":"post_tag","embeddable":true,"href":"https:\/\/fleschmazowsza.com.pl\/index.php?rest_route=%2Fwp%2Fv2%2Ftags&post=1529"}],"curies":[{"name":"wp","href":"https:\/\/api.w.org\/{rel}","templated":true}]}}