{"id":1527,"date":"2017-07-10T14:05:57","date_gmt":"2017-07-10T13:05:57","guid":{"rendered":"http:\/\/fleschmazowsza.com.pl\/?p=1527"},"modified":"2017-07-10T14:05:57","modified_gmt":"2017-07-10T13:05:57","slug":"nowe-przedszkole-w-ursusie","status":"publish","type":"post","link":"https:\/\/fleschmazowsza.com.pl\/?p=1527","title":{"rendered":"Nowe przedszkole w Ursusie"},"content":{"rendered":"<p><strong>W dniu 22 czerwca w Urz\u0119dzie Dzielnicy Ursus zosta\u0142a podpisana umowa na realizacj\u0119 budowy nowego przedszkola.\u00a0 Plac\u00f3wka ma powsta\u0107 przy ul. Hennela, na terenach pofabrycznych dzielnicy.<\/strong><\/p>\n<p>Zgodnie z umow\u0105 budowa przedszkola ma si\u0119 zako\u0144czy\u0107 do 2019 r. Warto\u015b\u0107 inwestycji to ponad 6,5 mln z\u0142. Ze strony inwestora umow\u0119 podpisa\u0142a burmistrz Urszula Kierzkowska i zast\u0119pca burmistrza Wies\u0142aw Krzemie\u0144. Wykonawc\u0119 reprezentowa\u0142 Maciej Zarzecki \u2013 Cz\u0142onek Zarz\u0105du firmy ASKO S.A.<\/p>\n<p>Przedszkole ma pomie\u015bci\u0107 6 oddzia\u0142\u00f3w, a przyj\u0119tych ma zosta\u0107 150 dzieci w wieku od 3 do 6 lat. Budynek b\u0119dzie mia\u0142 dwie kondygnacje.<\/p>\n<p>Dla ka\u017cdego oddzia\u0142u zaplanowane jest zestaw pomieszcze\u0144 sk\u0142adaj\u0105cy si\u0119 z sali zaj\u0119\u0107 o powierzchni 70 m2. W ka\u017cdej sali zaplanowany jest k\u0105cik zabaw z labiryntem, \u0142azienki, magazyn na po\u015bciel, le\u017caki i materia\u0142y edukacyjne oraz pomieszczenie porz\u0105dkowe ze zlewem.<\/p>\n<p>Plac\u00f3wka zostanie wyposa\u017con\u0105 w sal\u0119 gimnastyczn\u0105 o powierzchni 60 m2, sal\u0119 zaj\u0119\u0107 integracji sensorycznej o powierzchni 35 m2, szatni\u0119, poczekalnie dla rodzic\u00f3w z dost\u0119pem do toalety, cz\u0119\u015b\u0107 administracyjn\u0105 i pedagogiczn\u0105 \u2013 pok\u00f3j logopedy, psychologa, nauczycielski.<\/p>\n<p>Na terenie budynku powstanie r\u00f3wnie\u017c zaplecze gastronomiczne z mo\u017cliwo\u015bci\u0105 przygotowywania posi\u0142k\u00f3w na miejscu oraz zaplecze magazynowe i socjalne. Na terenie zewn\u0119trznym obiektu powstan\u0105 trzy wydzielone place zabaw, osobne dla ka\u017cdej grupy wiekowej oraz du\u017cy parking dla rodzic\u00f3w.<\/p>\n<p style=\"text-align: right;\"><strong>EW.<\/strong><\/p>\n","protected":false},"excerpt":{"rendered":"<p>W dniu 22 czerwca w Urz\u0119dzie Dzielnicy Ursus zosta\u0142a podpisana umowa na realizacj\u0119 budowy nowego przedszkola.\u00a0 Plac\u00f3wka ma powsta\u0107 przy ul. Hennela, na terenach pofabrycznych dzielnicy. Zgodnie z umow\u0105 budowa przedszkola ma si\u0119 zako\u0144czy\u0107 do 2019 r. Warto\u015b\u0107 inwestycji to ponad 6,5 mln z\u0142. Ze strony inwestora umow\u0119 podpisa\u0142a burmistrz Urszula Kierzkowska i zast\u0119pca burmistrza [&hellip;]<\/p>\n","protected":false},"author":2,"featured_media":344,"comment_status":"closed","ping_status":"open","sticky":false,"template":"","format":"standard","meta":{"footnotes":""},"categories":[9,5],"tags":[],"class_list":["post-1527","post","type-post","status-publish","format-standard","has-post-thumbnail","hentry","category-edukacja","category-wiadomosci"],"_links":{"self":[{"href":"https:\/\/fleschmazowsza.com.pl\/index.php?rest_route=\/wp\/v2\/posts\/1527","targetHints":{"allow":["GET"]}}],"collection":[{"href":"https:\/\/fleschmazowsza.com.pl\/index.php?rest_route=\/wp\/v2\/posts"}],"about":[{"href":"https:\/\/fleschmazowsza.com.pl\/index.php?rest_route=\/wp\/v2\/types\/post"}],"author":[{"embeddable":true,"href":"https:\/\/fleschmazowsza.com.pl\/index.php?rest_route=\/wp\/v2\/users\/2"}],"replies":[{"embeddable":true,"href":"https:\/\/fleschmazowsza.com.pl\/index.php?rest_route=%2Fwp%2Fv2%2Fcomments&post=1527"}],"version-history":[{"count":1,"href":"https:\/\/fleschmazowsza.com.pl\/index.php?rest_route=\/wp\/v2\/posts\/1527\/revisions"}],"predecessor-version":[{"id":1528,"href":"https:\/\/fleschmazowsza.com.pl\/index.php?rest_route=\/wp\/v2\/posts\/1527\/revisions\/1528"}],"wp:featuredmedia":[{"embeddable":true,"href":"https:\/\/fleschmazowsza.com.pl\/index.php?rest_route=\/wp\/v2\/media\/344"}],"wp:attachment":[{"href":"https:\/\/fleschmazowsza.com.pl\/index.php?rest_route=%2Fwp%2Fv2%2Fmedia&parent=1527"}],"wp:term":[{"taxonomy":"category","embeddable":true,"href":"https:\/\/fleschmazowsza.com.pl\/index.php?rest_route=%2Fwp%2Fv2%2Fcategories&post=1527"},{"taxonomy":"post_tag","embeddable":true,"href":"https:\/\/fleschmazowsza.com.pl\/index.php?rest_route=%2Fwp%2Fv2%2Ftags&post=1527"}],"curies":[{"name":"wp","href":"https:\/\/api.w.org\/{rel}","templated":true}]}}