{"id":1524,"date":"2017-07-10T14:00:17","date_gmt":"2017-07-10T13:00:17","guid":{"rendered":"http:\/\/fleschmazowsza.com.pl\/?p=1524"},"modified":"2017-07-10T14:00:17","modified_gmt":"2017-07-10T13:00:17","slug":"milanowek-wybory-uzupelniajace-do-rady","status":"publish","type":"post","link":"https:\/\/fleschmazowsza.com.pl\/?p=1524","title":{"rendered":"MILAN\u00d3WEK. Wybory uzupe\u0142niaj\u0105ce do rady"},"content":{"rendered":"<p><strong>Podczas czerwcowej sesji rady miasta Milan\u00f3wka wygaszony zosta\u0142 mandat radnego Witolda Rytwi\u0144skiego. Radny straci\u0142 mandat gdy\u017c nie z\u0142o\u017cy\u0142 wymaganego prawem o\u015bwiadczenia maj\u0105tkowego.<\/strong><\/p>\n<p>Reprezentuj\u0105cy Stowarzyszenie Porozumienie Samorz\u0105dowe \u201eMilan\u00f3wek Dzi\u015b i Jutro\u201d Witold Rytwi\u0144ski zosta\u0142 wybrany w okr\u0119gu nr 10. W radzie miejskiej pe\u0142ni\u0142 funkcje Przewodnicz\u0105cego Komisji Praworz\u0105dno\u015bci, Bezpiecze\u0144stwa Publicznego i \u0141adu Przestrzennego. By\u0142a tak\u017ce cz\u0142onkiem komisji Bud\u017cetu i Inwestycji oraz Kultury.<\/p>\n<p>Poniewa\u017c wype\u0142ni\u0142 obowi\u0105zku z\u0142o\u017cenia o\u015bwiadczenia maj\u0105tkowego, do czego wszystkich samorz\u0105dowc\u00f3w zobowi\u0105zuje prawo, na sesji Rady Miasta Milan\u00f3wka 22 czerwca podj\u0119to wi\u0119c uchwa\u0142\u0119 o wygaszeniu jego mandatu.<br \/>\nOznacza to, \u017ce prawdopodobnie jesieni\u0105 mieszka\u0144cy okr\u0119gu nr 10 b\u0119d\u0105 dokonywa\u0107 ponownego wyboru swojego przedstawiciela w radzie.<\/p>\n<p style=\"text-align: right;\"><strong>(mg)<\/strong><\/p>\n","protected":false},"excerpt":{"rendered":"<p>Podczas czerwcowej sesji rady miasta Milan\u00f3wka wygaszony zosta\u0142 mandat radnego Witolda Rytwi\u0144skiego. Radny straci\u0142 mandat gdy\u017c nie z\u0142o\u017cy\u0142 wymaganego prawem o\u015bwiadczenia maj\u0105tkowego. Reprezentuj\u0105cy Stowarzyszenie Porozumienie Samorz\u0105dowe \u201eMilan\u00f3wek Dzi\u015b i Jutro\u201d Witold Rytwi\u0144ski zosta\u0142 wybrany w okr\u0119gu nr 10. W radzie miejskiej pe\u0142ni\u0142 funkcje Przewodnicz\u0105cego Komisji Praworz\u0105dno\u015bci, Bezpiecze\u0144stwa Publicznego i \u0141adu Przestrzennego. By\u0142a tak\u017ce cz\u0142onkiem komisji [&hellip;]<\/p>\n","protected":false},"author":2,"featured_media":1525,"comment_status":"closed","ping_status":"open","sticky":false,"template":"","format":"standard","meta":{"footnotes":""},"categories":[8,5],"tags":[],"class_list":["post-1524","post","type-post","status-publish","format-standard","has-post-thumbnail","hentry","category-roznosci","category-wiadomosci"],"_links":{"self":[{"href":"https:\/\/fleschmazowsza.com.pl\/index.php?rest_route=\/wp\/v2\/posts\/1524","targetHints":{"allow":["GET"]}}],"collection":[{"href":"https:\/\/fleschmazowsza.com.pl\/index.php?rest_route=\/wp\/v2\/posts"}],"about":[{"href":"https:\/\/fleschmazowsza.com.pl\/index.php?rest_route=\/wp\/v2\/types\/post"}],"author":[{"embeddable":true,"href":"https:\/\/fleschmazowsza.com.pl\/index.php?rest_route=\/wp\/v2\/users\/2"}],"replies":[{"embeddable":true,"href":"https:\/\/fleschmazowsza.com.pl\/index.php?rest_route=%2Fwp%2Fv2%2Fcomments&post=1524"}],"version-history":[{"count":1,"href":"https:\/\/fleschmazowsza.com.pl\/index.php?rest_route=\/wp\/v2\/posts\/1524\/revisions"}],"predecessor-version":[{"id":1526,"href":"https:\/\/fleschmazowsza.com.pl\/index.php?rest_route=\/wp\/v2\/posts\/1524\/revisions\/1526"}],"wp:featuredmedia":[{"embeddable":true,"href":"https:\/\/fleschmazowsza.com.pl\/index.php?rest_route=\/wp\/v2\/media\/1525"}],"wp:attachment":[{"href":"https:\/\/fleschmazowsza.com.pl\/index.php?rest_route=%2Fwp%2Fv2%2Fmedia&parent=1524"}],"wp:term":[{"taxonomy":"category","embeddable":true,"href":"https:\/\/fleschmazowsza.com.pl\/index.php?rest_route=%2Fwp%2Fv2%2Fcategories&post=1524"},{"taxonomy":"post_tag","embeddable":true,"href":"https:\/\/fleschmazowsza.com.pl\/index.php?rest_route=%2Fwp%2Fv2%2Ftags&post=1524"}],"curies":[{"name":"wp","href":"https:\/\/api.w.org\/{rel}","templated":true}]}}