{"id":1512,"date":"2017-07-07T14:04:31","date_gmt":"2017-07-07T13:04:31","guid":{"rendered":"http:\/\/fleschmazowsza.com.pl\/?p=1512"},"modified":"2017-07-07T14:04:31","modified_gmt":"2017-07-07T13:04:31","slug":"czy-ferma-oldar-falszowala-daty-waznosci-jaj","status":"publish","type":"post","link":"https:\/\/fleschmazowsza.com.pl\/?p=1512","title":{"rendered":"Czy Ferma Oldar fa\u0142szowa\u0142a daty wa\u017cno\u015bci jaj?"},"content":{"rendered":"<p><strong>Dziennikarze programu \u201eUwaga!\u201d TVN podj\u0119li incognito prac\u0119 w zak\u0142adzie produkcji jaj nale\u017c\u0105cym do Fermy Oldar ujawniaj\u0105c szereg nieprawid\u0142owo\u015bci. Producent \u201eJaj z Soko\u0142owa\u201d nast\u0119pnego dnia po emisji programu wyda\u0142 o\u015bwiadczenie, w kt\u00f3rym oskar\u017ca TVN o manipulacj\u0119.<\/strong><\/p>\n<p>Jak podali dziennikarze \u201eUwaga!\u201d TVN w materiale wyemitowanym 21 czerwca, podczas pracy w Fermie Oldar, reporterzy mieli za zadanie sfa\u0142szowanie daty przydatno\u015bci do spo\u017cycia partii jaj, kt\u00f3rych nie uda\u0142o si\u0119 sprzeda\u0107 w terminie.<\/p>\n<p style=\"text-align: center;\"><strong>Szokuj\u0105cy materia\u0142 TVN<\/strong><\/p>\n<p>Nielegalny zabieg przed\u0142u\u017ca\u0142 ich termin wa\u017cno\u015bci o kolejne kilka tygodni. Ponadto, na hali pojawi\u0142a si\u0119 prezes firmy, kt\u00f3ra w opinii reporter\u00f3w, nie zareagowa\u0142a na trwaj\u0105c\u0105 tam procedur\u0119.<\/p>\n<p>W dalszej cz\u0119\u015bci materia\u0142u dziennikarze TVN opisali proceder handlu tzw. \u201eczarnymi jajami\u201d &#8211; jajami niezdatnymi do spo\u017cycia. Co wi\u0119cej, zdaniem dziennikarzy programu \u201eUwaga!\u201d pracownicy fermy sugerowali im mo\u017cliwo\u015b\u0107 zakupienia ksi\u0105\u017ceczki sanepidowskiej w Internecie.<\/p>\n<p>W opublikowanym 22 czerwca o\u015bwiadczeniu Prezes Fermy Oldar, Aleksandra D\u0119bska, przeprasza kontrahent\u00f3w sp\u00f3\u0142ki za zaistnia\u0142\u0105 sytuacj\u0119 i oskar\u017ca dziennikarzy TVN o manipulacj\u0119.<\/p>\n<p style=\"text-align: center;\"><strong>Ferma oskar\u017ca dziennikarzy o manipulacj\u0119<\/strong><\/p>\n<p>&#8211; Wyra\u017camy ubolewanie, \u017ce w wyemitowanym programie podane zosta\u0142y informacje, kt\u00f3re poddaj\u0105 w w\u0105tpliwo\u015b\u0107 procedury dotycz\u0105ce bezpiecze\u0144stwa i jako\u015bci w naszej firmie (\u2026). Ka\u017cdy pracownik Fermy Oldar zobowi\u0105zany jest do przedstawienia wa\u017cnej ksi\u0105\u017ceczki sanepidowskiej. Mamy \u015bwiadomo\u015b\u0107 tego, \u017ce jest to kluczowy element wymagany w przypadku prowadzenia dzia\u0142alno\u015bci zwi\u0105zanej z produkcj\u0105 \u017cywno\u015bci. Jeste\u015bmy w stanie udokumentowa\u0107 wa\u017cno\u015b\u0107 ksi\u0105\u017ceczek zdrowia wszystkich pracownik\u00f3w naszej firmy, u kt\u00f3rych wymagany jest ten dokument. Jednak zaniepokojeni wypowiedzi\u0105 naszego pracownika postanowili\u015bmy dodatkowo zweryfikowa\u0107 ich wa\u017cno\u015b\u0107 poprzez skontrolowanie ich prawdziwo\u015bci w instytucjach, kt\u00f3re je wyda\u0142y \u2013 przekazuje w o\u015bwiadczeniu Prezes Aleksandra D\u0119bska.<\/p>\n<p>Co wi\u0119cej, jak podaje Ferma Oldar, wszystkie skandaliczne i szokuj\u0105ce zdj\u0119cia oraz uj\u0119cia z jajami wyl\u0119gowymi i z p\u0142odami kurcz\u0105t pokazane w materiale TVN nie maj\u0105 nic wsp\u00f3lnego z Ferm\u0105 Oldar. Uj\u0119cia te nie zosta\u0142y nagrane na terenie zak\u0142adu.<\/p>\n<p style=\"text-align: center;\"><strong>Kontrola Inspekcji Weterynaryjnej w Pruszkowie<\/strong><\/p>\n<p>Na terenie fermy zosta\u0142a przeprowadzona urz\u0119dowa kontrola Inspekcji Weterynaryjnej w Pruszkowie. Jej wyniki zaprzeczaj\u0105 zarzutom stawianym zak\u0142adowi Oldar w materiale wyemitowanym w programie \u201eUwaga!\u201d TVN. W zwi\u0105zku z tym, decyzj\u0105 Powiatowego Lekarza Weterynarii w Pruszkowie w ca\u0142o\u015bci umorzono post\u0119powanie prowadzone wobec Fermy Oldar.<\/p>\n<p>&#8211; Wydana decyzja potwierdza, i\u017c proces produkcyjny w Fermie Oldar zapewnia bezpiecze\u0144stwo produktu \u2013 jaj i masy jajecznej \u2013 m\u00f3wi Aleksandra D\u0119bska, Prezes Fermy Oldar. \u2013 Zapewniamy wszystkich naszych Partner\u00f3w, \u017ce produkty Fermy Oldar niezmiennie maj\u0105 najwy\u017csz\u0105 jako\u015b\u0107, a Pa\u0144stwa bezpiecze\u0144stwo, zdrowie i zadowolenie ze wsp\u00f3\u0142pracy z nami jest dla nas nieustannym priorytetem \u2013 dodaje.<\/p>\n<p>W odpowiedzi na pr\u00f3by bezprawnego dzia\u0142ania na szkod\u0119 wizerunku firmy, Ferma Oldar zapowiada podj\u0119cie wszelkich mo\u017cliwych krok\u00f3w prawnych w celu obrony swojego dobrego imienia i wyci\u0105gni\u0119cia konsekwencji wobec os\u00f3b i podmiot\u00f3w dzia\u0142aj\u0105cych na jej szkod\u0119.<\/p>\n<p style=\"text-align: right;\">Tekst i foto:<\/p>\n<p style=\"text-align: right;\"><strong>Kinga Rochalska<\/strong><\/p>\n","protected":false},"excerpt":{"rendered":"<p>Dziennikarze programu \u201eUwaga!\u201d TVN podj\u0119li incognito prac\u0119 w zak\u0142adzie produkcji jaj nale\u017c\u0105cym do Fermy Oldar ujawniaj\u0105c szereg nieprawid\u0142owo\u015bci. Producent \u201eJaj z Soko\u0142owa\u201d nast\u0119pnego dnia po emisji programu wyda\u0142 o\u015bwiadczenie, w kt\u00f3rym oskar\u017ca TVN o manipulacj\u0119. Jak podali dziennikarze \u201eUwaga!\u201d TVN w materiale wyemitowanym 21 czerwca, podczas pracy w Fermie Oldar, reporterzy mieli za zadanie sfa\u0142szowanie [&hellip;]<\/p>\n","protected":false},"author":2,"featured_media":1513,"comment_status":"closed","ping_status":"open","sticky":false,"template":"","format":"standard","meta":{"footnotes":""},"categories":[5],"tags":[],"class_list":["post-1512","post","type-post","status-publish","format-standard","has-post-thumbnail","hentry","category-wiadomosci"],"_links":{"self":[{"href":"https:\/\/fleschmazowsza.com.pl\/index.php?rest_route=\/wp\/v2\/posts\/1512","targetHints":{"allow":["GET"]}}],"collection":[{"href":"https:\/\/fleschmazowsza.com.pl\/index.php?rest_route=\/wp\/v2\/posts"}],"about":[{"href":"https:\/\/fleschmazowsza.com.pl\/index.php?rest_route=\/wp\/v2\/types\/post"}],"author":[{"embeddable":true,"href":"https:\/\/fleschmazowsza.com.pl\/index.php?rest_route=\/wp\/v2\/users\/2"}],"replies":[{"embeddable":true,"href":"https:\/\/fleschmazowsza.com.pl\/index.php?rest_route=%2Fwp%2Fv2%2Fcomments&post=1512"}],"version-history":[{"count":1,"href":"https:\/\/fleschmazowsza.com.pl\/index.php?rest_route=\/wp\/v2\/posts\/1512\/revisions"}],"predecessor-version":[{"id":1514,"href":"https:\/\/fleschmazowsza.com.pl\/index.php?rest_route=\/wp\/v2\/posts\/1512\/revisions\/1514"}],"wp:featuredmedia":[{"embeddable":true,"href":"https:\/\/fleschmazowsza.com.pl\/index.php?rest_route=\/wp\/v2\/media\/1513"}],"wp:attachment":[{"href":"https:\/\/fleschmazowsza.com.pl\/index.php?rest_route=%2Fwp%2Fv2%2Fmedia&parent=1512"}],"wp:term":[{"taxonomy":"category","embeddable":true,"href":"https:\/\/fleschmazowsza.com.pl\/index.php?rest_route=%2Fwp%2Fv2%2Fcategories&post=1512"},{"taxonomy":"post_tag","embeddable":true,"href":"https:\/\/fleschmazowsza.com.pl\/index.php?rest_route=%2Fwp%2Fv2%2Ftags&post=1512"}],"curies":[{"name":"wp","href":"https:\/\/api.w.org\/{rel}","templated":true}]}}