{"id":1509,"date":"2017-07-07T13:38:05","date_gmt":"2017-07-07T12:38:05","guid":{"rendered":"http:\/\/fleschmazowsza.com.pl\/?p=1509"},"modified":"2017-07-07T13:38:05","modified_gmt":"2017-07-07T12:38:05","slug":"ewakuacja-mieszkancow-bloku-przy-ul-sosnkowskiego-9","status":"publish","type":"post","link":"https:\/\/fleschmazowsza.com.pl\/?p=1509","title":{"rendered":"Ewakuacja mieszka\u0144c\u00f3w bloku przy ul. Sosnkowskiego 9"},"content":{"rendered":"<p><strong>W bloku przy ul. Sosnkowskiego 9 w warszawskim Ursusie eksplodowa\u0142 granat. Ewakuowano 80 os\u00f3b. O podrzucenie przedmiotu na wycieraczk\u0119 jednego z mieszka\u0144 podejrzewany jest 41-letni mieszkaniec Pruszkowa.<\/strong><\/p>\n<p>W \u015brod\u0119, 28 czerwca do policjant\u00f3w dotar\u0142o niepokoj\u0105ce zg\u0142oszenie. Dotyczy\u0142o ono niebezpiecznego przedmiotu pod\u0142o\u017conego na wycieraczk\u0119 w bloku przy ul. Sosnowskiego 9 w warszawskim Ursusie.<br \/>\nNiekontrolowany wybuch<br \/>\n\u2013 Na klatce schodowej jednego z blok\u00f3w mieszkalnych, na czwartym pi\u0119trze, znaleziono podejrzany pakunek. Powiadomiono policj\u0119. Na miejsce natychmiast wys\u0142anych zosta\u0142o kilka patroli oraz funkcjonariusze SPAP (Samodzielny Pododdzia\u0142 Antyterrorystyczny Policji), kt\u00f3rzy mieli sprawdzi\u0107 pakunek pod k\u0105tem pirotechnicznym \u2013 m\u00f3wi podkomisarz Sylwester Marczak, rzecznik Komendy Sto\u0142ecznej Policji.<br \/>\nPierwsza decyzja policji dotyczy\u0142a ewakuacji lokator\u00f3w. Przeprowadzono j\u0105 wsp\u00f3lnie ze stra\u017c\u0105 po\u017carn\u0105. Ostatecznie blok opu\u015bci\u0142o blisko 80 os\u00f3b. Kilka os\u00f3b z uwagi na wiek i stan zdrowia nie by\u0142o w stanie uczyni\u0107 tego o w\u0142asnych si\u0142ach.<br \/>\nZ uwagi na padaj\u0105cy deszcz, mieszka\u0144cy mieli zapewnione schronienie w pobliskiej szkole oraz na komisariacie policji. P\u00f3\u017aniejsze wydarzenia potwierdzi\u0142y s\u0142uszno\u015b\u0107 decyzji o ewakuacji.<br \/>\n&#8211; W trakcie czynno\u015bci dosz\u0142o do niekontrolowanego wybuchu \u2013 informuje podkom. Sylwester Marczak.<br \/>\nWed\u0142ug nieoficjalnych informacji, do eksplozji dosz\u0142o w momencie, gdy pirotechnicy przy pomocy specjalistycznego robota pr\u00f3bowali usun\u0105\u0107 podejrzany przedmiot, kt\u00f3ry mia\u0142 wypa\u015b\u0107 z chwytaka. Policja nie potwierdza doniesie\u0144.<br \/>\nZatrzymano podejrzanego<br \/>\nPo po\u0142udniu policja zezwoli\u0142a na powr\u00f3t do mieszka\u0144 lokatorom budynku. Jak twierdz\u0105 mieszka\u0144cy, to nie pierwszy przypadek, gdy znaleziono podejrzany pakunek pod drzwiami tego samego mieszkania. W grudniu ubieg\u0142ego roku kto\u015b r\u00f3wnie\u017c zostawi\u0142 podejrzany przedmiot na klatce schodowej, w\u00f3wczas okaza\u0142o si\u0119, \u017ce by\u0142a to atrapa granatu.<br \/>\nPolicjanci z wydzia\u0142u do walki z terrorem kryminalnym i zab\u00f3jstw Komendy Sto\u0142ecznej Policji od samego pocz\u0105tku bardzo intensywnie pracowali nad ustaleniem osoby, kt\u00f3ra pod\u0142o\u017cy\u0142a niebezpieczny przedmiot na wycieraczk\u0119 mieszkania. Szybko wpadli na trop podejrzanego. Kilka godzin po zako\u0144czeniu czynno\u015bci przy ul. Sosnkowskiego, policjanci zatrzymali 41-letniego mieszka\u0144ca Pruszkowa. M\u0119\u017cczyzna by\u0142 wcze\u015bniej notowany w kartotekach policyjnych. W trakcie zatrzymania by\u0142 zaskoczony i nie stawia\u0142 oporu. M\u0119\u017cczyzna us\u0142ysza\u0142 zarzut usi\u0142owania zab\u00f3jstwa, za co grozi kara 25 lat pozbawienia wolno\u015bci lub do\u017cywocia.<br \/>\nZebrany materia\u0142 dowodowy uprawdopodobni\u0142 pope\u0142nienie przest\u0119pstwa, dlatego s\u0105d podj\u0105\u0142 decyzj\u0119 o zastosowaniu \u015brodka zapobiegawczego w postaci tymczasowego aresztowania na okres trzech miesi\u0119cy.<\/p>\n<p style=\"text-align: right;\"><strong>Kinga Rochalska<\/strong><br \/>\nFot.<strong> <em>www.policja.waw.pl.<\/em><\/strong><\/p>\n","protected":false},"excerpt":{"rendered":"<p>W bloku przy ul. Sosnkowskiego 9 w warszawskim Ursusie eksplodowa\u0142 granat. Ewakuowano 80 os\u00f3b. O podrzucenie przedmiotu na wycieraczk\u0119 jednego z mieszka\u0144 podejrzewany jest 41-letni mieszkaniec Pruszkowa. W \u015brod\u0119, 28 czerwca do policjant\u00f3w dotar\u0142o niepokoj\u0105ce zg\u0142oszenie. Dotyczy\u0142o ono niebezpiecznego przedmiotu pod\u0142o\u017conego na wycieraczk\u0119 w bloku przy ul. Sosnowskiego 9 w warszawskim Ursusie. Niekontrolowany wybuch \u2013 [&hellip;]<\/p>\n","protected":false},"author":2,"featured_media":1510,"comment_status":"closed","ping_status":"open","sticky":false,"template":"","format":"standard","meta":{"footnotes":""},"categories":[5],"tags":[],"class_list":["post-1509","post","type-post","status-publish","format-standard","has-post-thumbnail","hentry","category-wiadomosci"],"_links":{"self":[{"href":"https:\/\/fleschmazowsza.com.pl\/index.php?rest_route=\/wp\/v2\/posts\/1509","targetHints":{"allow":["GET"]}}],"collection":[{"href":"https:\/\/fleschmazowsza.com.pl\/index.php?rest_route=\/wp\/v2\/posts"}],"about":[{"href":"https:\/\/fleschmazowsza.com.pl\/index.php?rest_route=\/wp\/v2\/types\/post"}],"author":[{"embeddable":true,"href":"https:\/\/fleschmazowsza.com.pl\/index.php?rest_route=\/wp\/v2\/users\/2"}],"replies":[{"embeddable":true,"href":"https:\/\/fleschmazowsza.com.pl\/index.php?rest_route=%2Fwp%2Fv2%2Fcomments&post=1509"}],"version-history":[{"count":1,"href":"https:\/\/fleschmazowsza.com.pl\/index.php?rest_route=\/wp\/v2\/posts\/1509\/revisions"}],"predecessor-version":[{"id":1511,"href":"https:\/\/fleschmazowsza.com.pl\/index.php?rest_route=\/wp\/v2\/posts\/1509\/revisions\/1511"}],"wp:featuredmedia":[{"embeddable":true,"href":"https:\/\/fleschmazowsza.com.pl\/index.php?rest_route=\/wp\/v2\/media\/1510"}],"wp:attachment":[{"href":"https:\/\/fleschmazowsza.com.pl\/index.php?rest_route=%2Fwp%2Fv2%2Fmedia&parent=1509"}],"wp:term":[{"taxonomy":"category","embeddable":true,"href":"https:\/\/fleschmazowsza.com.pl\/index.php?rest_route=%2Fwp%2Fv2%2Fcategories&post=1509"},{"taxonomy":"post_tag","embeddable":true,"href":"https:\/\/fleschmazowsza.com.pl\/index.php?rest_route=%2Fwp%2Fv2%2Ftags&post=1509"}],"curies":[{"name":"wp","href":"https:\/\/api.w.org\/{rel}","templated":true}]}}