{"id":1499,"date":"2017-06-29T13:10:54","date_gmt":"2017-06-29T12:10:54","guid":{"rendered":"http:\/\/fleschmazowsza.com.pl\/?p=1499"},"modified":"2017-06-29T13:10:54","modified_gmt":"2017-06-29T12:10:54","slug":"dojazdy-trasa-a2-poszerzy-sie-o-dodatkowy-pas","status":"publish","type":"post","link":"https:\/\/fleschmazowsza.com.pl\/?p=1499","title":{"rendered":"DOJAZDY. Trasa A2 poszerzy si\u0119 o dodatkowy pas"},"content":{"rendered":"<p><strong>Ministerstwo Infrastruktury i Budownictwa zapowiedzia\u0142o rozpocz\u0119cie prac przygotowawczych, kt\u00f3re pozwol\u0105 na poszerzenie autostrady A2 pomi\u0119dzy \u0141odzi\u0105 a Warszaw\u0105 o dodatkowy trzeci pas ruchu. Na efekty tych prac b\u0119dziemy musieli poczeka\u0107 kilka lat.<\/strong><\/p>\n<p>Mimo, i\u017c trasa A2 zosta\u0142a oddana do u\u017cytku dopiero pi\u0119\u0107 lat temu, w godzinach szczytu prze\u017cywa parali\u017c komunikacyjny. Propozycj\u0119 usprawnienia ruchu na autostradzie zapowiada Ministerstwo Infrastruktury i Budownictwa.<\/p>\n<p>&#8211; Jeste\u015bmy bardzo bliscy rozpocz\u0119cia prac maj\u0105cych na celu zwi\u0119kszenie ilo\u015bci pas\u00f3w na odcinku autostrady A2 pomi\u0119dzy \u0141odzi\u0105 a Warszaw\u0105. Ta droga wyczerpuje powoli swoje mo\u017cliwo\u015bci techniczne \u2013 poinformowa\u0142 Minister Infrastruktury i Budownictwa, Andrzej Adamczyk.<\/p>\n<p>Ministerstwo zapowiedzia\u0142o rozpocz\u0119cie prac nad dokumentacj\u0105, kt\u00f3ra poka\u017ce, w kt\u00f3rych miejscach mo\u017cliwe b\u0119dzie poszerzenie autostrady.<\/p>\n<p>&#8211; Najpierw musi by\u0107 dokumentacja, czyli musimy wykona\u0107 prace przygotowawcze. Ta droga by\u0142a planowana ponad 20 lat temu i na tamte warunki by\u0142a znakomita. Teraz musimy zleci\u0107 Generalnej Dyrekcji Dr\u00f3g Krajowych i Autostrad przygotowanie tych wst\u0119pnych dokument\u00f3w dotycz\u0105cych rozpocz\u0119cia procesu inwestycyjnego \u2013 komentuje Wiceminister Infrastruktury i Budownictwa, Jerzy Szmit.<br \/>\nJak d\u0142ugo b\u0119dziemy musieli czeka\u0107 na efekty prac?<\/p>\n<p>Jak wyja\u015bnia Ministerstwo, za oko\u0142o cztery lata nale\u017cy spodziewa\u0107 si\u0119 kolejnych etap\u00f3w procesu zmierzaj\u0105cego do poszerzenia A2 pomi\u0119dzy \u0141odzi\u0105 a Warszaw\u0105, a wreszcie samych prac budowlanych.<\/p>\n<p>Wszystko wskazuje wi\u0119c na to, \u017ce nowego pasa ruchu mo\u017cemy spodziewa\u0107 si\u0119 nie wcze\u015bniej ni\u017c w 2022 roku.<\/p>\n<p style=\"text-align: right;\"><strong>Kinga Rochalska<\/strong><\/p>\n","protected":false},"excerpt":{"rendered":"<p>Ministerstwo Infrastruktury i Budownictwa zapowiedzia\u0142o rozpocz\u0119cie prac przygotowawczych, kt\u00f3re pozwol\u0105 na poszerzenie autostrady A2 pomi\u0119dzy \u0141odzi\u0105 a Warszaw\u0105 o dodatkowy trzeci pas ruchu. Na efekty tych prac b\u0119dziemy musieli poczeka\u0107 kilka lat. Mimo, i\u017c trasa A2 zosta\u0142a oddana do u\u017cytku dopiero pi\u0119\u0107 lat temu, w godzinach szczytu prze\u017cywa parali\u017c komunikacyjny. Propozycj\u0119 usprawnienia ruchu na autostradzie [&hellip;]<\/p>\n","protected":false},"author":2,"featured_media":1500,"comment_status":"closed","ping_status":"open","sticky":false,"template":"","format":"standard","meta":{"footnotes":""},"categories":[5],"tags":[],"class_list":["post-1499","post","type-post","status-publish","format-standard","has-post-thumbnail","hentry","category-wiadomosci"],"_links":{"self":[{"href":"https:\/\/fleschmazowsza.com.pl\/index.php?rest_route=\/wp\/v2\/posts\/1499","targetHints":{"allow":["GET"]}}],"collection":[{"href":"https:\/\/fleschmazowsza.com.pl\/index.php?rest_route=\/wp\/v2\/posts"}],"about":[{"href":"https:\/\/fleschmazowsza.com.pl\/index.php?rest_route=\/wp\/v2\/types\/post"}],"author":[{"embeddable":true,"href":"https:\/\/fleschmazowsza.com.pl\/index.php?rest_route=\/wp\/v2\/users\/2"}],"replies":[{"embeddable":true,"href":"https:\/\/fleschmazowsza.com.pl\/index.php?rest_route=%2Fwp%2Fv2%2Fcomments&post=1499"}],"version-history":[{"count":1,"href":"https:\/\/fleschmazowsza.com.pl\/index.php?rest_route=\/wp\/v2\/posts\/1499\/revisions"}],"predecessor-version":[{"id":1501,"href":"https:\/\/fleschmazowsza.com.pl\/index.php?rest_route=\/wp\/v2\/posts\/1499\/revisions\/1501"}],"wp:featuredmedia":[{"embeddable":true,"href":"https:\/\/fleschmazowsza.com.pl\/index.php?rest_route=\/wp\/v2\/media\/1500"}],"wp:attachment":[{"href":"https:\/\/fleschmazowsza.com.pl\/index.php?rest_route=%2Fwp%2Fv2%2Fmedia&parent=1499"}],"wp:term":[{"taxonomy":"category","embeddable":true,"href":"https:\/\/fleschmazowsza.com.pl\/index.php?rest_route=%2Fwp%2Fv2%2Fcategories&post=1499"},{"taxonomy":"post_tag","embeddable":true,"href":"https:\/\/fleschmazowsza.com.pl\/index.php?rest_route=%2Fwp%2Fv2%2Ftags&post=1499"}],"curies":[{"name":"wp","href":"https:\/\/api.w.org\/{rel}","templated":true}]}}