{"id":1494,"date":"2017-06-29T13:03:52","date_gmt":"2017-06-29T12:03:52","guid":{"rendered":"http:\/\/fleschmazowsza.com.pl\/?p=1494"},"modified":"2017-06-29T13:03:52","modified_gmt":"2017-06-29T12:03:52","slug":"nie-jestesmy-herosami","status":"publish","type":"post","link":"https:\/\/fleschmazowsza.com.pl\/?p=1494","title":{"rendered":"NIE JESTE\u015aMY HEROSAMI"},"content":{"rendered":"<p><strong>W sobot\u0119 17 czerwca 2017 o godz. 14.00 w centrum Grodziska Mazowieckiego rozpocz\u0105\u0142 si\u0119 Marsz \u201eR\u00f3\u017cni a R\u00f3wni\u201d. Wydarzenie zorganizowane zosta\u0142o w ramach Powiatowego Programu Ochrony Zdrowia Psychicznego Powiatu Grodziskiego.<\/strong><\/p>\n<p>Ide\u0105 marszu, odbywaj\u0105cego si\u0119 rokrocznie w Grodzisku, jest zamanifestowanie solidarno\u015bci z osobami niepe\u0142nosprawnymi oraz promowanie akceptacji dla niepe\u0142nosprawno\u015bci we wszelkich jej przejawach: intelektualnej, fizycznej i psychicznej.<\/p>\n<p style=\"text-align: center;\"><strong>Tu nie ma Rambo<\/strong><\/p>\n<p>Uczestnicy marszu zgromadzili si\u0119 na grodziskim deptaku, pod pomnikiem J\u00f3zefa Che\u0142mo\u0144skiego. Patronuj\u0105cy marszowi Starosta Powiatu Grodziskiego Marek Wie\u017cbicki w kr\u00f3tkim wyst\u0105pieniu wyrazi\u0142 my\u015bl, \u017ce akceptacja niepe\u0142nosprawno\u015bci to r\u00f3wnie\u017c akceptacja nas samych \u2013 naszych s\u0142abo\u015bci, kt\u00f3re nam towarzysz\u0105 w \u017cyciu i sprawiaj\u0105, \u017ce bynajmniej nie przypominamy telewizyjnych heros\u00f3w, kreowanych przez media. \u201eNie ma w\u015br\u00f3d nas Rambo.\u201d<\/p>\n<p>Z kolei Burmistrz Grodziska Mazowieckiego Grzegorz Benedykci\u0144ski zaprosi\u0142 osoby niepe\u0142nosprawne do uczestnictwa w pracach na rzecz rozwoju gminy. Zaproponowa\u0142, aby bezpo\u015brednio do niego, \u201eod zaraz\u201d, zg\u0142asza\u0107 pomys\u0142y zaj\u0119\u0107 czy prac, w jakich chcieliby bra\u0107 udzia\u0142 niepe\u0142nosprawni.<\/p>\n<p style=\"text-align: center;\"><strong>Do Parku Skarbk\u00f3w<\/strong><\/p>\n<p>Nast\u0119pnie marsz prowadzony przez werblistki w bia\u0142o-granatowych mundurkach, w rytmie nadawanym przez werble, wyruszy\u0142 uliczkami w kierunku Parku Skarbk\u00f3w \u2013 sz\u0142y osoby niepe\u0142nosprawne, ich rodziny i opiekunowie, sympatycy idei, wolontariusze, przedstawiciele w\u0142adz samorz\u0105dowych i plac\u00f3wek opieku\u0144czych.<\/p>\n<p style=\"text-align: center;\"><strong>Jeste\u015bmy bra\u0107mi, jeste\u015bmy rodzin\u0105<\/strong><\/p>\n<p>W Parku Skarbk\u00f3w oczekiwa\u0142y na przyby\u0142ych liczne atrakcje. Odby\u0142o si\u0119 uroczyste rozstrzygni\u0119cie konkursu plastycznego na plakat pod has\u0142em \u201eR\u00f3\u017cni a R\u00f3wni \u2013 wspieram, pomagam, akceptuj\u0119\u201d. Z kilkudziesi\u0119ciu prac, kt\u00f3re wp\u0142yn\u0119\u0142y na konkurs, wybrane zosta\u0142y i wyeksponowane bajecznie kolorowe plakaty promuj\u0105ce ide\u0119.<\/p>\n<p>Wyr\u00f3\u017cnienia i nagrody wr\u0119czy\u0142 wykonawcom Przewodnicz\u0105cy Rady Powiatu Jerzy Terlikowski, zwracaj\u0105c uwag\u0119, \u017ce grodziski Park Skarbk\u00f3w jest w\u0142a\u015bnie tym miejscem w naszej wsp\u00f3lnej przestrzeni, kt\u00f3re \u0142\u0105czy r\u00f3\u017cnych ludzi.<\/p>\n<p>\u2013 Wszyscy jeste\u015bmy bra\u0107mi, wszyscy jeste\u015bmy jedn\u0105 rodzin\u0105 \u2013 m\u00f3wi\u0142 samorz\u0105dowiec.<\/p>\n<p style=\"text-align: center;\"><strong>Uzdolnieni niepe\u0142nosprawni<\/strong><\/p>\n<p>Po rozdaniu nagr\u00f3d rozpocz\u0119\u0142y si\u0119 wyst\u0119py wokalne i taneczne. Na szczeg\u00f3ln\u0105 wzmiank\u0119 zas\u0142uguje wyst\u0119p czw\u00f3rki podopiecznych \u015arodowiskowego Domu Samopomocy w Podkowie Le\u015bnej, kt\u00f3re za\u015bpiewa\u0142y legendarn\u0105 piosenk\u0119 z repertuaru Czerwonych Gitar \u201eAnna Maria\u201d.<\/p>\n<p>W zwi\u0105zku z Marszem \u201eR\u00f3\u017cni a R\u00f3wni\u201d w Parku Skarbk\u00f3w przygotowano r\u00f3wnie\u017c mini \u201eTargi Sztuki\u201d \u2013 na stoiskach zorganizowanych przez plac\u00f3wki opieku\u0144cze z terenu powiatu grodziskiego mo\u017cna by\u0142o kupi\u0107 prace plastyczne i r\u0119kodzielnicze, b\u0119d\u0105ce dzie\u0142em uzdolnionych podopiecznych tych plac\u00f3wek.<\/p>\n<p>Dom Pomocy Spo\u0142ecznej w Izdebnie Ko\u015bcielnym zaprezentowa\u0142 wyroby r\u0119kodzielnicze, m.in. wspania\u0142e, wzorzyste, r\u0119cznie dziergane serwety w r\u00f3\u017cnych kolorach. \u015arodowiskowy Dom Samopomocy w Podkowie Le\u015bnej oraz Warsztat Terapii Zaj\u0119ciowej w Milan\u00f3wku zaprezentowa\u0142y efektowne ceramiczne naczynia i anio\u0142y, pi\u0119kne bibeloty i szkatu\u0142ki zdobione metod\u0105 decoupage oraz wzruszaj\u0105ce pluszowe maskotki.<\/p>\n<p style=\"text-align: right;\">Tekst i foto:<\/p>\n<p style=\"text-align: right;\"><strong>Sylwia Pa\u0144k\u00f3w<\/strong><\/p>\n","protected":false},"excerpt":{"rendered":"<p>W sobot\u0119 17 czerwca 2017 o godz. 14.00 w centrum Grodziska Mazowieckiego rozpocz\u0105\u0142 si\u0119 Marsz \u201eR\u00f3\u017cni a R\u00f3wni\u201d. Wydarzenie zorganizowane zosta\u0142o w ramach Powiatowego Programu Ochrony Zdrowia Psychicznego Powiatu Grodziskiego. Ide\u0105 marszu, odbywaj\u0105cego si\u0119 rokrocznie w Grodzisku, jest zamanifestowanie solidarno\u015bci z osobami niepe\u0142nosprawnymi oraz promowanie akceptacji dla niepe\u0142nosprawno\u015bci we wszelkich jej przejawach: intelektualnej, fizycznej i [&hellip;]<\/p>\n","protected":false},"author":2,"featured_media":1495,"comment_status":"closed","ping_status":"open","sticky":false,"template":"","format":"standard","meta":{"footnotes":""},"categories":[9,8,5],"tags":[],"class_list":["post-1494","post","type-post","status-publish","format-standard","has-post-thumbnail","hentry","category-edukacja","category-roznosci","category-wiadomosci"],"_links":{"self":[{"href":"https:\/\/fleschmazowsza.com.pl\/index.php?rest_route=\/wp\/v2\/posts\/1494","targetHints":{"allow":["GET"]}}],"collection":[{"href":"https:\/\/fleschmazowsza.com.pl\/index.php?rest_route=\/wp\/v2\/posts"}],"about":[{"href":"https:\/\/fleschmazowsza.com.pl\/index.php?rest_route=\/wp\/v2\/types\/post"}],"author":[{"embeddable":true,"href":"https:\/\/fleschmazowsza.com.pl\/index.php?rest_route=\/wp\/v2\/users\/2"}],"replies":[{"embeddable":true,"href":"https:\/\/fleschmazowsza.com.pl\/index.php?rest_route=%2Fwp%2Fv2%2Fcomments&post=1494"}],"version-history":[{"count":1,"href":"https:\/\/fleschmazowsza.com.pl\/index.php?rest_route=\/wp\/v2\/posts\/1494\/revisions"}],"predecessor-version":[{"id":1496,"href":"https:\/\/fleschmazowsza.com.pl\/index.php?rest_route=\/wp\/v2\/posts\/1494\/revisions\/1496"}],"wp:featuredmedia":[{"embeddable":true,"href":"https:\/\/fleschmazowsza.com.pl\/index.php?rest_route=\/wp\/v2\/media\/1495"}],"wp:attachment":[{"href":"https:\/\/fleschmazowsza.com.pl\/index.php?rest_route=%2Fwp%2Fv2%2Fmedia&parent=1494"}],"wp:term":[{"taxonomy":"category","embeddable":true,"href":"https:\/\/fleschmazowsza.com.pl\/index.php?rest_route=%2Fwp%2Fv2%2Fcategories&post=1494"},{"taxonomy":"post_tag","embeddable":true,"href":"https:\/\/fleschmazowsza.com.pl\/index.php?rest_route=%2Fwp%2Fv2%2Ftags&post=1494"}],"curies":[{"name":"wp","href":"https:\/\/api.w.org\/{rel}","templated":true}]}}