{"id":1491,"date":"2017-06-29T12:58:58","date_gmt":"2017-06-29T11:58:58","guid":{"rendered":"http:\/\/fleschmazowsza.com.pl\/?p=1491"},"modified":"2017-06-29T12:58:58","modified_gmt":"2017-06-29T11:58:58","slug":"brwinow-milanowek-festiwal-otwarte-ogrody","status":"publish","type":"post","link":"https:\/\/fleschmazowsza.com.pl\/?p=1491","title":{"rendered":"BRWIN\u00d3W, MILAN\u00d3WEK. Festiwal Otwarte Ogrody"},"content":{"rendered":"<p><strong>To ju\u017c po raz dwunasty w Milan\u00f3wku i pi\u0105ty w Brwinowie zorganizowany zosta\u0142 Festiwal Otwarte Ogrody. I tradycyjnie ju\u017c zaskakiwa\u0142 tematami, pomys\u0142ami. Dawa\u0142 mo\u017cliwo\u015b\u0107 podr\u00f3\u017cy w czasie i przestrzeni. Obcowania z \u017cywio\u0142ami, nie tylko z ziemi\u0105 i powietrzem, tak\u017ce, mo\u017ce nie ca\u0142kiem bezpo\u015brednio z ogniem i wod\u0105. By\u0142a strawa dla ducha ale tak\u017ce i dla cia\u0142a (kie\u0142baski z ogniska, do upieczenia w\u0142asnor\u0119cznie, proponowane tu i tam).<\/strong><\/p>\n<p>W Milan\u00f3wku wszystko zacz\u0119\u0142o si\u0119 w pi\u0105tek, pota\u0144c\u00f3wk\u0105, poprzedzon\u0105 podkre\u015bleniem jubileuszu czterdziestolecia Milanowskiego Centrum Kultury. Faktem jest, \u017ce wtedy zosta\u0142 powo\u0142any do \u017cycia Milanowski O\u015brodek Kultury i Propagandy (i tak by\u0142a to inno\u015b\u0107 \u2013 w okolicznych miejscowo\u015bciach funkcjonowa\u0142y o\u015brodki propagandy i kultury, drobiazg \u2013 a sprawia r\u00f3\u017cnic\u0119).<\/p>\n<p>A p\u00f3\u017aniej polecia\u0142o\u2026 Charakterystyczne, wcale nie trzeba by\u0142o sprawdza\u0107 dok\u0142adnego adresu gdzie jest otwarty ogr\u00f3d. Wystarczy\u0142o po wej\u015bciu na odpowiedni\u0105 ulic\u0119 skierowa\u0107 si\u0119 na zgrupowanie zaparkowanych samochod\u00f3w.<\/p>\n<p>Jak by\u0142o \u2013 \u015bpiewnie, koncertowo, operowo, jazzowo i z piosenk\u0105 francusk\u0105. Mogli\u015bmy obcowa\u0107 z Szekspirem i z jego j\u0119zykiem. By\u0142o plastycznie \u2013 pastelowo, olejno i fotograficznie. Czyli, jak co roku, nad wyraz r\u00f3\u017cnorodnie.<\/p>\n<p>Z premedytacj\u0105 nie pisz\u0119 o konkretnych ogrodach i przedsi\u0119wzi\u0119ciach. Po prostu: gdyby ka\u017cda z tych imprez pojawi\u0142a si\u0119 indywidualnie, tak zosta\u0142aby potraktowana. W momencie gdy kilkadziesi\u0105t zdarze\u0144 pojawia si\u0119 jednocze\u015bnie \u2013 nie spos\u00f3b o wszystkich napisa\u0107 a nawet na nich by\u0107.<\/p>\n<p>Przyznaj\u0119, co roku staj\u0119 przed podobnym dylematem. A jeszcze w momencie, gdy kilka festiwali odbywa si\u0119 r\u00f3wnolegle\u2026<\/p>\n<p style=\"text-align: right;\">Tekst i foto: <strong>(kf)<\/strong><\/p>\n","protected":false},"excerpt":{"rendered":"<p>To ju\u017c po raz dwunasty w Milan\u00f3wku i pi\u0105ty w Brwinowie zorganizowany zosta\u0142 Festiwal Otwarte Ogrody. I tradycyjnie ju\u017c zaskakiwa\u0142 tematami, pomys\u0142ami. Dawa\u0142 mo\u017cliwo\u015b\u0107 podr\u00f3\u017cy w czasie i przestrzeni. Obcowania z \u017cywio\u0142ami, nie tylko z ziemi\u0105 i powietrzem, tak\u017ce, mo\u017ce nie ca\u0142kiem bezpo\u015brednio z ogniem i wod\u0105. By\u0142a strawa dla ducha ale tak\u017ce i dla [&hellip;]<\/p>\n","protected":false},"author":2,"featured_media":1492,"comment_status":"closed","ping_status":"open","sticky":false,"template":"","format":"standard","meta":{"footnotes":""},"categories":[6,5],"tags":[],"class_list":["post-1491","post","type-post","status-publish","format-standard","has-post-thumbnail","hentry","category-kultura","category-wiadomosci"],"_links":{"self":[{"href":"https:\/\/fleschmazowsza.com.pl\/index.php?rest_route=\/wp\/v2\/posts\/1491","targetHints":{"allow":["GET"]}}],"collection":[{"href":"https:\/\/fleschmazowsza.com.pl\/index.php?rest_route=\/wp\/v2\/posts"}],"about":[{"href":"https:\/\/fleschmazowsza.com.pl\/index.php?rest_route=\/wp\/v2\/types\/post"}],"author":[{"embeddable":true,"href":"https:\/\/fleschmazowsza.com.pl\/index.php?rest_route=\/wp\/v2\/users\/2"}],"replies":[{"embeddable":true,"href":"https:\/\/fleschmazowsza.com.pl\/index.php?rest_route=%2Fwp%2Fv2%2Fcomments&post=1491"}],"version-history":[{"count":1,"href":"https:\/\/fleschmazowsza.com.pl\/index.php?rest_route=\/wp\/v2\/posts\/1491\/revisions"}],"predecessor-version":[{"id":1493,"href":"https:\/\/fleschmazowsza.com.pl\/index.php?rest_route=\/wp\/v2\/posts\/1491\/revisions\/1493"}],"wp:featuredmedia":[{"embeddable":true,"href":"https:\/\/fleschmazowsza.com.pl\/index.php?rest_route=\/wp\/v2\/media\/1492"}],"wp:attachment":[{"href":"https:\/\/fleschmazowsza.com.pl\/index.php?rest_route=%2Fwp%2Fv2%2Fmedia&parent=1491"}],"wp:term":[{"taxonomy":"category","embeddable":true,"href":"https:\/\/fleschmazowsza.com.pl\/index.php?rest_route=%2Fwp%2Fv2%2Fcategories&post=1491"},{"taxonomy":"post_tag","embeddable":true,"href":"https:\/\/fleschmazowsza.com.pl\/index.php?rest_route=%2Fwp%2Fv2%2Ftags&post=1491"}],"curies":[{"name":"wp","href":"https:\/\/api.w.org\/{rel}","templated":true}]}}