{"id":1488,"date":"2017-06-29T12:36:30","date_gmt":"2017-06-29T11:36:30","guid":{"rendered":"http:\/\/fleschmazowsza.com.pl\/?p=1488"},"modified":"2017-06-29T12:59:27","modified_gmt":"2017-06-29T11:59:27","slug":"lato-pelne-atrakcji","status":"publish","type":"post","link":"https:\/\/fleschmazowsza.com.pl\/?p=1488","title":{"rendered":"Lato pe\u0142ne atrakcji"},"content":{"rendered":"<p><strong>W czasie tegorocznych wakacji o\u015brodki kultury i szko\u0142y z powiatu pruszkowskiego i Ursusa zorganizuj\u0105 p\u00f3\u0142kolonie dla najm\u0142odszych mieszka\u0144c\u00f3w. W ramach kilkugodzinnych zaj\u0119\u0107, dzieci b\u0119d\u0105 mia\u0142y okazj\u0119 wzi\u0105\u0107 udzia\u0142 w licznych zaj\u0119ciach sportowych, a tak\u017ce w warsztatach plastycznych.<\/strong><\/p>\n<p>Podwarszawskie o\u015brodki kultury podczas tegorocznych wakacji, jak co roku, organizuj\u0105 p\u00f3\u0142kolonie dla dzieci i m\u0142odzie\u017cy.<\/p>\n<p style=\"text-align: center;\"><strong>P\u00f3\u0142kolonie pod Warszaw\u0105<\/strong><\/p>\n<p>MOK \u201eKamyk\u201d w Pruszkowie od 26 czerwca do 21 lipca zaprasza dzieci na zaj\u0119cia organizowane pod has\u0142em \u201eOd g\u00f3r a\u017c po morze pi\u0119kna nasza Polska ca\u0142a\u201d. Zg\u0142oszenia na p\u00f3\u0142kolonie zosta\u0142y ju\u017c zamkni\u0119te.<\/p>\n<p>Nab\u00f3r na uczestnik\u00f3w X. Edycji Warsztat\u00f3w Historyczno-Artystycznych \u201eCzas \u017belaza\u201d prowadzi jeszcze Muzeum Staro\u017cytnego Hutnictwa Mazowieckiego w Pruszkowie. Warsztaty historyczne odb\u0119d\u0105 si\u0119 w ostatni tydzie\u0144 czerwca od 26 do 30 czerwca w Parku Potulickich. Koszt zaj\u0119\u0107 wynosi 500 z\u0142.<\/p>\n<p>W lipcu na p\u00f3\u0142kolonie zaprasza Nadarzy\u0144ski O\u015brodek Kultury. Od 3 do 21 lipca w Nadarzynie zorganizowane zostan\u0105 letnie warsztaty artystyczne. Tygodniowy koszt warsztat\u00f3w wynosi od 120 z\u0142 do 160 z\u0142. Opr\u00f3cz zaj\u0119\u0107 edukacyjno-artystycznych, w \u201eNOK\u201d przewidziano tak\u017ce kilka edukacyjnych wycieczek np. wycieczk\u0119 na \u201eNiewidzialn\u0105 wystaw\u0119\u201d.<\/p>\n<p>Ciekawe, bezp\u0142atne zaj\u0119cia w ramach akcji \u201eLato w mie\u015bcie\u201d oferuje tak\u017ce Miejski O\u015brodek Kultury w Piastowie. Zaj\u0119cia prowadzone b\u0119d\u0105 od 26 czerwca do 28 lipca, pi\u0119\u0107 dni w tygodniu, od 10.30 \u2013 11.00 do godz. 14.00. Opr\u00f3cz oferty zaj\u0119\u0107 sportowych, MOK w Piastowie postawi\u0142 na warsztaty artystyczne m.in. warsztaty zdobienia piernik\u00f3w, warsztaty cyrkowe czy warsztaty florystyczne.<\/p>\n<p style=\"text-align: center;\"><strong>Lato w Ursusie<\/strong><\/p>\n<p>Dzieci z Ursusa wolny czas od 26 czerwca do 31 sierpnia b\u0119d\u0105 mog\u0142y sp\u0119dzi\u0107 na zaj\u0119ciach prowadzonych w czterech szko\u0142ach podstawowych na terenie dzielnicy. Wakacyjne plac\u00f3wki edukacyjne b\u0119d\u0105 funkcjonowa\u0107 od poniedzia\u0142ku do pi\u0105tku w godz. 7:00 \u2013 17:00 lub w godzinach dostosowanych do potrzeb.<\/p>\n<p>Warunkiem uczestnictwa w zaj\u0119ciach jest posiadanie legitymacji szkolnej z warszawskiej szko\u0142y lub sta\u0142e zamieszkanie (zameldowanie) w Warszawie, z\u0142o\u017cenie Karty Uczestnika oraz uiszczenie op\u0142aty za wy\u017cywienie w wysoko\u015bci 7 z\u0142 dziennie \u2013 ciep\u0142y posi\u0142ek.<\/p>\n<p>Program w wakacyjnych plac\u00f3wkach edukacyjnych b\u0119dzie opracowywany indywidualnie w ka\u017cdej jednostce.<\/p>\n<p>Dodatkowo pojedyncze wydarzenia kulturalne oraz warsztaty dla dzieci i m\u0142odzie\u017cy prowadzi\u0107 b\u0119d\u0105 trzy domy kultury z Ursusa: O.K. \u201eArsus\u201d, D.K. \u201eKolorowa\u201d, D.K. \u201eMi\u015b\u201d. O\u015brodki zorganizuj\u0105 m.in.: warsztaty kulinarne, warsztaty fotograficzne, warsztaty ceramiczne, czy te\u017c zaj\u0119cia z improwizacji teatralnej. Na wi\u0119kszo\u015b\u0107 zaj\u0119\u0107 obowi\u0105zuj\u0105 zapisy.<\/p>\n<p style=\"text-align: center;\"><strong>Wakacje bez nudy<\/strong><\/p>\n<p>Wakacje wielu m\u0142odych mieszka\u0144c\u00f3w Grodziska i okolic b\u0119dzie sp\u0119dza\u0107 na terenie gminy. Nie oznacza to jednak, \u017ce musz\u0105 si\u0119 nudzi\u0107. Lokalne o\u015brodki kultury oraz szko\u0142y przygotowa\u0142y dla nich wiele atrakcji.<\/p>\n<p>Zaj\u0119cia odb\u0119d\u0105 si\u0119 w dniach: 17-21.07 oraz 21-25.08. Zaj\u0119cia s\u0105 bezp\u0142atne i przeznaczone dla dzieci z terenu Gminy Grodzisk Mazowiecki, dziecko mo\u017cna zapisa\u0107 na jeden wybrany tydzie\u0144 zaj\u0119\u0107. Zapisu mo\u017cna dokona\u0107 telefonicznie (22 734-79-00) lub osobi\u015bcie (Impresariat IIp.). W zwi\u0105zku z ogromnym zainteresowaniem w pierwszej kolejno\u015bci obs\u0142ugiwana jest kolejka a dopiero p\u00f3\u017aniej odbierane s\u0105 telefony.<\/p>\n<p>Wakacyjne zaj\u0119cia organizowane przez Centrum Kultury w Grodzisku Mazowieckim co roku ciesz\u0105 si\u0119 du\u017c\u0105 popularno\u015bci\u0105. Tak zapewne b\u0119dzie i w tym sezonie, dlatego ju\u017c teraz warto zarezerwowa\u0107 czas i zapisa\u0107 dziecko na \u201eLato w mie\u015bcie\u201d. Podobnie, jak w latach ubieg\u0142ych, nie zabraknie zaj\u0119\u0107 artystycznych, sportowych, animacyjnych.<\/p>\n<p>W pierwszym terminie w programie zaj\u0119\u0107 znajduj\u0105 si\u0119 zaj\u0119cia teatralne, taneczne, plastyczne a tak\u017ce gimnastyka korekcyjna. Natomiast w drugim znajdziemy takie atrakcje jak: zaj\u0119cia sportowe, plastyczne, animacyjne a tak\u017ce detektywistyczne. Warsztaty trwaj\u0105 od godziny 10:00 do 14:30, a ka\u017cde z zaj\u0119\u0107 trwa ok. godzin\u0119. Szczeg\u00f3\u0142owy program znajd\u0105 Pa\u0144stwo na stronie: <a href=\"http:\/\/www.centrumkultury.eu\">http:\/\/www.centrumkultury.eu<\/a>.<\/p>\n<p style=\"text-align: center;\"><strong>P\u00f3\u0142kolonie<\/strong><\/p>\n<p>Dodatkowo s\u0105 r\u00f3wnie\u017c organizowane zaj\u0119cia komercyjne czyli p\u00f3\u0142kolonie. Mazowiecki Klub Karate Tradycyjnego \u201eNIKOBUSHI\u201d zaprasza na p\u00f3\u0142kolonie. Organizowane s\u0105 w dniach 3-7 lipca oraz 10-14 lipca, koszt jednego turnusu to 290 z\u0142. W programie kolonii znajdziemy: zaj\u0119cia karate, kino, gry ruchowe, warsztaty artystyczne i kulinarne oraz wycieczki.<\/p>\n<p>Studio ta\u0144ca MW zaprasza na warsztaty z ta\u0144cem pt. \u201eWakacje z ta\u0144cem\u201d. Odbywaj\u0105 si\u0119 one od 16 do 19 lipca w Centrum Kultury w Grodzisku. W ofercie warsztat\u00f3w znajdziemy m.in. 8 godzin zaj\u0119\u0107 tanecznych, zaj\u0119cia w stylu Disko-dace i Hip-hop a tak\u017ce aktywnie sp\u0119dzony czas w mi\u0142ym towarzystwie. Cena warsztat\u00f3w to jedynie 100 z\u0142. Zapisy pod nr. 604\u00a0132\u00a0071.<\/p>\n<p style=\"text-align: right;\"><strong>Kinga Rochalska, EW.<br \/>\n<\/strong><\/p>\n","protected":false},"excerpt":{"rendered":"<p>W czasie tegorocznych wakacji o\u015brodki kultury i szko\u0142y z powiatu pruszkowskiego i Ursusa zorganizuj\u0105 p\u00f3\u0142kolonie dla najm\u0142odszych mieszka\u0144c\u00f3w. W ramach kilkugodzinnych zaj\u0119\u0107, dzieci b\u0119d\u0105 mia\u0142y okazj\u0119 wzi\u0105\u0107 udzia\u0142 w licznych zaj\u0119ciach sportowych, a tak\u017ce w warsztatach plastycznych. Podwarszawskie o\u015brodki kultury podczas tegorocznych wakacji, jak co roku, organizuj\u0105 p\u00f3\u0142kolonie dla dzieci i m\u0142odzie\u017cy. P\u00f3\u0142kolonie pod Warszaw\u0105 [&hellip;]<\/p>\n","protected":false},"author":2,"featured_media":1489,"comment_status":"closed","ping_status":"open","sticky":false,"template":"","format":"standard","meta":{"footnotes":""},"categories":[8],"tags":[],"class_list":["post-1488","post","type-post","status-publish","format-standard","has-post-thumbnail","hentry","category-roznosci"],"_links":{"self":[{"href":"https:\/\/fleschmazowsza.com.pl\/index.php?rest_route=\/wp\/v2\/posts\/1488","targetHints":{"allow":["GET"]}}],"collection":[{"href":"https:\/\/fleschmazowsza.com.pl\/index.php?rest_route=\/wp\/v2\/posts"}],"about":[{"href":"https:\/\/fleschmazowsza.com.pl\/index.php?rest_route=\/wp\/v2\/types\/post"}],"author":[{"embeddable":true,"href":"https:\/\/fleschmazowsza.com.pl\/index.php?rest_route=\/wp\/v2\/users\/2"}],"replies":[{"embeddable":true,"href":"https:\/\/fleschmazowsza.com.pl\/index.php?rest_route=%2Fwp%2Fv2%2Fcomments&post=1488"}],"version-history":[{"count":1,"href":"https:\/\/fleschmazowsza.com.pl\/index.php?rest_route=\/wp\/v2\/posts\/1488\/revisions"}],"predecessor-version":[{"id":1490,"href":"https:\/\/fleschmazowsza.com.pl\/index.php?rest_route=\/wp\/v2\/posts\/1488\/revisions\/1490"}],"wp:featuredmedia":[{"embeddable":true,"href":"https:\/\/fleschmazowsza.com.pl\/index.php?rest_route=\/wp\/v2\/media\/1489"}],"wp:attachment":[{"href":"https:\/\/fleschmazowsza.com.pl\/index.php?rest_route=%2Fwp%2Fv2%2Fmedia&parent=1488"}],"wp:term":[{"taxonomy":"category","embeddable":true,"href":"https:\/\/fleschmazowsza.com.pl\/index.php?rest_route=%2Fwp%2Fv2%2Fcategories&post=1488"},{"taxonomy":"post_tag","embeddable":true,"href":"https:\/\/fleschmazowsza.com.pl\/index.php?rest_route=%2Fwp%2Fv2%2Ftags&post=1488"}],"curies":[{"name":"wp","href":"https:\/\/api.w.org\/{rel}","templated":true}]}}