{"id":1486,"date":"2017-06-27T14:52:07","date_gmt":"2017-06-27T13:52:07","guid":{"rendered":"http:\/\/fleschmazowsza.com.pl\/?p=1486"},"modified":"2017-06-27T14:52:07","modified_gmt":"2017-06-27T13:52:07","slug":"nie-bedzie-malej-obwodnicy-piastowa","status":"publish","type":"post","link":"https:\/\/fleschmazowsza.com.pl\/?p=1486","title":{"rendered":"Nie b\u0119dzie \u201ema\u0142ej obwodnicy\u201d Piastowa?"},"content":{"rendered":"<p><strong>Zapad\u0142a prze\u0142omowa decyzja w sprawie budowy \u201ema\u0142ej obwodnicy\u201d Piastowa, przeciwko kt\u00f3rej protestuj\u0105 mieszka\u0144cy miasta. 23 maja br. radni miasta Piastowa przyj\u0119li uchwa\u0142\u0119 w sprawie odst\u0105pienia od realizacji inwestycji. Uchwa\u0142\u0119 rady musi teraz wykona\u0107 burmistrz Piastowa.<\/strong><\/p>\n<p>O kontrowersjach wok\u00f3\u0142 budowy \u201ema\u0142ej obwodnicy\u201d Piastowa informowali\u015bmy na naszych \u0142amach miesi\u0105c temu. W\u00f3wczas mieszka\u0144cy Piastowa protestowali przeciwko rozbudowie piastowskich ulic.<\/p>\n<p style=\"text-align: center;\"><strong>Protesty mieszka\u0144c\u00f3w<\/strong><\/p>\n<p>Jak dowodzili mieszka\u0144cy, miasto Piast\u00f3w, miasto Pruszk\u00f3w oraz powiat pruszkowski w dniu 4 stycznia 2017 r. zawar\u0142y porozumienie stwierdzaj\u0105ce potrzeb\u0119 wsp\u00f3\u0142pracy w zakresie budowy \u201ema\u0142ej wewn\u0119trznej\u201d obwodnicy miasta Piast\u00f3w.<\/p>\n<p>W my\u015bl tego porozumienia miasto Piast\u00f3w odpowiada za przygotowanie koncepcji uk\u0142adu drogowego na terenie Piastowa i Pruszkowa w ci\u0105gu ulic: S. \u017b\u00f3\u0142kiewskiego, M. Ogi\u0144skiego, S. Barcewicza w Piastowie i ul. Skrajnej w Pruszkowie oraz zobowi\u0105zuje si\u0119 do przygotowania pe\u0142nej dokumentacji projektowo-kosztorysowej dla inwestycji przebiegaj\u0105cej w Piastowie i Pruszkowie. W dokumencie porozumienia \u201ema\u0142a obwodnica\u201d miasta Piastowa przebiegaj\u0105ca w ci\u0105gu ulic S. \u017b\u00f3\u0142kiewskiego, M. Ogi\u0144skiego, S. Barcewicza w Piastowie i ul. Skrajnej w Pruszkowie jest okre\u015blona jako \u201enowe po\u0142\u0105czenie pomi\u0119dzy Pruszkowem, Piastowem i Broniszami\u201d.<\/p>\n<p style=\"text-align: center;\"><strong>Odst\u0105pienie od porozumienia<\/strong><\/p>\n<p>Mimo zapewnie\u0144 burmistrza Piastowa, Grzegorza Szuplewskiego, i\u017c procedowane prace maj\u0105 na celu jedynie popraw\u0119 komunikacji w mie\u015bcie, mieszka\u0144cy nie zako\u0144czyli protest\u00f3w. Dzi\u0119ki ich staraniom, podczas sesji Rady Miasta Piastowa w dniu 24 kwietnia 2017 r. radni przychylili si\u0119 do podj\u0119cia dzia\u0142a\u0144 maj\u0105cych na celu odst\u0105pienie od wykonania zadania budowy wewn\u0119trznej tzw. \u201ema\u0142ej obwodnicy\u201d.<\/p>\n<p>23 maja 2017 r. radni Piastowa przyj\u0119li uchwa\u0142\u0119 w sprawie odst\u0105pienia od porozumienia zawartego 4 stycznia 2017 r. z miastem Pruszk\u00f3w i powiatem pruszkowskim w sprawie budowy \u201ema\u0142ej obwodnicy\u201d miasta Piastowa jako nowego po\u0142\u0105czenia pomi\u0119dzy Pruszkowem, Piastowem i Broniszami.<\/p>\n<p>Uchwa\u0142\u0119 rady musi teraz wykona\u0107 burmistrz Piastowa.<\/p>\n<p style=\"text-align: center;\"><strong>Rada zadecydowa\u0142a<\/strong><\/p>\n<p>&#8211; Apelujemy do Pana Burmistrza o niezw\u0142oczne wype\u0142nienie uchwa\u0142y Rady Miejskiej zalecaj\u0105cej odst\u0105pienie przez Miasto Piast\u00f3w od porozumienia zawartego z Miastem Pruszk\u00f3w i Powiatem Pruszkowskim, kt\u00f3re zak\u0142ada budow\u0119 \u201ema\u0142ej obwodnicy\u201d Piastowa. Pragniemy r\u00f3wnie\u017c przypomnie\u0107 s\u0142owa Pana Burmistrza wypowiedziane do Mieszka\u0144c\u00f3w w dniu 19 kwietnia 2017 r., maj\u0105c jednocze\u015bnie nadziej\u0119, \u017ce wyra\u017caj\u0105 one rzeczywiste pogl\u0105dy Pana Burmistrza: \u201eProsz\u0119 Pa\u0144stwa, najkr\u00f3cej m\u00f3wi\u0105c. Uk\u0142ad w samorz\u0105dzie jest taki: Burmistrz wykonuje Rada decyduje.\u201d Panie Burmistrzu, Rada zadecydowa\u0142a! \u2013 wyrazili sw\u00f3j pogl\u0105d w pi\u015bmie do burmistrza Piastowa, opublikowanym na stronie internetowej www.obwodnicapiastowa.pl, mieszka\u0144cy miasta.<\/p>\n<p style=\"text-align: right;\"><strong>Kinga Rochalska<\/strong><\/p>\n","protected":false},"excerpt":{"rendered":"<p>Zapad\u0142a prze\u0142omowa decyzja w sprawie budowy \u201ema\u0142ej obwodnicy\u201d Piastowa, przeciwko kt\u00f3rej protestuj\u0105 mieszka\u0144cy miasta. 23 maja br. radni miasta Piastowa przyj\u0119li uchwa\u0142\u0119 w sprawie odst\u0105pienia od realizacji inwestycji. Uchwa\u0142\u0119 rady musi teraz wykona\u0107 burmistrz Piastowa. O kontrowersjach wok\u00f3\u0142 budowy \u201ema\u0142ej obwodnicy\u201d Piastowa informowali\u015bmy na naszych \u0142amach miesi\u0105c temu. W\u00f3wczas mieszka\u0144cy Piastowa protestowali przeciwko rozbudowie piastowskich [&hellip;]<\/p>\n","protected":false},"author":2,"featured_media":1337,"comment_status":"closed","ping_status":"open","sticky":false,"template":"","format":"standard","meta":{"footnotes":""},"categories":[5],"tags":[],"class_list":["post-1486","post","type-post","status-publish","format-standard","has-post-thumbnail","hentry","category-wiadomosci"],"_links":{"self":[{"href":"https:\/\/fleschmazowsza.com.pl\/index.php?rest_route=\/wp\/v2\/posts\/1486","targetHints":{"allow":["GET"]}}],"collection":[{"href":"https:\/\/fleschmazowsza.com.pl\/index.php?rest_route=\/wp\/v2\/posts"}],"about":[{"href":"https:\/\/fleschmazowsza.com.pl\/index.php?rest_route=\/wp\/v2\/types\/post"}],"author":[{"embeddable":true,"href":"https:\/\/fleschmazowsza.com.pl\/index.php?rest_route=\/wp\/v2\/users\/2"}],"replies":[{"embeddable":true,"href":"https:\/\/fleschmazowsza.com.pl\/index.php?rest_route=%2Fwp%2Fv2%2Fcomments&post=1486"}],"version-history":[{"count":1,"href":"https:\/\/fleschmazowsza.com.pl\/index.php?rest_route=\/wp\/v2\/posts\/1486\/revisions"}],"predecessor-version":[{"id":1487,"href":"https:\/\/fleschmazowsza.com.pl\/index.php?rest_route=\/wp\/v2\/posts\/1486\/revisions\/1487"}],"wp:featuredmedia":[{"embeddable":true,"href":"https:\/\/fleschmazowsza.com.pl\/index.php?rest_route=\/wp\/v2\/media\/1337"}],"wp:attachment":[{"href":"https:\/\/fleschmazowsza.com.pl\/index.php?rest_route=%2Fwp%2Fv2%2Fmedia&parent=1486"}],"wp:term":[{"taxonomy":"category","embeddable":true,"href":"https:\/\/fleschmazowsza.com.pl\/index.php?rest_route=%2Fwp%2Fv2%2Fcategories&post=1486"},{"taxonomy":"post_tag","embeddable":true,"href":"https:\/\/fleschmazowsza.com.pl\/index.php?rest_route=%2Fwp%2Fv2%2Ftags&post=1486"}],"curies":[{"name":"wp","href":"https:\/\/api.w.org\/{rel}","templated":true}]}}