{"id":1483,"date":"2017-06-27T14:50:07","date_gmt":"2017-06-27T13:50:07","guid":{"rendered":"http:\/\/fleschmazowsza.com.pl\/?p=1483"},"modified":"2017-06-27T14:50:07","modified_gmt":"2017-06-27T13:50:07","slug":"pruszkow-od-1-lipca-czekaja-nas-podwyzki-oplat-za-smieci","status":"publish","type":"post","link":"https:\/\/fleschmazowsza.com.pl\/?p=1483","title":{"rendered":"PRUSZK\u00d3W. Od 1 lipca czekaj\u0105 nas podwy\u017cki op\u0142at za \u015bmieci"},"content":{"rendered":"<p><strong>Ju\u017c od 1 lipca zmieniaj\u0105 si\u0119 stawki op\u0142at za odbi\u00f3r odpad\u00f3w w Pruszkowie. Zmiany dotkn\u0105 zar\u00f3wno mieszka\u0144c\u00f3w segreguj\u0105cych, jak i niesegreguj\u0105cych \u015bmieci.<\/strong><\/p>\n<p>Od 1 lipca 2017 r. mieszka\u0144cy Pruszkowa zap\u0142ac\u0105 wi\u0119cej za odbi\u00f3r odpad\u00f3w. Podwy\u017cka zar\u00f3wno dla os\u00f3b segreguj\u0105cych, jak i niesegreguj\u0105cych \u015bmieci wyniesie symboliczn\u0105 z\u0142ot\u00f3wk\u0119. Ju\u017c za niespe\u0142na miesi\u0105c pruszkowian obowi\u0105zywa\u0107 b\u0119d\u0105 nast\u0119puj\u0105ce stawki op\u0142aty:<\/p>\n<p>&#8211; 12 z\u0142 od osoby miesi\u0119cznie przy za\u0142o\u017ceniu i\u017c na terenie nieruchomo\u015bci prowadzona jest segregacja odpad\u00f3w;<\/p>\n<p>&#8211; 21 z\u0142 od osoby miesi\u0119cznie je\u017celi na terenie nieruchomo\u015bci nie prowadzi si\u0119 segregacji odpad\u00f3w.<\/p>\n<p>Zmiana stawek op\u0142aty wynika z wej\u015bcia w \u017cycie nowych zasad segregacji odpad\u00f3w komunalnych, kt\u00f3re od lipca b\u0119d\u0105 obowi\u0105zywa\u0142y na terenie ca\u0142ego kraju. Do tej pory odpady nale\u017ca\u0142o segregowa\u0107 na papier, szk\u0142o, tworzywa sztuczne, metale oraz pozosta\u0142e odpady. Od 1 lipca 2017 r. w altanach \u015bmietnikowych pojawi\u0105 si\u0119 dodatkowo pojemniki na bioodpady.<\/p>\n<p style=\"text-align: right;\">Tekst i foto:<\/p>\n<p style=\"text-align: right;\"><strong>Kinga Rochalska<\/strong><\/p>\n","protected":false},"excerpt":{"rendered":"<p>Ju\u017c od 1 lipca zmieniaj\u0105 si\u0119 stawki op\u0142at za odbi\u00f3r odpad\u00f3w w Pruszkowie. Zmiany dotkn\u0105 zar\u00f3wno mieszka\u0144c\u00f3w segreguj\u0105cych, jak i niesegreguj\u0105cych \u015bmieci. Od 1 lipca 2017 r. mieszka\u0144cy Pruszkowa zap\u0142ac\u0105 wi\u0119cej za odbi\u00f3r odpad\u00f3w. Podwy\u017cka zar\u00f3wno dla os\u00f3b segreguj\u0105cych, jak i niesegreguj\u0105cych \u015bmieci wyniesie symboliczn\u0105 z\u0142ot\u00f3wk\u0119. Ju\u017c za niespe\u0142na miesi\u0105c pruszkowian obowi\u0105zywa\u0107 b\u0119d\u0105 nast\u0119puj\u0105ce stawki [&hellip;]<\/p>\n","protected":false},"author":2,"featured_media":1484,"comment_status":"closed","ping_status":"open","sticky":false,"template":"","format":"standard","meta":{"footnotes":""},"categories":[5],"tags":[],"class_list":["post-1483","post","type-post","status-publish","format-standard","has-post-thumbnail","hentry","category-wiadomosci"],"_links":{"self":[{"href":"https:\/\/fleschmazowsza.com.pl\/index.php?rest_route=\/wp\/v2\/posts\/1483","targetHints":{"allow":["GET"]}}],"collection":[{"href":"https:\/\/fleschmazowsza.com.pl\/index.php?rest_route=\/wp\/v2\/posts"}],"about":[{"href":"https:\/\/fleschmazowsza.com.pl\/index.php?rest_route=\/wp\/v2\/types\/post"}],"author":[{"embeddable":true,"href":"https:\/\/fleschmazowsza.com.pl\/index.php?rest_route=\/wp\/v2\/users\/2"}],"replies":[{"embeddable":true,"href":"https:\/\/fleschmazowsza.com.pl\/index.php?rest_route=%2Fwp%2Fv2%2Fcomments&post=1483"}],"version-history":[{"count":1,"href":"https:\/\/fleschmazowsza.com.pl\/index.php?rest_route=\/wp\/v2\/posts\/1483\/revisions"}],"predecessor-version":[{"id":1485,"href":"https:\/\/fleschmazowsza.com.pl\/index.php?rest_route=\/wp\/v2\/posts\/1483\/revisions\/1485"}],"wp:featuredmedia":[{"embeddable":true,"href":"https:\/\/fleschmazowsza.com.pl\/index.php?rest_route=\/wp\/v2\/media\/1484"}],"wp:attachment":[{"href":"https:\/\/fleschmazowsza.com.pl\/index.php?rest_route=%2Fwp%2Fv2%2Fmedia&parent=1483"}],"wp:term":[{"taxonomy":"category","embeddable":true,"href":"https:\/\/fleschmazowsza.com.pl\/index.php?rest_route=%2Fwp%2Fv2%2Fcategories&post=1483"},{"taxonomy":"post_tag","embeddable":true,"href":"https:\/\/fleschmazowsza.com.pl\/index.php?rest_route=%2Fwp%2Fv2%2Ftags&post=1483"}],"curies":[{"name":"wp","href":"https:\/\/api.w.org\/{rel}","templated":true}]}}