{"id":1460,"date":"2017-06-23T14:59:14","date_gmt":"2017-06-23T13:59:14","guid":{"rendered":"http:\/\/fleschmazowsza.com.pl\/?p=1460"},"modified":"2017-06-23T14:59:14","modified_gmt":"2017-06-23T13:59:14","slug":"tanczace-krolowe","status":"publish","type":"post","link":"https:\/\/fleschmazowsza.com.pl\/?p=1460","title":{"rendered":"TA\u0143CZ\u0104CE KR\u00d3LOWE"},"content":{"rendered":"<p><strong>W sobot\u0119 27 maja 2017 w grodziskim Centrum Kultury odby\u0142 si\u0119 Koncert Jubileuszowy z okazji 5-lecia istnienia studia ta\u0144ca \u201eDancing Queen\u201d.<\/strong><\/p>\n<p>W\u0142a\u015bcicielka studia Ma\u0142gorzata Abramczyk \u2013 Maglakelidze, pedagog i instruktorka ta\u0144ca, zorganizowa\u0142a imprez\u0119 z wielkim rozmachem, a jednocze\u015bnie z dba\u0142o\u015bci\u0105 o najdrobniejsze szczeg\u00f3\u0142y. W efekcie powsta\u0142o wspania\u0142e widowisko, kt\u00f3re dostarczy\u0142o niezapomnianych wra\u017ce\u0144 muzycznych i wizualnych, mo\u017cna rzec \u201ez najwy\u017cszej p\u00f3\u0142ki\u201d \u2013 pomimo (a mo\u017ce dlatego), \u017ce wykonawcami by\u0142y g\u0142\u00f3wnie dzieci.<\/p>\n<p>W pokazach tanecznych i baletowych wzi\u0119\u0142o udzia\u0142 120 bardzo m\u0142odych wykonawc\u00f3w (w znakomitej wi\u0119kszo\u015bci wykonawczy\u0144) ucz\u0119szczaj\u0105cych na zaj\u0119cia organizowane przez studio Dancing Queen w grodziskich przedszkolach oraz w \u015bwietlicach w \u0141\u0105kach i Natolinie.<\/p>\n<p>Go\u015bcinnie wyst\u0105pili r\u00f3wnie\u017c uczniowie (tym razem sami ch\u0142opcy) ze szko\u0142y muzycznej w Grodzisku Mazowieckim z pokazem gry na akordeonie. Taniec i muzyka przeplatane by\u0142y melorecytacjami i sentencjami m\u00f3wi\u0105cymi o ta\u0144cu, w wykonaniu najm\u0142odszych dzieci.<\/p>\n<p>Doros\u0142ym akcentem by\u0142 pokaz pierwszego ta\u0144ca weselnego m\u0142odej pary oraz kr\u00f3tki film prezentuj\u0105cy tradycyjny, wyj\u0105tkowo pi\u0119kny taniec gruzi\u0144ski Kartuli.<\/p>\n<p style=\"text-align: center;\"><strong>Klasyka i nowoczesno\u015b\u0107<\/strong><\/p>\n<p>Roz\u015bwietlona kolorami scena, zmieniaj\u0105ce si\u0119 jak w kalejdoskopie kostiumy grup tanecznych, zjawiskowe uk\u0142ady baletowe (mi\u0119dzy innymi z \u201eJeziora \u0141ab\u0119dziego\u201d), a w tle muzyka najwybitniejszych kompozytor\u00f3w muzyki klasycznej: Jana Sebastiana Bacha, Johanna Straussa, Franciszka Liszta, Piotra Czajkowskiego, Niko\u0142aja Rimskiego \u2013 Korsakowa \u2013 trudno to opisa\u0107, trzeba to zobaczy\u0107.<\/p>\n<p>Nie zabrak\u0142o r\u00f3wnie\u017c temat\u00f3w bardziej nowoczesnych, jak uk\u0142ady taneczne do muzyki z film\u00f3w \u201eKr\u00f3l Lew\u201d i \u201eKraina lodu\u201d, taniec hip-hopowy czy bajecznie kolorowy wyst\u0119p \u201edzieci-kwiat\u00f3w\u201d do piosenki z musicalu \u201eHair\u201d.<\/p>\n<p style=\"text-align: center;\"><strong>La Grande Finale<\/strong><\/p>\n<p>Koncert u\u015bwietnili swoj\u0105 obecno\u015bci\u0105 przedstawiciele w\u0142adz miasta i plac\u00f3wek o\u015bwiatowych, licznie przybyli rodzice, dziadkowie i rodze\u0144stwo m\u0142odych wykonawc\u00f3w, nie zabrak\u0142o r\u00f3wnie\u017c jak wida\u0107 przedstawicieli lokalnych medi\u00f3w.<\/p>\n<p>W wielkim finale imprezy wszystkim wykonawcom, zgromadzonym na scenie, wr\u0119czono dyplomy, by\u0142y kwiaty dla organizatorki, wzajemne podzi\u0119kowania i pami\u0105tkowe zdj\u0119cia. Ma\u0142gorzata Abramczyk \u2013 Maglakelidze podkre\u015bli\u0142a, \u017ce w przygotowanie tak efektownego wyst\u0119pu dzieci w\u0142o\u017cy\u0142y ogromy wk\u0142ad pracy, \u0107wicz\u0105c uk\u0142ady taneczne przez p\u00f3\u0142 roku. Z kolei ze strony w\u0142adz miasta pojawi\u0142a si\u0119 propozycja powt\u00f3rzenia pokaz\u00f3w w warunkach plenerowych, dla szerszego grona widz\u00f3w.<\/p>\n<p>\u201eCz\u0142owieku, ucz si\u0119 ta\u0144czy\u0107, bo c\u00f3\u017c b\u0119d\u0105 z tob\u0105 robi\u0107 anio\u0142owie w niebie.\u201d \u2013 niech ta sentencja, wyg\u0142oszona podczas koncertu, b\u0119dzie dla nas zach\u0119t\u0105 do podj\u0119cia tanecznych krok\u00f3w.<\/p>\n<p style=\"text-align: right;\"><strong>Sylwia Pa\u0144k\u00f3w<\/strong><\/p>\n<p style=\"text-align: right;\"><strong>Fot. <em><a href=\"http:\/\/www.studiodq.pl\">www.studiodq.pl<\/a><\/em><\/strong><\/p>\n","protected":false},"excerpt":{"rendered":"<p>W sobot\u0119 27 maja 2017 w grodziskim Centrum Kultury odby\u0142 si\u0119 Koncert Jubileuszowy z okazji 5-lecia istnienia studia ta\u0144ca \u201eDancing Queen\u201d. W\u0142a\u015bcicielka studia Ma\u0142gorzata Abramczyk \u2013 Maglakelidze, pedagog i instruktorka ta\u0144ca, zorganizowa\u0142a imprez\u0119 z wielkim rozmachem, a jednocze\u015bnie z dba\u0142o\u015bci\u0105 o najdrobniejsze szczeg\u00f3\u0142y. W efekcie powsta\u0142o wspania\u0142e widowisko, kt\u00f3re dostarczy\u0142o niezapomnianych wra\u017ce\u0144 muzycznych i wizualnych, [&hellip;]<\/p>\n","protected":false},"author":2,"featured_media":1461,"comment_status":"closed","ping_status":"open","sticky":false,"template":"","format":"standard","meta":{"footnotes":""},"categories":[1],"tags":[],"class_list":["post-1460","post","type-post","status-publish","format-standard","has-post-thumbnail","hentry","category-uncategorized"],"_links":{"self":[{"href":"https:\/\/fleschmazowsza.com.pl\/index.php?rest_route=\/wp\/v2\/posts\/1460","targetHints":{"allow":["GET"]}}],"collection":[{"href":"https:\/\/fleschmazowsza.com.pl\/index.php?rest_route=\/wp\/v2\/posts"}],"about":[{"href":"https:\/\/fleschmazowsza.com.pl\/index.php?rest_route=\/wp\/v2\/types\/post"}],"author":[{"embeddable":true,"href":"https:\/\/fleschmazowsza.com.pl\/index.php?rest_route=\/wp\/v2\/users\/2"}],"replies":[{"embeddable":true,"href":"https:\/\/fleschmazowsza.com.pl\/index.php?rest_route=%2Fwp%2Fv2%2Fcomments&post=1460"}],"version-history":[{"count":1,"href":"https:\/\/fleschmazowsza.com.pl\/index.php?rest_route=\/wp\/v2\/posts\/1460\/revisions"}],"predecessor-version":[{"id":1462,"href":"https:\/\/fleschmazowsza.com.pl\/index.php?rest_route=\/wp\/v2\/posts\/1460\/revisions\/1462"}],"wp:featuredmedia":[{"embeddable":true,"href":"https:\/\/fleschmazowsza.com.pl\/index.php?rest_route=\/wp\/v2\/media\/1461"}],"wp:attachment":[{"href":"https:\/\/fleschmazowsza.com.pl\/index.php?rest_route=%2Fwp%2Fv2%2Fmedia&parent=1460"}],"wp:term":[{"taxonomy":"category","embeddable":true,"href":"https:\/\/fleschmazowsza.com.pl\/index.php?rest_route=%2Fwp%2Fv2%2Fcategories&post=1460"},{"taxonomy":"post_tag","embeddable":true,"href":"https:\/\/fleschmazowsza.com.pl\/index.php?rest_route=%2Fwp%2Fv2%2Ftags&post=1460"}],"curies":[{"name":"wp","href":"https:\/\/api.w.org\/{rel}","templated":true}]}}