{"id":1439,"date":"2017-06-20T14:31:39","date_gmt":"2017-06-20T13:31:39","guid":{"rendered":"http:\/\/fleschmazowsza.com.pl\/?p=1439"},"modified":"2017-06-20T14:31:39","modified_gmt":"2017-06-20T13:31:39","slug":"zespol-mazowsza-ze-wsparciem-ministra-kultury","status":"publish","type":"post","link":"https:\/\/fleschmazowsza.com.pl\/?p=1439","title":{"rendered":"Zesp\u00f3\u0142 Mazowsza ze wsparciem Ministra Kultury"},"content":{"rendered":"<p><strong>Pa\u0144stwowy Zesp\u00f3\u0142 Ludowy Pie\u015bni i Ta\u0144ca \u201eMazowsze\u201d im. Tadeusza Sygiety\u0144skiego w Karolinie od tego roku b\u0119dzie wsp\u00f3\u0142prowadzony przez Samorz\u0105d Wojew\u00f3dztwa Mazowieckiego oraz Ministerstwo Kultury i Dziedzictwa Narodowego. Umow\u0119 w tej sprawie podpisali minister kultury Piotr Gli\u0144ski i wicemarsza\u0142ek Wies\u0142aw Raboszuk.<\/strong><\/p>\n<p>Zgodnie z umow\u0105, podpisan\u0105 w obecno\u015bci dyrektora zespo\u0142u Jacka Bonieckiego, MKiDN zobowi\u0105zuje si\u0119 corocznie przekazywa\u0107 3,2 mln z\u0142 w formie dotacji podmiotowej przeznaczonej na prowadzenie bie\u017c\u0105cej dzia\u0142alno\u015bci, a samorz\u0105d Mazowsza utrzymuje dotacj\u0119 podmiotow\u0105 dla zespo\u0142u w wysoko\u015bci nie mniejszej ni\u017c ok. 16,1 mln z\u0142.<\/p>\n<p>Umowa wchodzi w \u017cycie z dniem podpisania i b\u0119dzie obowi\u0105zywa\u0107 do ko\u0144ca 2019 r. \u201eMazowsze\u201d pozostanie w rejestrze instytucji kultury prowadzonych przez Samorz\u0105d Wojew\u00f3dztwa Mazowieckiego.<\/p>\n<p>\u2013 Zesp\u00f3\u0142 Pie\u015bni i Ta\u0144ca \u201eMazowsze\u201d to niew\u0105tpliwie kulturowa wizyt\u00f3wka nie tylko naszego regionu, ale ca\u0142ego kraju. 68 lat istnienia, ponad 7 tysi\u0119cy wyst\u0119p\u00f3w w kraju i poza jego granicami, 20 milion\u00f3w widz\u00f3w to wszystko \u015bwiadczy o jego ogromnym potencjale i wyj\u0105tkowo\u015bci \u2013 podkre\u015bli\u0142 wicemarsza\u0142ek Wies\u0142aw Raboszuk.<\/p>\n<p>Pa\u0144stwowy Zesp\u00f3\u0142 Ludowy Pie\u015bni i Ta\u0144ca \u201eMazowsze\u201d im. Tadeusza Sygiety\u0144skiego w Karolinie to jedna z 28 instytucji kultury podleg\u0142ych samorz\u0105dowi Mazowsza. Obecnie dyrektorem naczelnym zespo\u0142u jest Jacek Boniecki. Zesp\u00f3\u0142 zosta\u0142 powo\u0142any 2 stycznia 1949 r. zarz\u0105dzeniem Ministra Kultury Stefana Dybowskiego. Przez 50 lat jego organizatorem by\u0142o Ministerstwo Kultury i Sztuki, p\u00f3\u017aniej Ministerstwo Kultury i Dziedzictwa Narodowego, a od 1999 r. t\u0119 rol\u0119 przej\u0105\u0142 Samorz\u0105d Wojew\u00f3dztwa Mazowieckiego.<\/p>\n<p>Koncerty zespo\u0142u to zawsze wielkie widowisko artystyczne, \u0142\u0105cz\u0105ce w sobie taniec, \u015bpiew i muzyk\u0119. Jego koncerty stanowi\u0105 bowiem sp\u00f3jn\u0105 prezentacj\u0119 kultury narodowej oraz ludowej z r\u00f3\u017cnych region\u00f3w naszego kraju. To wszystko sprawia, \u017ce tw\u00f3rczo\u015b\u0107 zespo\u0142u rozpoznawalna jest nie tylko w kraju, ale i zagranic\u0105.<\/p>\n<p>Od 2009 r. siedzib\u0105 zespo\u0142u jest centrum folklorystyczne \u201eMatecznik Mazowsze\u201d w Otr\u0119busach. Jego budowa trwa\u0142a 4 lata i poch\u0142on\u0119\u0142a blisko 57 mln z\u0142. Projekt by\u0142 realizowany dzi\u0119ki \u015brodkom unijnym. Dofinansowanie wynios\u0142o ok. 30 mln z\u0142. Pozosta\u0142e blisko 27 mln z\u0142 pochodzi\u0142o z bud\u017cetu wojew\u00f3dztwa mazowieckiego. Obiekt powsta\u0142 wed\u0142ug projektu Lecha i Waldemara Hinc\u00f3w (projektant\u00f3w m.in. gmachu Biblioteki Narodowej w Warszawie, Filharmonii i Teatru Muzycznego w Lublinie, ratusza dzielnicy Warszawa-Bemowo). G\u0142\u00f3wnym elementem obiektu jest nowoczesna sala widowiskowo-edukacyjna, na widowni kt\u00f3rej pomie\u015bci\u0107 si\u0119 mo\u017ce jednorazowo 563 widz\u00f3w.<\/p>\n<p style=\"text-align: right;\"><strong>Marta Milewska<\/strong><\/p>\n<p style=\"text-align: right;\">Rzeczniczka Prasowa<\/p>\n<p style=\"text-align: right;\">Urz\u0105d Marsza\u0142kowski Wojew\u00f3dztwa Mazowieckiego w Warszawie<\/p>\n","protected":false},"excerpt":{"rendered":"<p>Pa\u0144stwowy Zesp\u00f3\u0142 Ludowy Pie\u015bni i Ta\u0144ca \u201eMazowsze\u201d im. Tadeusza Sygiety\u0144skiego w Karolinie od tego roku b\u0119dzie wsp\u00f3\u0142prowadzony przez Samorz\u0105d Wojew\u00f3dztwa Mazowieckiego oraz Ministerstwo Kultury i Dziedzictwa Narodowego. Umow\u0119 w tej sprawie podpisali minister kultury Piotr Gli\u0144ski i wicemarsza\u0142ek Wies\u0142aw Raboszuk. Zgodnie z umow\u0105, podpisan\u0105 w obecno\u015bci dyrektora zespo\u0142u Jacka Bonieckiego, MKiDN zobowi\u0105zuje si\u0119 corocznie przekazywa\u0107 [&hellip;]<\/p>\n","protected":false},"author":2,"featured_media":1440,"comment_status":"closed","ping_status":"open","sticky":false,"template":"","format":"standard","meta":{"footnotes":""},"categories":[6,5],"tags":[],"class_list":["post-1439","post","type-post","status-publish","format-standard","has-post-thumbnail","hentry","category-kultura","category-wiadomosci"],"_links":{"self":[{"href":"https:\/\/fleschmazowsza.com.pl\/index.php?rest_route=\/wp\/v2\/posts\/1439","targetHints":{"allow":["GET"]}}],"collection":[{"href":"https:\/\/fleschmazowsza.com.pl\/index.php?rest_route=\/wp\/v2\/posts"}],"about":[{"href":"https:\/\/fleschmazowsza.com.pl\/index.php?rest_route=\/wp\/v2\/types\/post"}],"author":[{"embeddable":true,"href":"https:\/\/fleschmazowsza.com.pl\/index.php?rest_route=\/wp\/v2\/users\/2"}],"replies":[{"embeddable":true,"href":"https:\/\/fleschmazowsza.com.pl\/index.php?rest_route=%2Fwp%2Fv2%2Fcomments&post=1439"}],"version-history":[{"count":1,"href":"https:\/\/fleschmazowsza.com.pl\/index.php?rest_route=\/wp\/v2\/posts\/1439\/revisions"}],"predecessor-version":[{"id":1441,"href":"https:\/\/fleschmazowsza.com.pl\/index.php?rest_route=\/wp\/v2\/posts\/1439\/revisions\/1441"}],"wp:featuredmedia":[{"embeddable":true,"href":"https:\/\/fleschmazowsza.com.pl\/index.php?rest_route=\/wp\/v2\/media\/1440"}],"wp:attachment":[{"href":"https:\/\/fleschmazowsza.com.pl\/index.php?rest_route=%2Fwp%2Fv2%2Fmedia&parent=1439"}],"wp:term":[{"taxonomy":"category","embeddable":true,"href":"https:\/\/fleschmazowsza.com.pl\/index.php?rest_route=%2Fwp%2Fv2%2Fcategories&post=1439"},{"taxonomy":"post_tag","embeddable":true,"href":"https:\/\/fleschmazowsza.com.pl\/index.php?rest_route=%2Fwp%2Fv2%2Ftags&post=1439"}],"curies":[{"name":"wp","href":"https:\/\/api.w.org\/{rel}","templated":true}]}}