{"id":1437,"date":"2017-06-20T14:25:57","date_gmt":"2017-06-20T13:25:57","guid":{"rendered":"http:\/\/fleschmazowsza.com.pl\/?p=1437"},"modified":"2017-06-20T14:25:57","modified_gmt":"2017-06-20T13:25:57","slug":"kino-na-wodzie","status":"publish","type":"post","link":"https:\/\/fleschmazowsza.com.pl\/?p=1437","title":{"rendered":"Kino na wodzie"},"content":{"rendered":"<p><strong>Pierwszy seans filmowy na Stawach Walczewskiego odb\u0119dzie si\u0119 22 lipca!<\/strong><\/p>\n<p>Grodziska gmina wychodzi naprzeciw oczekiwaniom mieszka\u0144c\u00f3w, kt\u00f3rzy wi\u0119kszo\u015b\u0107 wakacji b\u0119d\u0105 sp\u0119dzali w tym roku w mie\u015bcie. Mieszka\u0144cy b\u0119d\u0105 mogli obejrze\u0107 kinowe hity w plenerze na Stawach Walczewskiego.<\/p>\n<p>W tym roku niezwykle kusz\u0105co zapowiada si\u0119 oferta grodziskiego lata w mie\u015bcie. Bowiem gmina organizuje dla swoich mieszka\u0144c\u00f3w kino na le\u017cakach na Stawach Walczewskiego. B\u0119dzie mo\u017cna wi\u0119c po\u0142\u0105czy\u0107 przyjemne z po\u017cytecznym.<\/p>\n<p>Mi\u0142o\u015bnicy du\u017cego ekranu odetchn\u0105 \u015bwie\u017cym powietrzem, wypoczywaj\u0105c na le\u017cakach i ogl\u0105daj\u0105c seanse. Nie zabraknie te\u017c ch\u0142odnych napoj\u00f3w.<\/p>\n<p>Pierwszy film zatytu\u0142owany \u201eThe Rolling Stones Ol\u0117 Ol\u0117 Ol\u0117 !\u201d zostanie wy\u015bwietlony 22 lipca, za\u015b kolejny pod tytu\u0142em \u201eRozumiemy si\u0119 bez s\u0142\u00f3w\u201d b\u0119dzie wyemitowany 13 sierpnia.<\/p>\n<p>Ponadto organizatorzy przewiedzieli te\u017c niespodziank\u0119 koncertow\u0105. Filmy b\u0119d\u0105 emitowane w godzinach wieczornych.<\/p>\n<p style=\"text-align: right;\"><strong>Daria G\u0142owacka<\/strong><\/p>\n","protected":false},"excerpt":{"rendered":"<p>Pierwszy seans filmowy na Stawach Walczewskiego odb\u0119dzie si\u0119 22 lipca! Grodziska gmina wychodzi naprzeciw oczekiwaniom mieszka\u0144c\u00f3w, kt\u00f3rzy wi\u0119kszo\u015b\u0107 wakacji b\u0119d\u0105 sp\u0119dzali w tym roku w mie\u015bcie. Mieszka\u0144cy b\u0119d\u0105 mogli obejrze\u0107 kinowe hity w plenerze na Stawach Walczewskiego. W tym roku niezwykle kusz\u0105co zapowiada si\u0119 oferta grodziskiego lata w mie\u015bcie. Bowiem gmina organizuje dla swoich mieszka\u0144c\u00f3w [&hellip;]<\/p>\n","protected":false},"author":2,"featured_media":581,"comment_status":"closed","ping_status":"open","sticky":false,"template":"","format":"standard","meta":{"footnotes":""},"categories":[8,5],"tags":[],"class_list":["post-1437","post","type-post","status-publish","format-standard","has-post-thumbnail","hentry","category-roznosci","category-wiadomosci"],"_links":{"self":[{"href":"https:\/\/fleschmazowsza.com.pl\/index.php?rest_route=\/wp\/v2\/posts\/1437","targetHints":{"allow":["GET"]}}],"collection":[{"href":"https:\/\/fleschmazowsza.com.pl\/index.php?rest_route=\/wp\/v2\/posts"}],"about":[{"href":"https:\/\/fleschmazowsza.com.pl\/index.php?rest_route=\/wp\/v2\/types\/post"}],"author":[{"embeddable":true,"href":"https:\/\/fleschmazowsza.com.pl\/index.php?rest_route=\/wp\/v2\/users\/2"}],"replies":[{"embeddable":true,"href":"https:\/\/fleschmazowsza.com.pl\/index.php?rest_route=%2Fwp%2Fv2%2Fcomments&post=1437"}],"version-history":[{"count":1,"href":"https:\/\/fleschmazowsza.com.pl\/index.php?rest_route=\/wp\/v2\/posts\/1437\/revisions"}],"predecessor-version":[{"id":1438,"href":"https:\/\/fleschmazowsza.com.pl\/index.php?rest_route=\/wp\/v2\/posts\/1437\/revisions\/1438"}],"wp:featuredmedia":[{"embeddable":true,"href":"https:\/\/fleschmazowsza.com.pl\/index.php?rest_route=\/wp\/v2\/media\/581"}],"wp:attachment":[{"href":"https:\/\/fleschmazowsza.com.pl\/index.php?rest_route=%2Fwp%2Fv2%2Fmedia&parent=1437"}],"wp:term":[{"taxonomy":"category","embeddable":true,"href":"https:\/\/fleschmazowsza.com.pl\/index.php?rest_route=%2Fwp%2Fv2%2Fcategories&post=1437"},{"taxonomy":"post_tag","embeddable":true,"href":"https:\/\/fleschmazowsza.com.pl\/index.php?rest_route=%2Fwp%2Fv2%2Ftags&post=1437"}],"curies":[{"name":"wp","href":"https:\/\/api.w.org\/{rel}","templated":true}]}}